{"id":21251,"date":"2025-04-02T12:07:42","date_gmt":"2025-04-02T16:07:42","guid":{"rendered":"https:\/\/noticiasveraces.com\/?p=21251"},"modified":"2025-04-02T12:07:42","modified_gmt":"2025-04-02T16:07:42","slug":"el-conservador-canadiense-dice-que-ottawa-deberia-eliminar-todas-las-tarifas","status":"publish","type":"post","link":"https:\/\/noticiasveraces.com\/?p=21251","title":{"rendered":"El conservador canadiense dice que Ottawa deber\u00eda eliminar todas las tarifas"},"content":{"rendered":"<p> \n<\/p>\n<div>\n<p class=\"speakable\">OTTAWA-Mientras los canadienses se preparan para el \u00abD\u00eda de Liberaci\u00f3n\u00bb del presidente Donald Trump de aranceles rec\u00edprocos el mi\u00e9rcoles, un l\u00edder pol\u00edtico en Canad\u00e1 cree que podr\u00eda provocar el comienzo de una nueva era de las relaciones de Canad\u00e1-Estados Unidos sin impuestos transfronterizos.<\/p>\n<p class=\"speakable\">Maxime Bernier, quien se desempe\u00f1\u00f3 como ministro de Asuntos Exteriores en el gobierno conservador del ex primer ministro Stephen Harper y ahora dirige el Partido Popular de la derecha de Canad\u00e1 (PPC), dijo a Fox News Digital en una entrevista de Halifax que es \u00ababsolutamente\u00bb el momento para que Canad\u00e1 elimine todos los aranceles contra los Estados Unidos contra los Estados Unidos.<\/p>\n<p>Dijo que los deberes del 25% del gobierno canadiense, bajo el entonces primer ministro liberal Justin Trudeau, impuso a los Estados Unidos a principios de febrero para contrarrestar las aranceles del 25% de Trump contra Canad\u00e1 \u00abno perjudicar\u00e1 a los estadounidenses, est\u00e1 perjudicando a los canadienses\u00bb.<\/p>\n<p>El nuevo primer ministro canadiense, Mark Carney, dijo en una declaraci\u00f3n despu\u00e9s de su llamada del 28 de marzo con el presidente, el primer contacto entre ambos l\u00edderes desde que Carney fue elegido l\u00edder liberal por su partido casi tres semanas antes, que Canad\u00e1 implementar\u00eda aranceles de represalia en respuesta a las \u00abacciones comerciales\u00bb de los Estados Unidos del mi\u00e9rcoles.<\/p>\n<p><strong>La und\u00e9cima semana de Trump en el cargo se centrar\u00e1 en los aranceles como el presidente del presidente \u00abD\u00eda de liberaci\u00f3n\u00bb<\/strong><\/p>\n<div class=\"image-ct inline\">\n<div class=\"m\"><picture><source media=\"(max-width: 767px)\" srcset=\"https:\/\/a57.foxnews.com\/static.foxnews.com\/foxnews.com\/content\/uploads\/2025\/03\/343\/192\/trump-carney.jpg?ve=1&amp;tl=1, https:\/\/a57.foxnews.com\/static.foxnews.com\/foxnews.com\/content\/uploads\/2025\/03\/686\/384\/trump-carney.jpg?ve=1&amp;tl=1 2x\" height=\"192\" width=\"343\"><source media=\"(min-width: 768px) and (max-width: 1023px)\" srcset=\"https:\/\/a57.foxnews.com\/static.foxnews.com\/foxnews.com\/content\/uploads\/2025\/03\/672\/378\/trump-carney.jpg?ve=1&amp;tl=1, https:\/\/a57.foxnews.com\/static.foxnews.com\/foxnews.com\/content\/uploads\/2025\/03\/1344\/756\/trump-carney.jpg?ve=1&amp;tl=1 2x\" height=\"378\" width=\"672\"><source media=\"(min-width: 1024px) and (max-width: 1279px)\" srcset=\"https:\/\/a57.foxnews.com\/static.foxnews.com\/foxnews.com\/content\/uploads\/2025\/03\/931\/523\/trump-carney.jpg?ve=1&amp;tl=1, https:\/\/a57.foxnews.com\/static.foxnews.com\/foxnews.com\/content\/uploads\/2025\/03\/1862\/1046\/trump-carney.jpg?ve=1&amp;tl=1 2x\" height=\"523\" width=\"931\"><source media=\"(min-width: 1280px)\" srcset=\"https:\/\/a57.foxnews.com\/static.foxnews.com\/foxnews.com\/content\/uploads\/2025\/03\/720\/405\/trump-carney.jpg?ve=1&amp;tl=1, https:\/\/a57.foxnews.com\/static.foxnews.com\/foxnews.com\/content\/uploads\/2025\/03\/1440\/810\/trump-carney.jpg?ve=1&amp;tl=1 2x\" height=\"405\" width=\"720\"><img loading=\"lazy\" decoding=\"async\" src=\"https:\/\/a57.foxnews.com\/static.foxnews.com\/foxnews.com\/content\/uploads\/2025\/03\/1200\/675\/trump-carney.jpg?ve=1&amp;tl=1\" alt=\"Presidente Trump y Mark Carney\" width=\"1200\" height=\"675\"\/><\/source><\/source><\/source><\/source><\/picture><\/div>\n<div class=\"info\">\n<div class=\"caption\">\n<p><span>El presidente Donald Trump, a la izquierda, y el primer ministro canadiense Mark Carney.<\/span> <span>(Getty Images)<\/span><\/p>\n<\/div>\n<\/div>\n<\/div>\n<p>El l\u00edder de PPC dijo que a Trump se le deber\u00eda decir que \u00abla verdadera respuesta rec\u00edproca\u00bb a los aranceles es \u00abcero de nuestro lado, cero de tu lado\u00bb.<\/p>\n<p>Bernier dijo que, en cambio, Carney y su principal rival, el l\u00edder conservador del Partido Pierre Poilievre, est\u00e1n siendo \u00abpatriotas falsos usando una guerra comercial de d\u00f3lar por d\u00f3lar contra Trump\u00bb y diciendo a los canadienses: \u00abEso es lo mejor que hacer\u00bb.<\/p>\n<p>\u00abNo podemos imponer en contra de los contra-tarifas\u00bb, dijo Bernier, quien tambi\u00e9n se desempe\u00f1\u00f3 como ministro de la industria en el gobierno de Harper. <\/p>\n<p>\u00abLos estadounidenses son 10 veces m\u00e1s grandes que nosotros. No ganaremos una guerra comercial\u00bb, dijo, subrayando que las represalias conducir\u00e1n a una recesi\u00f3n en Canad\u00e1.<\/p>\n<p>El ex pol\u00edtico conservador canadiense Tony Clement, que sirvi\u00f3 junto a Bernier en el gabinete de Harper, le dijo a Fox News Digital que \u00abdesde un punto de vista econ\u00f3mico,\u00bb eliminar los aranceles canadienses \u00abtiene mucho sentido\u00bb y \u00abpuede llegar a eso en alg\u00fan momento, pero el p\u00fablico no est\u00e1 all\u00ed en este momento\u00bb.<\/p>\n<p>\u00abDesde un punto de vista de las heridas emocionales de los canadienses creados por Trump y su charla de anexi\u00f3n y tarifas, no estoy seguro de que una voz pol\u00edtica sobrevivir\u00eda si avanzara en esa ruta de pol\u00edtica p\u00fablica\u00bb, dijo Clement, ex ministro de la industria canadiense en el gobierno de Harper.<\/p>\n<div class=\"image-ct inline\">\n<div class=\"m\"><picture><source media=\"(max-width: 767px)\" srcset=\"https:\/\/a57.foxnews.com\/static.foxnews.com\/foxnews.com\/content\/uploads\/2025\/04\/343\/192\/maxime-bernier-scaled.jpg?ve=1&amp;tl=1, https:\/\/a57.foxnews.com\/static.foxnews.com\/foxnews.com\/content\/uploads\/2025\/04\/686\/384\/maxime-bernier-scaled.jpg?ve=1&amp;tl=1 2x\" height=\"192\" width=\"343\"><source media=\"(min-width: 768px) and (max-width: 1023px)\" srcset=\"https:\/\/a57.foxnews.com\/static.foxnews.com\/foxnews.com\/content\/uploads\/2025\/04\/672\/378\/maxime-bernier-scaled.jpg?ve=1&amp;tl=1, https:\/\/a57.foxnews.com\/static.foxnews.com\/foxnews.com\/content\/uploads\/2025\/04\/1344\/756\/maxime-bernier-scaled.jpg?ve=1&amp;tl=1 2x\" height=\"378\" width=\"672\"><source media=\"(min-width: 1024px) and (max-width: 1279px)\" srcset=\"https:\/\/a57.foxnews.com\/static.foxnews.com\/foxnews.com\/content\/uploads\/2025\/04\/931\/523\/maxime-bernier-scaled.jpg?ve=1&amp;tl=1, https:\/\/a57.foxnews.com\/static.foxnews.com\/foxnews.com\/content\/uploads\/2025\/04\/1862\/1046\/maxime-bernier-scaled.jpg?ve=1&amp;tl=1 2x\" height=\"523\" width=\"931\"><source media=\"(min-width: 1280px)\" srcset=\"https:\/\/a57.foxnews.com\/static.foxnews.com\/foxnews.com\/content\/uploads\/2025\/04\/720\/405\/maxime-bernier-scaled.jpg?ve=1&amp;tl=1, https:\/\/a57.foxnews.com\/static.foxnews.com\/foxnews.com\/content\/uploads\/2025\/04\/1440\/810\/maxime-bernier-scaled.jpg?ve=1&amp;tl=1 2x\" height=\"405\" width=\"720\"><img loading=\"lazy\" decoding=\"async\" src=\"https:\/\/a57.foxnews.com\/static.foxnews.com\/foxnews.com\/content\/uploads\/2025\/04\/1200\/675\/maxime-bernier-scaled.jpg?ve=1&amp;tl=1\" alt=\"Maxime Bernier\" width=\"1200\" height=\"675\"\/><\/source><\/source><\/source><\/source><\/picture><\/div>\n<div class=\"info\">\n<div class=\"caption\">\n<p><span>Maxime Bernier, l\u00edder del Partido Popular de Canad\u00e1, se re\u00fane con sus partidarios en una manifestaci\u00f3n electoral en Borden Park el s\u00e1bado 11 de septiembre de 2021 en Edmonton, Alberta, Canad\u00e1.<\/span> <span>(Artur Widak\/Nurphoto a trav\u00e9s de Getty Images)<\/span><\/p>\n<\/div>\n<\/div>\n<\/div>\n<p>\u00abEl estado de \u00e1nimo de la gente es indignaci\u00f3n. Nunca he visto a personas en Canad\u00e1 esto enojo incandescentemente con los Estados Unidos\u00bb, dijo, que est\u00e1 haciendo campa\u00f1a en el \u00e1rea de Toronto para el Partido Conservador de Poilievre antes de las elecciones generales del 28 de abril. \u00abHay una desconfianza completa de lo que sea que Trump diga porque puede cambiar dentro de las 24 horas\u00bb.<\/p>\n<p>Dijo que tanto Poilievre como Carney han destacado la importancia de eliminar \u00abel espectro de los aranceles durante un largo per\u00edodo de tiempo, si puede confiar en Trump para que sea un negociador de buena fe\u00bb.<\/p>\n<p>Eliminar los aranceles canadienses, sin un quid pro quo de Trump, podr\u00eda \u00abmostrar debilidad a un mat\u00f3n\u00bb, agreg\u00f3 Clement, quien, antes de ingresar a la pol\u00edtica federal en 2006, se desempe\u00f1\u00f3 como ministro del gabinete en el ex primer ministro de Ontario, Mike Harris, el gobierno conservador progresivo.  <\/p>\n<p><strong>Mark Carney gana la nominaci\u00f3n del Partido Liberal para reemplazar a Trudeau como el pr\u00f3ximo PM de Canad\u00e1<\/strong><\/p>\n<div class=\"image-ct inline\">\n<div class=\"m\"><picture><source media=\"(max-width: 767px)\" srcset=\"https:\/\/a57.foxnews.com\/static.foxnews.com\/foxnews.com\/content\/uploads\/2025\/04\/343\/192\/canada.png?ve=1&amp;tl=1, https:\/\/a57.foxnews.com\/static.foxnews.com\/foxnews.com\/content\/uploads\/2025\/04\/686\/384\/canada.png?ve=1&amp;tl=1 2x\" height=\"192\" width=\"343\"><source media=\"(min-width: 768px) and (max-width: 1023px)\" srcset=\"https:\/\/a57.foxnews.com\/static.foxnews.com\/foxnews.com\/content\/uploads\/2025\/04\/672\/378\/canada.png?ve=1&amp;tl=1, https:\/\/a57.foxnews.com\/static.foxnews.com\/foxnews.com\/content\/uploads\/2025\/04\/1344\/756\/canada.png?ve=1&amp;tl=1 2x\" height=\"378\" width=\"672\"><source media=\"(min-width: 1024px) and (max-width: 1279px)\" srcset=\"https:\/\/a57.foxnews.com\/static.foxnews.com\/foxnews.com\/content\/uploads\/2025\/04\/931\/523\/canada.png?ve=1&amp;tl=1, https:\/\/a57.foxnews.com\/static.foxnews.com\/foxnews.com\/content\/uploads\/2025\/04\/1862\/1046\/canada.png?ve=1&amp;tl=1 2x\" height=\"523\" width=\"931\"><source media=\"(min-width: 1280px)\" srcset=\"https:\/\/a57.foxnews.com\/static.foxnews.com\/foxnews.com\/content\/uploads\/2025\/04\/720\/405\/canada.png?ve=1&amp;tl=1, https:\/\/a57.foxnews.com\/static.foxnews.com\/foxnews.com\/content\/uploads\/2025\/04\/1440\/810\/canada.png?ve=1&amp;tl=1 2x\" height=\"405\" width=\"720\"><img loading=\"lazy\" decoding=\"async\" src=\"https:\/\/a57.foxnews.com\/static.foxnews.com\/foxnews.com\/content\/uploads\/2025\/04\/1200\/675\/canada.png?ve=1&amp;tl=1\" alt=\"Canad\u00e1 protesta a Trump\" width=\"1200\" height=\"675\"\/><\/source><\/source><\/source><\/source><\/picture><\/div>\n<div class=\"info\">\n<div class=\"caption\">\n<p><span>Los canadienses tienen una protesta de \u00abcodos\u00bb contra los aranceles estadounidenses y otras pol\u00edticas del presidente de los Estados Unidos, Donald Trump, en Nathan Phillips Square en Toronto el 22 de marzo de 2025.<\/span> <span>(REUTERS\/Carlos Osorio)<\/span><\/p>\n<\/div>\n<\/div>\n<\/div>\n<p>En la declaraci\u00f3n publicada despu\u00e9s de su reciente conversaci\u00f3n con Trump, Carney dijo que ambos l\u00edderes \u00abacordaron comenzar negociaciones integrales sobre una nueva relaci\u00f3n econ\u00f3mica y de seguridad inmediatamente despu\u00e9s de las elecciones\u00bb. <\/p>\n<p>Conservative strategist Yaroslav Baran, who served as communications chief for Harper&#8217;s successful Conservative 2004 leadership campaign, and director of war room communications for the Harper-led Tories during the 2004, 2006 and 2008 federal election campaigns, told Fox News Digital that under the United States-Mexico-Canada Agreement (USMCA), \u00abtrade in goods and services ought to be tariff-free\u00bb between Canada and the US, excluding carveouts on the Lado canadiense para l\u00e1cteos, huevos, aves de corral y madera blanda. <\/p>\n<p>Sin embargo, Baran agreg\u00f3 que \u00abno puede ver la eliminaci\u00f3n de todos los aranceles canadienses en los productos estadounidenses siempre que Estados Unidos tenga aranceles sobre los productos canadienses\u00bb.<\/p>\n<div class=\"image-ct inline\">\n<div class=\"m\"><picture><source media=\"(max-width: 767px)\" srcset=\"https:\/\/a57.foxnews.com\/static.foxnews.com\/foxnews.com\/content\/uploads\/2025\/03\/343\/192\/gettyimages-2203082321.jpg?ve=1&amp;tl=1, https:\/\/a57.foxnews.com\/static.foxnews.com\/foxnews.com\/content\/uploads\/2025\/03\/686\/384\/gettyimages-2203082321.jpg?ve=1&amp;tl=1 2x\" height=\"192\" width=\"343\"><source media=\"(min-width: 768px) and (max-width: 1023px)\" srcset=\"https:\/\/a57.foxnews.com\/static.foxnews.com\/foxnews.com\/content\/uploads\/2025\/03\/672\/378\/gettyimages-2203082321.jpg?ve=1&amp;tl=1, https:\/\/a57.foxnews.com\/static.foxnews.com\/foxnews.com\/content\/uploads\/2025\/03\/1344\/756\/gettyimages-2203082321.jpg?ve=1&amp;tl=1 2x\" height=\"378\" width=\"672\"><source media=\"(min-width: 1024px) and (max-width: 1279px)\" srcset=\"https:\/\/a57.foxnews.com\/static.foxnews.com\/foxnews.com\/content\/uploads\/2025\/03\/931\/523\/gettyimages-2203082321.jpg?ve=1&amp;tl=1, https:\/\/a57.foxnews.com\/static.foxnews.com\/foxnews.com\/content\/uploads\/2025\/03\/1862\/1046\/gettyimages-2203082321.jpg?ve=1&amp;tl=1 2x\" height=\"523\" width=\"931\"><source media=\"(min-width: 1280px)\" srcset=\"https:\/\/a57.foxnews.com\/static.foxnews.com\/foxnews.com\/content\/uploads\/2025\/03\/720\/405\/gettyimages-2203082321.jpg?ve=1&amp;tl=1, https:\/\/a57.foxnews.com\/static.foxnews.com\/foxnews.com\/content\/uploads\/2025\/03\/1440\/810\/gettyimages-2203082321.jpg?ve=1&amp;tl=1 2x\" height=\"405\" width=\"720\"><img loading=\"lazy\" decoding=\"async\" src=\"https:\/\/a57.foxnews.com\/static.foxnews.com\/foxnews.com\/content\/uploads\/2025\/03\/1200\/675\/gettyimages-2203082321.jpg?ve=1&amp;tl=1\" alt=\"Carriles de autom\u00f3vil fronterizos de Canad\u00e1 de US-Canad\u00e1 por Qu\u00e9bec\" width=\"1200\" height=\"675\"\/><\/source><\/source><\/source><\/source><\/picture><\/div>\n<div class=\"info\">\n<div class=\"caption\">\n<p><span>Veh\u00edculos en l\u00ednea para cruzar a los Estados Unidos en la frontera con Canad\u00e1-Estados Unidos en St-Bernard-de-Lacolle, Quebec, Canad\u00e1, el jueves 6 de marzo de 2025. El presidente Donald Trump eximi\u00f3 a los productos canadienses cubiertos por la USMCA de sus aranceles del 25%, ofreciendo reprendidas importantes a los dos socios comerciales m\u00e1s grandes de los Estados Unidos.<\/span> <span>(Graham Hughes\/Bloomberg a trav\u00e9s de Getty Images)<\/span><\/p>\n<\/div>\n<\/div>\n<\/div>\n<p>Bernier reconoci\u00f3 que, si bien los aranceles de Trump da\u00f1ar\u00e1n a los exportadores canadienses a los Estados Unidos, \u00abla soluci\u00f3n es tener una econom\u00eda m\u00e1s productiva con reformas reales de libre mercado\u00bb en Canad\u00e1 a trav\u00e9s de medidas tales como la reducci\u00f3n de los impuestos corporativos, promover el comercio interno y fomentar el crecimiento en la industria del petr\u00f3leo y los gases del pa\u00eds, todos los cuales se presentan en la plataforma de elecciones de la PPC que incluye el establecimiento de un departamento de un \u00abdepartamento de inactividad del pa\u00eds\u00bb. Programas motivados que promueven a Wakism, \u00abno muy diferente del Departamento de Eficiencia del Gobierno liderado por Elon Musk.<\/p>\n<p>El l\u00edder de PPC tambi\u00e9n dijo que Canad\u00e1 deber\u00eda estar dispuesto a \u00abponer todo sobre la mesa\u00bb bajo la USMCA \u00aben este momento\u00bb y antes de que el acuerdo comercial trilateral est\u00e9 programado para una revisi\u00f3n conjunta el pr\u00f3ximo a\u00f1o.<\/p>\n<p><strong>Haga clic aqu\u00ed para obtener la aplicaci\u00f3n Fox News<\/strong><\/p>\n<p>Seg\u00fan Bernier, eso deber\u00eda incluir la finalizaci\u00f3n del \u00abcartel\u00bb de la gesti\u00f3n de la oferta que establece cuotas y precios, y protege los sectores de l\u00e1cteos, aves de corral y huevos de Canad\u00e1 de la competencia extranjera, que describi\u00f3 como \u00abun sistema comunista\u00bb que encuentra a los canadienses que pagan dos veces el precio de los productos agr\u00edcolas que los estadounidenses en los Estados Unidos, y que tambi\u00e9n imponen los aranceles, que van desde el 150% a el 300%, el precio de los Estados Unidos que los productos de los Estados Unidos est\u00e1n m\u00e1s all\u00e1 de los Limits de los Limits de los Limits de los Limits de los Limits de los Limits de los Limitados, los mismos, los mismos, los mismos de los Estados Unidos. pero a\u00fan por ser contactado bajo la USMCA. <\/p>\n<p>Durante la renegociaci\u00f3n del Tratado de Libre Comercio de Am\u00e9rica del Norte en 2018 que condujo a la USMCA, la primera administraci\u00f3n de Trump busc\u00f3 eliminar el sistema de gesti\u00f3n de suministros de Canad\u00e1.<\/p>\n<p> <!----> <\/p>\n<div class=\"article-meta\">\n<div class=\"author-bio\">\n<p>Christopher Guly es un periodista con sede en Ottawa y miembro de la galer\u00eda de prensa parlamentaria canadiense. Ha informado desde Canad\u00e1 para varios medios de comunicaci\u00f3n en los Estados Unidos y el Reino Unido que puede ser seguido en X @christopherguly<\/p>\n<\/div>\n<\/div>\n<\/div>\n\n","protected":false},"excerpt":{"rendered":"<p>OTTAWA-Mientras los canadienses se preparan para el \u00abD\u00eda de Liberaci\u00f3n\u00bb del presidente Donald Trump de aranceles rec\u00edprocos el mi\u00e9rcoles, un l\u00edder pol\u00edtico en Canad\u00e1 cree que podr\u00eda provocar el comienzo de una nueva era de las relaciones de Canad\u00e1-Estados Unidos sin impuestos transfronterizos. Maxime Bernier, quien se desempe\u00f1\u00f3 como ministro de Asuntos Exteriores en el &hellip;<\/p>\n","protected":false},"author":1,"featured_media":21253,"comment_status":"open","ping_status":"open","sticky":false,"template":"","format":"standard","meta":{"fifu_image_url":"https:\/\/static.foxnews.com\/foxnews.com\/content\/uploads\/2022\/02\/canada4.png","fifu_image_alt":"","footnotes":""},"categories":[13],"tags":[],"class_list":["post-21251","post","type-post","status-publish","format-standard","has-post-thumbnail","","category-mundo"],"_links":{"self":[{"href":"https:\/\/noticiasveraces.com\/index.php?rest_route=\/wp\/v2\/posts\/21251","targetHints":{"allow":["GET"]}}],"collection":[{"href":"https:\/\/noticiasveraces.com\/index.php?rest_route=\/wp\/v2\/posts"}],"about":[{"href":"https:\/\/noticiasveraces.com\/index.php?rest_route=\/wp\/v2\/types\/post"}],"author":[{"embeddable":true,"href":"https:\/\/noticiasveraces.com\/index.php?rest_route=\/wp\/v2\/users\/1"}],"replies":[{"embeddable":true,"href":"https:\/\/noticiasveraces.com\/index.php?rest_route=%2Fwp%2Fv2%2Fcomments&post=21251"}],"version-history":[{"count":0,"href":"https:\/\/noticiasveraces.com\/index.php?rest_route=\/wp\/v2\/posts\/21251\/revisions"}],"wp:featuredmedia":[{"embeddable":true,"href":"https:\/\/noticiasveraces.com\/index.php?rest_route=\/wp\/v2\/media\/21253"}],"wp:attachment":[{"href":"https:\/\/noticiasveraces.com\/index.php?rest_route=%2Fwp%2Fv2%2Fmedia&parent=21251"}],"wp:term":[{"taxonomy":"category","embeddable":true,"href":"https:\/\/noticiasveraces.com\/index.php?rest_route=%2Fwp%2Fv2%2Fcategories&post=21251"},{"taxonomy":"post_tag","embeddable":true,"href":"https:\/\/noticiasveraces.com\/index.php?rest_route=%2Fwp%2Fv2%2Ftags&post=21251"}],"curies":[{"name":"wp","href":"https:\/\/api.w.org\/{rel}","templated":true}]}}