{"id":21244,"date":"2025-04-02T10:06:20","date_gmt":"2025-04-02T14:06:20","guid":{"rendered":"https:\/\/noticiasveraces.com\/?p=21244"},"modified":"2025-04-02T10:06:20","modified_gmt":"2025-04-02T14:06:20","slug":"acusan-de-lesa-humanidad-a-expresidente-rumano-ion-iliescu-dw-02-04-2025","status":"publish","type":"post","link":"https:\/\/noticiasveraces.com\/?p=21244","title":{"rendered":"Acusan de lesa humanidad a expresidente rumano Ion Iliescu \u2013 DW \u2013 02\/04\/2025"},"content":{"rendered":"<p> \n<\/p>\n<div>\n<p>Aparte del expresidente Ion Iliescu, que tiene 95 a\u00f1os, y del ex primer ministro Petre Roman, est\u00e1n acusados de los mismos delitos el entonces jefe de los servicios de inteligencia, Virgil M\u0103gureanu, y el dirigente del sindicato de mineros, Miron Cozma.<\/p>\n<p>La Fiscal\u00eda les acusa ahora de la dura represi\u00f3n en la que murieron cuatro personas, dos fueron violadas, m\u00e1s de 1.300 resultaron heridas y otras 1.200 fueron arrestadas.<\/p>\n<h2>Demoli\u00f3 la dictadura<\/h2>\n<p>El 13 de junio de 1990, menos de medio a\u00f1o despu\u00e9s de que los rumanos derrocaran al dictador comunista Nicolae Ceausescu, miles de mineros llegaron a Bucarest convocados por las autoridades para sofocar el movimiento opositor al Gobierno de Iliescu, en unos sucesos que se conocen como la &#8216;mineriada&#8217; (minerada).<\/p>\n<p>Las protestas hab\u00edan comenzado el 22 de abril de 1990 con concentraciones en la c\u00e9ntrica Plaza de la Universidad de Bucarest contra Iliescu, que hab\u00eda sido parte del Gobierno durante la dictadura, por romper su promesa de no presentarse a las elecciones y de estar en el poder s\u00f3lo durante un periodo de transici\u00f3n.<\/p>\n<h2>Represi\u00f3n contra la exigencia de ruptura con el r\u00e9gimen comunista<\/h2>\n<p>Iliescu y su Frente de Salvaci\u00f3n Nacional hab\u00edan ganado con rotundidad en mayo unas elecciones sobre cuya legitimidad hay a\u00fan dudas. Los manifestantes exig\u00edan la ruptura con el r\u00e9gimen comunista y que salieran del poder quienes hab\u00edan tenido responsabilidades durante la dictadura.<\/p>\n<p>La Fiscal\u00eda considera que los acusados \u00ablanzaron un ataque contra los manifestantes\u00bb y trataron de \u00abenmascarar la acci\u00f3n represiva\u00bb.<\/p>\n<p>Iliescu ya hab\u00eda sido acusado junto a Roman y M\u0103gureanu en el caso &#8216;mineriada&#8217;, pero el proceso fue suspendido por la justicia en el a\u00f1o 2020 y el Tribunal Superior de Casaci\u00f3n decidi\u00f3 devolver el expediente a la Fiscal\u00eda Militar para reiniciar la investigaci\u00f3n desde cero.<\/p>\n<p>RML (Efe, @Agentianewsro, @euronewsro)<\/p>\n<\/div>\n\n","protected":false},"excerpt":{"rendered":"<p>Aparte del expresidente Ion Iliescu, que tiene 95 a\u00f1os, y del ex primer ministro Petre Roman, est\u00e1n acusados de los mismos delitos el entonces jefe de los servicios de inteligencia, Virgil M\u0103gureanu, y el dirigente del sindicato de mineros, Miron Cozma. La Fiscal\u00eda les acusa ahora de la dura represi\u00f3n en la que murieron cuatro &hellip;<\/p>\n","protected":false},"author":1,"featured_media":21245,"comment_status":"open","ping_status":"open","sticky":false,"template":"","format":"standard","meta":{"fifu_image_url":"https:\/\/static.dw.com\/image\/61878488_6.jpg","fifu_image_alt":"","footnotes":""},"categories":[13],"tags":[],"class_list":["post-21244","post","type-post","status-publish","format-standard","has-post-thumbnail","","category-mundo"],"_links":{"self":[{"href":"https:\/\/noticiasveraces.com\/index.php?rest_route=\/wp\/v2\/posts\/21244","targetHints":{"allow":["GET"]}}],"collection":[{"href":"https:\/\/noticiasveraces.com\/index.php?rest_route=\/wp\/v2\/posts"}],"about":[{"href":"https:\/\/noticiasveraces.com\/index.php?rest_route=\/wp\/v2\/types\/post"}],"author":[{"embeddable":true,"href":"https:\/\/noticiasveraces.com\/index.php?rest_route=\/wp\/v2\/users\/1"}],"replies":[{"embeddable":true,"href":"https:\/\/noticiasveraces.com\/index.php?rest_route=%2Fwp%2Fv2%2Fcomments&post=21244"}],"version-history":[{"count":0,"href":"https:\/\/noticiasveraces.com\/index.php?rest_route=\/wp\/v2\/posts\/21244\/revisions"}],"wp:featuredmedia":[{"embeddable":true,"href":"https:\/\/noticiasveraces.com\/index.php?rest_route=\/wp\/v2\/media\/21245"}],"wp:attachment":[{"href":"https:\/\/noticiasveraces.com\/index.php?rest_route=%2Fwp%2Fv2%2Fmedia&parent=21244"}],"wp:term":[{"taxonomy":"category","embeddable":true,"href":"https:\/\/noticiasveraces.com\/index.php?rest_route=%2Fwp%2Fv2%2Fcategories&post=21244"},{"taxonomy":"post_tag","embeddable":true,"href":"https:\/\/noticiasveraces.com\/index.php?rest_route=%2Fwp%2Fv2%2Ftags&post=21244"}],"curies":[{"name":"wp","href":"https:\/\/api.w.org\/{rel}","templated":true}]}}