{"id":21242,"date":"2025-04-02T09:04:38","date_gmt":"2025-04-02T13:04:38","guid":{"rendered":"https:\/\/noticiasveraces.com\/?p=21242"},"modified":"2025-04-02T09:04:38","modified_gmt":"2025-04-02T13:04:38","slug":"menos-delitos-pero-mas-crimenes-violentos-en-2024-dw-02-04-2025","status":"publish","type":"post","link":"https:\/\/noticiasveraces.com\/?p=21242","title":{"rendered":"menos delitos, pero m\u00e1s cr\u00edmenes violentos en 2024 \u2013 DW \u2013 02\/04\/2025"},"content":{"rendered":"<p> \n<\/p>\n<div>\n<p>Alemania registr\u00f3 un total de 5,84 millones de delitos en 2024, un 1,7 % menos que en 2023, aunque los cr\u00edmenes violentos crecieron un 1,5 % hasta los 217.277 casos, seg\u00fan datos del Ministerio alem\u00e1n del Interior presentados este mi\u00e9rcoles 2 de abril.<\/p>\n<p>\u00abCada d\u00eda, la polic\u00eda registra unos 600 delitos violentos en Alemania\u00bb, dijo la ministra del Interior en funciones, la socialdem\u00f3crata Nancy Faeser, en la presentaci\u00f3n del informe sobre las estad\u00edsticas policiales en Alemania de 2024<svg xmlns=\"http:\/\/www.w3.org\/2000\/svg\" width=\"20\" height=\"20\" viewbox=\"0 0 20 20\"><path d=\"M11.5 3.5 11.5 4.233C14.342 4.233 15.167 4.245 15.167 4.258L8.984 10.467 10.033 11.516C14.826 6.725 16.228 5.333 16.242 5.333L16.267 9 17.733 9 17.733 2.767 11.5 2.767 11.5 3.5M2.267 11 2.267 17.233 16.733 17.233 16.733 12 15.267 12 15.25 15.75 9.5 15.75 3.75 15.75 3.75 6.25 9.5 6.233 9.5 4.767 2.267 4.767 2.267 11 \"\/><\/svg>.<\/p>\n<p>Tanto Faeser como Holger M\u00fcnch, presidente de la Oficina Federal de Polic\u00eda Criminal, aludieron en la presentaci\u00f3n de las estad\u00edsticas a que la reducci\u00f3n general de los delitos registrados en 2024 tiene que ver con la parcial legalizaci\u00f3n del cannabis implementada por el Ejecutivo del ahora canciller en funciones Olaf Scholz.<\/p>\n<h2>\u00abTolerancia cero\u00bb a armas blancas<\/h2>\n<p>El informe recoge, entre otras cosas, que, entre los cr\u00edmenes violentos, 15.741 fueron ataques con armas blancas, un 7,2 % del total de delitos con violencia.<\/p>\n<p>Faeser, que habl\u00f3 de la \u00abtolerancia cero\u00bb de las autoridades ante los delitos cometidos con ese tipo de armas, lo que justifica medidas de prohibici\u00f3n de cuchillos en actos y transportes p\u00fablicos y fiestas populares implementadas en 2024, tambi\u00e9n hizo hincapi\u00e9 en el igualmente considerable aumento de los delitos sexuales, que aumentaron un 9,3 % respecto a 2023.<\/p>\n<h2>Aumentan delitos sexuales<\/h2>\n<p>En comparaci\u00f3n con el a\u00f1o 2020 anterior al coronavirus, los delitos violentos aumentaron incluso un 20 %, principalmente debido a violaciones, agresiones sexuales y agresiones sexuales. Las v\u00edctimas fueron casi exclusivamente mujeres.<\/p>\n<p>\u00abEl aumento de las violaciones, agresiones y abusos sexuales es tambi\u00e9n especialmente preocupante. Necesitamos un sistema de protecci\u00f3n y apoyo m\u00e1s fuerte para las mujeres\u00bb, se\u00f1al\u00f3 Faeser, que habl\u00f3 de que el pa\u00eds requiere medidas como \u00abtobilleras electr\u00f3nicas para los agresores\u00bb.<\/p>\n<p>Seg\u00fan la evaluaci\u00f3n de los autores, el aumento registrado tambi\u00e9n podr\u00eda deberse a una mayor concienciaci\u00f3n y disposici\u00f3n de los afectados para denunciar el asunto.<\/p>\n<p><span data-slot-id=\"Article_InContent-1\" class=\"rich-text-ad\"\/><\/p>\n<h2>Proteger a las mujeres, \u00abtarea central\u00bb<\/h2>\n<p>\u00abProteger a las mujeres de la violencia debe ser tambi\u00e9n una tarea central del pr\u00f3ximo Gobierno federal\u00bb, dijo la ministra, en alusi\u00f3n a la formaci\u00f3n del nuevo Ejecutivo, algo que ocupa actualmente al Partido Socialdem\u00f3crata de Alemania (SPD) y a las conservadoras Uni\u00f3n Cristianodem\u00f3crata (CDU) y su hermanada b\u00e1vara Uni\u00f3n Socialcristiana (CSU).<\/p>\n<p>En las negociaciones entre socialdem\u00f3cratas del SPD y conservadores de la\u00a0CDU y CSU para formar el pr\u00f3ximo Gobierno de Alemania, los conservadores\u00a0abogan por llevar a cabo una \u00abofensiva\u00bb en materia de seguridad.<\/p>\n<h2>M\u00e1s\u00a0ni\u00f1os y j\u00f3venes como presuntos delincuentes violentos<\/h2>\n<p>Seg\u00fan los datos, tambi\u00e9n el n\u00famero de ni\u00f1os sospechosos de delitos violentos aument\u00f3 un 11,3 % y el de los j\u00f3venes un 3,8 %. Aqu\u00ed, M\u00fcnch y Faeser se refirieron principalmente al estr\u00e9s psicol\u00f3gico causado por la pandemia del coronavirus, por ejemplo debido al cierre de escuelas. Faeser destac\u00f3 que\u00a0se necesita m\u00e1s prevenci\u00f3n y apoyo socioeducativo.<\/p>\n<h2>M\u00e1s sospechosos sin nacionalidad alemana<\/h2>\n<p>Asimismo, hubo un aumento del 7,5 % en el n\u00famero de sospechosos de delitos violentos no alemanes en comparaci\u00f3n con el a\u00f1o anterior. El origen de los sospechosos debe discutirse abiertamente, afirm\u00f3 Faeser.<\/p>\n<p>La ministra\u00a0vincul\u00f3 el dato a la necesidad del pa\u00eds de endurecer las deportaciones de los extranjeros que han cometido cr\u00edmenes, que\u00a0aumentaron un 55 % respecto a hace dos a\u00f1os, con\u00a0las \u00faltimas reformas del Gobierno alem\u00e1n dirigido por Scholz.<\/p>\n<p>Las autoridades indicaron que la proporci\u00f3n de sospechosos extranjeros es claramente mayor que la proporci\u00f3n de poblaci\u00f3n extranjera en Alemania. Al mismo tiempo, se\u00f1alaron\u00a0que hay v\u00edctimas de todos los pa\u00edses de origen.<\/p>\n<h2>Factores de riesgo y disposici\u00f3n a denunciar<\/h2>\n<p>El jefe de la polic\u00eda criminal federal, M\u00fcnch, intent\u00f3 clarificar a\u00fan m\u00e1s las cifras:\u00a0 \u00abIndependientemente del origen, la mayor\u00eda de los delitos los cometen j\u00f3venes y, sobre todo, hombres j\u00f3venes\u00bb.<\/p>\n<p>Tambi\u00e9n ha aumentado la poblaci\u00f3n no alemana, por lo que es de esperar un aumento del n\u00famero de sospechosos no alemanes. Al mismo tiempo, la disposici\u00f3n a denunciar es mayor si se sospecha que el autor no es alem\u00e1n. Los factores de riesgo para convertirse en perpetradores tambi\u00e9n son mayores entre los inmigrantes: por ejemplo, malas condiciones de vida, estr\u00e9s psicol\u00f3gico y experiencias personales de violencia.<\/p>\n<p>RML (EFE, KNA)<\/p>\n<\/div>\n\n","protected":false},"excerpt":{"rendered":"<p>Alemania registr\u00f3 un total de 5,84 millones de delitos en 2024, un 1,7 % menos que en 2023, aunque los cr\u00edmenes violentos crecieron un 1,5 % hasta los 217.277 casos, seg\u00fan datos del Ministerio alem\u00e1n del Interior presentados este mi\u00e9rcoles 2 de abril. \u00abCada d\u00eda, la polic\u00eda registra unos 600 delitos violentos en Alemania\u00bb, dijo &hellip;<\/p>\n","protected":false},"author":1,"featured_media":21243,"comment_status":"open","ping_status":"open","sticky":false,"template":"","format":"standard","meta":{"fifu_image_url":"https:\/\/static.dw.com\/image\/71822684_6.jpg","fifu_image_alt":"","footnotes":""},"categories":[13],"tags":[],"class_list":["post-21242","post","type-post","status-publish","format-standard","has-post-thumbnail","","category-mundo"],"_links":{"self":[{"href":"https:\/\/noticiasveraces.com\/index.php?rest_route=\/wp\/v2\/posts\/21242","targetHints":{"allow":["GET"]}}],"collection":[{"href":"https:\/\/noticiasveraces.com\/index.php?rest_route=\/wp\/v2\/posts"}],"about":[{"href":"https:\/\/noticiasveraces.com\/index.php?rest_route=\/wp\/v2\/types\/post"}],"author":[{"embeddable":true,"href":"https:\/\/noticiasveraces.com\/index.php?rest_route=\/wp\/v2\/users\/1"}],"replies":[{"embeddable":true,"href":"https:\/\/noticiasveraces.com\/index.php?rest_route=%2Fwp%2Fv2%2Fcomments&post=21242"}],"version-history":[{"count":0,"href":"https:\/\/noticiasveraces.com\/index.php?rest_route=\/wp\/v2\/posts\/21242\/revisions"}],"wp:featuredmedia":[{"embeddable":true,"href":"https:\/\/noticiasveraces.com\/index.php?rest_route=\/wp\/v2\/media\/21243"}],"wp:attachment":[{"href":"https:\/\/noticiasveraces.com\/index.php?rest_route=%2Fwp%2Fv2%2Fmedia&parent=21242"}],"wp:term":[{"taxonomy":"category","embeddable":true,"href":"https:\/\/noticiasveraces.com\/index.php?rest_route=%2Fwp%2Fv2%2Fcategories&post=21242"},{"taxonomy":"post_tag","embeddable":true,"href":"https:\/\/noticiasveraces.com\/index.php?rest_route=%2Fwp%2Fv2%2Ftags&post=21242"}],"curies":[{"name":"wp","href":"https:\/\/api.w.org\/{rel}","templated":true}]}}