{"id":21237,"date":"2025-04-02T07:40:19","date_gmt":"2025-04-02T11:40:19","guid":{"rendered":"https:\/\/noticiasveraces.com\/?p=21237"},"modified":"2025-04-02T07:40:19","modified_gmt":"2025-04-02T11:40:19","slug":"primer-golazo-de-la-libertadores-boliviano-puede-aspirar-al-puskas","status":"publish","type":"post","link":"https:\/\/noticiasveraces.com\/?p=21237","title":{"rendered":"Primer golazo de la Libertadores: \u00bfboliviano puede aspirar al Pusk\u00e1s?"},"content":{"rendered":"<p> \n<br \/><img decoding=\"async\" src=\"https:\/\/www.futbolred.com\/files\/article_graphic\/uploads\/2025\/04\/01\/67ec840a31df2.jpeg\" \/><\/p>\n<header>\n<h3>\n<p>                Copa Libertadores<br \/>\n            <\/h3>\n<h1>\n<p>            Primer golazo de la Libertadores: \u00bfboliviano puede aspirar al Pusk\u00e1s?<br \/>\n        <\/h1>\n<address>\n            <a>Juan Pablo Ar\u00e9valo<br \/>\n        <\/address>\n<p>            01 de abril 2025 , 07:37 p.\u00a0m.<\/p>\n<\/header>\n<p>Ramiro Vaca, del Bol\u00edvar, convirti\u00f3 una espectacular anotaci\u00f3n en la derrota contra Cerro Porte\u00f1o.<\/p>\n<p>Arranc\u00f3 la fase de grupos de la Copa Libertadores y ya el certamen da de qu\u00e9 hablar, pues se anot\u00f3 el primer gran gol. Incluso, hay quienes ya lo meten entre los candidatos al Premio Pusk\u00e1s. Lo cierto es que esta espectacular anotaci\u00f3n le da la vuelta al mundo.<\/p>\n<p>El boliviano Ramiro Vaca fue el autor de un golazo, en partido contra Cerro Porte\u00f1o en la fecha 1 del grupo G.<\/p>\n<p>A los 17 minutos, Vaca apareci\u00f3 en una jugada de muchos rebotes en el \u00e1rea del club paraguayo, y decidi\u00f3 hacer una acrobacia para definir: espectacular chalaca para vencer al portero Roberto Fern\u00e1ndez.<\/p>\n<p>M\u00e1s all\u00e1 de empezar ganando, y del golazo de Vaca, Bol\u00edvar perdi\u00f3 4-2 contra Cerro Porte\u00f1o. Y Ramiro Vaca firm\u00f3 doblete, pues marc\u00f3 los dos tantos del equipo boliviano.<\/p>\n\n","protected":false},"excerpt":{"rendered":"<p>Copa Libertadores Primer golazo de la Libertadores: \u00bfboliviano puede aspirar al Pusk\u00e1s? Juan Pablo Ar\u00e9valo 01 de abril 2025 , 07:37 p.\u00a0m. Ramiro Vaca, del Bol\u00edvar, convirti\u00f3 una espectacular anotaci\u00f3n en la derrota contra Cerro Porte\u00f1o. Arranc\u00f3 la fase de grupos de la Copa Libertadores y ya el certamen da de qu\u00e9 hablar, pues se &hellip;<\/p>\n","protected":false},"author":1,"featured_media":21239,"comment_status":"open","ping_status":"open","sticky":false,"template":"","format":"standard","meta":{"fifu_image_url":"https:\/\/www.futbolred.com\/files\/og_thumbnail\/uploads\/2025\/04\/01\/67ec840a31df2.jpeg","fifu_image_alt":"","footnotes":""},"categories":[6],"tags":[],"class_list":["post-21237","post","type-post","status-publish","format-standard","has-post-thumbnail","","category-deportes"],"_links":{"self":[{"href":"https:\/\/noticiasveraces.com\/index.php?rest_route=\/wp\/v2\/posts\/21237","targetHints":{"allow":["GET"]}}],"collection":[{"href":"https:\/\/noticiasveraces.com\/index.php?rest_route=\/wp\/v2\/posts"}],"about":[{"href":"https:\/\/noticiasveraces.com\/index.php?rest_route=\/wp\/v2\/types\/post"}],"author":[{"embeddable":true,"href":"https:\/\/noticiasveraces.com\/index.php?rest_route=\/wp\/v2\/users\/1"}],"replies":[{"embeddable":true,"href":"https:\/\/noticiasveraces.com\/index.php?rest_route=%2Fwp%2Fv2%2Fcomments&post=21237"}],"version-history":[{"count":0,"href":"https:\/\/noticiasveraces.com\/index.php?rest_route=\/wp\/v2\/posts\/21237\/revisions"}],"wp:featuredmedia":[{"embeddable":true,"href":"https:\/\/noticiasveraces.com\/index.php?rest_route=\/wp\/v2\/media\/21239"}],"wp:attachment":[{"href":"https:\/\/noticiasveraces.com\/index.php?rest_route=%2Fwp%2Fv2%2Fmedia&parent=21237"}],"wp:term":[{"taxonomy":"category","embeddable":true,"href":"https:\/\/noticiasveraces.com\/index.php?rest_route=%2Fwp%2Fv2%2Fcategories&post=21237"},{"taxonomy":"post_tag","embeddable":true,"href":"https:\/\/noticiasveraces.com\/index.php?rest_route=%2Fwp%2Fv2%2Ftags&post=21237"}],"curies":[{"name":"wp","href":"https:\/\/api.w.org\/{rel}","templated":true}]}}