{"id":21228,"date":"2025-04-02T07:03:02","date_gmt":"2025-04-02T11:03:02","guid":{"rendered":"https:\/\/noticiasveraces.com\/?p=21228"},"modified":"2025-04-02T07:03:02","modified_gmt":"2025-04-02T11:03:02","slug":"canada-se-prepara-para-la-pelea-de-tarifas-del-dia-de-liberacion-de-trump","status":"publish","type":"post","link":"https:\/\/noticiasveraces.com\/?p=21228","title":{"rendered":"Canad\u00e1 se prepara para la pelea de tarifas del &#8216;D\u00eda de Liberaci\u00f3n&#8217; de Trump"},"content":{"rendered":"<p> \n<\/p>\n<div>\n<p class=\"speakable\">Canad\u00e1 se est\u00e1 preparando para las consecuencias de la creciente guerra comercial del presidente Donald Trump, y los economistas advierten sobre aumentar los precios de los supermercados, las grandes p\u00e9rdidas de empleos e incluso una recesi\u00f3n potencial si los aranceles estadounidenses amenazados entran en vigencia.<\/p>\n<p class=\"speakable\">Estados Unidos es el socio comercial m\u00e1s grande de Canad\u00e1, que representa casi dos tercios de las importaciones canadienses y recibe m\u00e1s del 70% de sus exportaciones. Pero bajo las nuevas tarifas de \u00abD\u00eda de Liberaci\u00f3n\u00bb de Trump, 25% sobre bienes canadienses y 10% en energ\u00eda, Ottawa ahora enfrenta un golpe econ\u00f3mico que podr\u00eda extenderse por las provincias clave, las industrias y su campa\u00f1a electoral nacional.<\/p>\n<p>Trump ha criticado repetidamente lo que \u00e9l llama pr\u00e1cticas comerciales \u00abinjustas\u00bb, citando el desequilibrio comercial de Canad\u00e1 con Estados Unidos para justificar las tarifas radicales.<\/p>\n<p>\u00abEste es el comienzo del D\u00eda de la Liberaci\u00f3n en Estados Unidos\u00bb, dijo Trump la semana pasada. \u00abVamos a cobrar a los pa\u00edses por hacer negocios en nuestro pa\u00eds y tomar nuestro trabajo, tomar nuestra riqueza, tomar muchas cosas que han estado tomando a lo largo de los a\u00f1os. Han sacado mucho de nuestro pa\u00eds, amigo y enemigo. Y, francamente, el amigo ha sido a menudo mucho peor que enemigo\u00bb.<\/p>\n<p><strong>La und\u00e9cima semana de Trump en el cargo se centrar\u00e1 en los aranceles como el presidente del presidente \u00abD\u00eda de liberaci\u00f3n\u00bb<\/strong><\/p>\n<div class=\"image-ct inline\">\n<div class=\"m\"><picture><source media=\"(max-width: 767px)\" srcset=\"https:\/\/a57.foxnews.com\/static.foxnews.com\/foxnews.com\/content\/uploads\/2025\/04\/343\/192\/canada.png?ve=1&amp;tl=1, https:\/\/a57.foxnews.com\/static.foxnews.com\/foxnews.com\/content\/uploads\/2025\/04\/686\/384\/canada.png?ve=1&amp;tl=1 2x\" height=\"192\" width=\"343\"><source media=\"(min-width: 768px) and (max-width: 1023px)\" srcset=\"https:\/\/a57.foxnews.com\/static.foxnews.com\/foxnews.com\/content\/uploads\/2025\/04\/672\/378\/canada.png?ve=1&amp;tl=1, https:\/\/a57.foxnews.com\/static.foxnews.com\/foxnews.com\/content\/uploads\/2025\/04\/1344\/756\/canada.png?ve=1&amp;tl=1 2x\" height=\"378\" width=\"672\"><source media=\"(min-width: 1024px) and (max-width: 1279px)\" srcset=\"https:\/\/a57.foxnews.com\/static.foxnews.com\/foxnews.com\/content\/uploads\/2025\/04\/931\/523\/canada.png?ve=1&amp;tl=1, https:\/\/a57.foxnews.com\/static.foxnews.com\/foxnews.com\/content\/uploads\/2025\/04\/1862\/1046\/canada.png?ve=1&amp;tl=1 2x\" height=\"523\" width=\"931\"><source media=\"(min-width: 1280px)\" srcset=\"https:\/\/a57.foxnews.com\/static.foxnews.com\/foxnews.com\/content\/uploads\/2025\/04\/720\/405\/canada.png?ve=1&amp;tl=1, https:\/\/a57.foxnews.com\/static.foxnews.com\/foxnews.com\/content\/uploads\/2025\/04\/1440\/810\/canada.png?ve=1&amp;tl=1 2x\" height=\"405\" width=\"720\"><img loading=\"lazy\" decoding=\"async\" src=\"https:\/\/a57.foxnews.com\/static.foxnews.com\/foxnews.com\/content\/uploads\/2025\/04\/1200\/675\/canada.png?ve=1&amp;tl=1\" alt=\"Canad\u00e1 protesta a Trump\" width=\"1200\" height=\"675\"\/><\/source><\/source><\/source><\/source><\/picture><\/div>\n<div class=\"info\">\n<div class=\"caption\">\n<p><span>Los canadienses protestan con los aranceles estadounidenses y otras pol\u00edticas del presidente Donald Trump en Toronto el 22 de marzo de 2025.<\/span> <span>(REUTERS\/Carlos Osorio)<\/span><\/p>\n<\/div>\n<\/div>\n<\/div>\n<p>El aumento de los aranceles podr\u00eda significar que los estadounidenses ver\u00e1n etiquetas de precios m\u00e1s altas en todo lo que va desde fertilizantes y petr\u00f3leo, veh\u00edculos y maquinaria, hasta productos de pl\u00e1stico y madera, que, en teor\u00eda, disuadir\u00edan a los consumidores de comprar esos productos y dar como resultado una p\u00e9rdida para la econom\u00eda de Canad\u00e1. <\/p>\n<p>Del mismo modo, Canad\u00e1 a mediados de marzo implement\u00f3 aranceles rec\u00edprocos en productos estadounidenses por valor de $ 30 mil millones, lo que significa que los canadienses no solo sentir\u00e1n p\u00e9rdidas a escala macro, sino tambi\u00e9n en un sentido inmediato, ya que los precios en la tienda de comestibles se han disparado en cosas como los greens hojas, c\u00edtricos, jugo de naranja, carne de res y pescado.<\/p>\n<p>Ottawa a\u00fan no ha anunciado ning\u00fan arancel sobre los veh\u00edculos importados de EE. UU. Debido a las preocupaciones reportadas sobre c\u00f3mo podr\u00eda obstaculizar a\u00fan m\u00e1s la econom\u00eda de Canad\u00e1. Aunque hay unos $ 95 mil millones en productos estadounidenses en los que, seg\u00fan los informes, est\u00e1 considerando poner aranceles, dependiendo de los anuncios del 2 de abril de Trump, seg\u00fan Canadian Outlet Financial Post.<\/p>\n<p>\u00abEst\u00e1n en medio de una campa\u00f1a electoral general\u00bb, dijo a Fox News Digital Andrew Hale, analista de pol\u00edticas senior en la Pol\u00edtica Comercial de la Fundaci\u00f3n Heritage. \u00abCreo que es muy dif\u00edcil para ellos negociar y poner estas medidas durante una campa\u00f1a electoral.<\/p>\n<p>\u00abTodo lo que hacen y dicen ahora tiene peso electoral\u00bb, agreg\u00f3, y se\u00f1al\u00f3 que los pol\u00edticos canadienses necesitar\u00e1n lograr un equilibrio cuidadoso: lo suficientemente dif\u00edcil como para atraer a los votantes, pero midieron lo suficiente como para dejar espacio para futuras negociaciones sobre tarifas.<\/p>\n<p>\u00abSi tuvieran aranceles rec\u00edprocos, da\u00f1ar\u00eda el nivel de vida canadiense y tendr\u00edan un impacto, ya que todo esto ya est\u00e1 teniendo un impacto, en Canad\u00e1\u00bb, dijo Hale, se\u00f1alando que los aranceles autom\u00e1ticos no solo afectan las ventas de autom\u00f3viles directos, sino todas las empresas que conf\u00edan en los veh\u00edculos, creando un efecto de goteo.<\/p>\n<p><strong>Los canadienses afirman que nos est\u00e1n cancelando viajes por el resto del t\u00e9rmino de Trump<\/strong><\/p>\n<div class=\"image-ct inline\">\n<div class=\"m\"><picture><source media=\"(max-width: 767px)\" srcset=\"https:\/\/a57.foxnews.com\/static.foxnews.com\/foxnews.com\/content\/uploads\/2025\/03\/343\/192\/gettyimages-2206580171.jpg?ve=1&amp;tl=1, https:\/\/a57.foxnews.com\/static.foxnews.com\/foxnews.com\/content\/uploads\/2025\/03\/686\/384\/gettyimages-2206580171.jpg?ve=1&amp;tl=1 2x\" height=\"192\" width=\"343\"><source media=\"(min-width: 768px) and (max-width: 1023px)\" srcset=\"https:\/\/a57.foxnews.com\/static.foxnews.com\/foxnews.com\/content\/uploads\/2025\/03\/672\/378\/gettyimages-2206580171.jpg?ve=1&amp;tl=1, https:\/\/a57.foxnews.com\/static.foxnews.com\/foxnews.com\/content\/uploads\/2025\/03\/1344\/756\/gettyimages-2206580171.jpg?ve=1&amp;tl=1 2x\" height=\"378\" width=\"672\"><source media=\"(min-width: 1024px) and (max-width: 1279px)\" srcset=\"https:\/\/a57.foxnews.com\/static.foxnews.com\/foxnews.com\/content\/uploads\/2025\/03\/931\/523\/gettyimages-2206580171.jpg?ve=1&amp;tl=1, https:\/\/a57.foxnews.com\/static.foxnews.com\/foxnews.com\/content\/uploads\/2025\/03\/1862\/1046\/gettyimages-2206580171.jpg?ve=1&amp;tl=1 2x\" height=\"523\" width=\"931\"><source media=\"(min-width: 1280px)\" srcset=\"https:\/\/a57.foxnews.com\/static.foxnews.com\/foxnews.com\/content\/uploads\/2025\/03\/720\/405\/gettyimages-2206580171.jpg?ve=1&amp;tl=1, https:\/\/a57.foxnews.com\/static.foxnews.com\/foxnews.com\/content\/uploads\/2025\/03\/1440\/810\/gettyimages-2206580171.jpg?ve=1&amp;tl=1 2x\" height=\"405\" width=\"720\"><img loading=\"lazy\" decoding=\"async\" src=\"https:\/\/a57.foxnews.com\/static.foxnews.com\/foxnews.com\/content\/uploads\/2025\/03\/1200\/675\/gettyimages-2206580171.jpg?ve=1&amp;tl=1\" alt=\"Mark Carney\" width=\"1200\" height=\"675\"\/><\/source><\/source><\/source><\/source><\/picture><\/div>\n<div class=\"info\">\n<div class=\"caption\">\n<p><span>El l\u00edder del Partido Liberal Canadiense, Mark Carney, habla con los partidarios durante una manifestaci\u00f3n en Montreal el 27 de marzo de 2025.<\/span> <span>(Andrej Ivanov\/Getty Images)<\/span><\/p>\n<\/div>\n<\/div>\n<\/div>\n<p>Si bien Trump ha argumentado que sus aranceles protegen la fabricaci\u00f3n de los Estados Unidos, especialmente el sector automotriz, las consecuencias podr\u00edan ser mucho m\u00e1s severas para Canad\u00e1. El ministro de Inmigraci\u00f3n, Marc Miller, advirti\u00f3 que hasta 1 mill\u00f3n de empleos canadienses est\u00e1n en riesgo.<\/p>\n<p>\u00abLa mayor\u00eda de los canadienses viven a 100 millas de la frontera entre Estados Unidos y Canad\u00e1, por lo que obviamente se ver\u00e1n muy afectados\u00bb, dijo Hale. \u00abLa mayor\u00eda de los estadounidenses no\u00bb.<\/p>\n<p>Hale se\u00f1al\u00f3 que si bien los aranceles afectar\u00e1n a todos los Estados Unidos, las \u00e1reas m\u00e1s afectadas ser\u00e1n industrias estrechamente vinculadas a las importaciones canadienses, como la agricultura. Estados Unidos, por ejemplo, obtiene el 90% de su fertilizante de potasa de Canad\u00e1.<\/p>\n<p>\u00abEsto tendr\u00e1 un impacto desproporcionado en los estados fronterizos\u00bb, dijo Hale, pero agreg\u00f3 que la tensi\u00f3n econ\u00f3mica en regiones canadienses como Ontario ser\u00e1 mucho mayor.<\/p>\n<p>Los l\u00edderes canadienses ya han expresado su preocupaci\u00f3n de que hasta 160,000 empleos podr\u00edan perderse en Quebec, junto con otros 500,000 empleos en Ontario, dependiendo de cu\u00e1nto dure la disputa arancelaria.<\/p>\n<p>Tanto Quebec como Ontario son dos de las provincias que se espera que se encuentren entre los m\u00e1s afectados en Canad\u00e1, ya que dependen en gran medida de su acero y aluminio y los sectores de madera y forestales para las exportaciones.<\/p>\n<div class=\"image-ct inline\">\n<div class=\"m\"><picture><source media=\"(max-width: 767px)\" srcset=\"https:\/\/a57.foxnews.com\/static.foxnews.com\/foxnews.com\/content\/uploads\/2025\/04\/343\/192\/lumber.png?ve=1&amp;tl=1, https:\/\/a57.foxnews.com\/static.foxnews.com\/foxnews.com\/content\/uploads\/2025\/04\/686\/384\/lumber.png?ve=1&amp;tl=1 2x\" height=\"192\" width=\"343\"><source media=\"(min-width: 768px) and (max-width: 1023px)\" srcset=\"https:\/\/a57.foxnews.com\/static.foxnews.com\/foxnews.com\/content\/uploads\/2025\/04\/672\/378\/lumber.png?ve=1&amp;tl=1, https:\/\/a57.foxnews.com\/static.foxnews.com\/foxnews.com\/content\/uploads\/2025\/04\/1344\/756\/lumber.png?ve=1&amp;tl=1 2x\" height=\"378\" width=\"672\"><source media=\"(min-width: 1024px) and (max-width: 1279px)\" srcset=\"https:\/\/a57.foxnews.com\/static.foxnews.com\/foxnews.com\/content\/uploads\/2025\/04\/931\/523\/lumber.png?ve=1&amp;tl=1, https:\/\/a57.foxnews.com\/static.foxnews.com\/foxnews.com\/content\/uploads\/2025\/04\/1862\/1046\/lumber.png?ve=1&amp;tl=1 2x\" height=\"523\" width=\"931\"><source media=\"(min-width: 1280px)\" srcset=\"https:\/\/a57.foxnews.com\/static.foxnews.com\/foxnews.com\/content\/uploads\/2025\/04\/720\/405\/lumber.png?ve=1&amp;tl=1, https:\/\/a57.foxnews.com\/static.foxnews.com\/foxnews.com\/content\/uploads\/2025\/04\/1440\/810\/lumber.png?ve=1&amp;tl=1 2x\" height=\"405\" width=\"720\"><img loading=\"lazy\" decoding=\"async\" src=\"https:\/\/a57.foxnews.com\/static.foxnews.com\/foxnews.com\/content\/uploads\/2025\/04\/1200\/675\/lumber.png?ve=1&amp;tl=1\" alt=\"Madera de Canad\u00e1\" width=\"1200\" height=\"675\"\/><\/source><\/source><\/source><\/source><\/picture><\/div>\n<div class=\"info\">\n<div class=\"caption\">\n<p><span>Un trabajador carga los registros en un cami\u00f3n en el Western Forest Products Ladysmith Log clasificando en Ladysmith, Columbia Brit\u00e1nica, Canad\u00e1, el 18 de febrero de 2025. Canad\u00e1 es el mayor proveedor de madera extranjera de los Estados Unidos y ya ha estado lidiando con tareas m\u00e1s altas en sus env\u00edos que comenzaron el verano pasado.<\/span> <span>(James MacDonald\/Bloomberg a trav\u00e9s de Getty Images)<\/span><\/p>\n<\/div>\n<\/div>\n<\/div>\n<p>Canad\u00e1 podr\u00eda enfrentar una recesi\u00f3n este a\u00f1o si no puede controlar la ofensiva arancelaria de Trump, los economistas de Oxford advirtieron por primera vez en un informe en noviembre pasado.<\/p>\n<p>Las guerras tarifas previas entre los socios comerciales durante la primera administraci\u00f3n Trump dieron como resultado miles de millones de d\u00f3lares de p\u00e9rdidas para los estadounidenses y sus hom\u00f3logos extranjeros.<\/p>\n<p><strong>Trump posee \u00abuna llamada extremadamente productiva\u00bb con el primer ministro canadiense: \u00abEstamos de acuerdo en muchas cosas\u00bb<\/strong><\/p>\n<p>Pero Trump est\u00e1 depositando que los Estados Unidos sean menos afectados que las naciones como Canad\u00e1.<\/p>\n<p>El impacto total de la Guerra Tarifa con Canad\u00e1 sigue siendo incierto, ya que Washington tambi\u00e9n ha impuesto aranceles elevados a la Uni\u00f3n Europea, China y M\u00e9xico. Trump se ha comprometido a apuntar a los \u00abDirty 15\u00bb, que son pa\u00edses que acusa de contribuir m\u00e1s al d\u00e9ficit comercial de los Estados Unidos.<\/p>\n<p>Se espera que Camboya, India, Indonesia, Jap\u00f3n, Malasia, Sud\u00e1frica, Corea del Sur, Suiza, Taiw\u00e1n, Tailandia y Vietnam se encuentren entre los que se encuentran en el anuncio de tarifas del 2 de abril de Trump, que ha denominado \u00abD\u00eda de Liberaci\u00f3n\u00bb.<\/p>\n<p>Los detalles sobre los pr\u00f3ximos pasos de Trump en su guerra arancelaria con Canad\u00e1 y docenas de otras naciones siguen siendo desconocidas antes de la fecha l\u00edmite del 2 de abril, lo que ha creado una sensaci\u00f3n de incertidumbre, dijo Hale.<\/p>\n<p>\u00abLos informes de la Oficina de An\u00e1lisis Econ\u00f3mico de la semana pasada se\u00f1alaron una inflaci\u00f3n de PC de gasto personal continuo de consumo personal al alto al 2.8%. Por lo tanto, uno podr\u00eda argumentar, no est\u00e1 disminuyendo, y ciertamente los niveles de precios contin\u00faan aumentando\u00bb, dijo. \u00abEl gasto de los consumidores se ha ralentizado bruscamente tanto en Canad\u00e1 como en Estados Unidos\u00bb.<\/p>\n<div class=\"image-ct inline\">\n<div class=\"m\"><picture><source media=\"(max-width: 767px)\" srcset=\"https:\/\/a57.foxnews.com\/static.foxnews.com\/foxnews.com\/content\/uploads\/2025\/02\/343\/192\/gettyimages-2199420347-scaled.jpg?ve=1&amp;tl=1, https:\/\/a57.foxnews.com\/static.foxnews.com\/foxnews.com\/content\/uploads\/2025\/02\/686\/384\/gettyimages-2199420347-scaled.jpg?ve=1&amp;tl=1 2x\" height=\"192\" width=\"343\"><source media=\"(min-width: 768px) and (max-width: 1023px)\" srcset=\"https:\/\/a57.foxnews.com\/static.foxnews.com\/foxnews.com\/content\/uploads\/2025\/02\/672\/378\/gettyimages-2199420347-scaled.jpg?ve=1&amp;tl=1, https:\/\/a57.foxnews.com\/static.foxnews.com\/foxnews.com\/content\/uploads\/2025\/02\/1344\/756\/gettyimages-2199420347-scaled.jpg?ve=1&amp;tl=1 2x\" height=\"378\" width=\"672\"><source media=\"(min-width: 1024px) and (max-width: 1279px)\" srcset=\"https:\/\/a57.foxnews.com\/static.foxnews.com\/foxnews.com\/content\/uploads\/2025\/02\/931\/523\/gettyimages-2199420347-scaled.jpg?ve=1&amp;tl=1, https:\/\/a57.foxnews.com\/static.foxnews.com\/foxnews.com\/content\/uploads\/2025\/02\/1862\/1046\/gettyimages-2199420347-scaled.jpg?ve=1&amp;tl=1 2x\" height=\"523\" width=\"931\"><source media=\"(min-width: 1280px)\" srcset=\"https:\/\/a57.foxnews.com\/static.foxnews.com\/foxnews.com\/content\/uploads\/2025\/02\/720\/405\/gettyimages-2199420347-scaled.jpg?ve=1&amp;tl=1, https:\/\/a57.foxnews.com\/static.foxnews.com\/foxnews.com\/content\/uploads\/2025\/02\/1440\/810\/gettyimages-2199420347-scaled.jpg?ve=1&amp;tl=1 2x\" height=\"405\" width=\"720\"><img loading=\"lazy\" decoding=\"async\" src=\"https:\/\/a57.foxnews.com\/static.foxnews.com\/foxnews.com\/content\/uploads\/2025\/02\/1200\/675\/gettyimages-2199420347-scaled.jpg?ve=1&amp;tl=1\" alt=\"Presidente Trump\" width=\"1200\" height=\"675\"\/><\/source><\/source><\/source><\/source><\/picture><\/div>\n<div class=\"info\">\n<div class=\"caption\">\n<p><span>El presidente Donald Trump ofrece comentarios despu\u00e9s de firmar una orden ejecutiva sobre aranceles rec\u00edprocos en la Oficina Oval el 13 de febrero de 2025.<\/span> <span>(Andrew Harnik\/Getty Images)<\/span><\/p>\n<\/div>\n<\/div>\n<\/div>\n<p><strong>Haga clic aqu\u00ed para obtener la aplicaci\u00f3n Fox News<\/strong><\/p>\n<p>\u00abLas empresas quieren certeza. No pueden tomar decisiones de inversi\u00f3n futuras en este clima\u00bb, agreg\u00f3, se\u00f1alando que si bien una recesi\u00f3n podr\u00eda estar en el horizonte en Canad\u00e1, hay demasiadas variables para hacer una predicci\u00f3n en los Estados Unidos en este momento.<\/p>\n<p>\u00abLo que s\u00ed s\u00e9 es que las empresas y bancos, personas que est\u00e1n invirtiendo en proyectos, quieren poder planificar\u00bb, dijo Hale. \u00abCon suerte, tendremos una idea clara [on Tuesday] donde todo esto va a aterrizar, y luego podemos trabajar con \u00e9l \u00ab.<\/p>\n<p> <!----> <\/p>\n<div class=\"article-meta\">\n<div class=\"author-bio\">\n<p>Caitlin McFall es reportero de Fox News Digital Cubting Politics, US y World News.<\/p>\n<\/div>\n<\/div>\n<\/div>\n\n","protected":false},"excerpt":{"rendered":"<p>Canad\u00e1 se est\u00e1 preparando para las consecuencias de la creciente guerra comercial del presidente Donald Trump, y los economistas advierten sobre aumentar los precios de los supermercados, las grandes p\u00e9rdidas de empleos e incluso una recesi\u00f3n potencial si los aranceles estadounidenses amenazados entran en vigencia. Estados Unidos es el socio comercial m\u00e1s grande de Canad\u00e1, &hellip;<\/p>\n","protected":false},"author":1,"featured_media":21230,"comment_status":"open","ping_status":"open","sticky":false,"template":"","format":"standard","meta":{"fifu_image_url":"https:\/\/static.foxnews.com\/foxnews.com\/content\/uploads\/2025\/04\/trump-protesters-photo-1.jpg","fifu_image_alt":"","footnotes":""},"categories":[13],"tags":[],"class_list":["post-21228","post","type-post","status-publish","format-standard","has-post-thumbnail","","category-mundo"],"_links":{"self":[{"href":"https:\/\/noticiasveraces.com\/index.php?rest_route=\/wp\/v2\/posts\/21228","targetHints":{"allow":["GET"]}}],"collection":[{"href":"https:\/\/noticiasveraces.com\/index.php?rest_route=\/wp\/v2\/posts"}],"about":[{"href":"https:\/\/noticiasveraces.com\/index.php?rest_route=\/wp\/v2\/types\/post"}],"author":[{"embeddable":true,"href":"https:\/\/noticiasveraces.com\/index.php?rest_route=\/wp\/v2\/users\/1"}],"replies":[{"embeddable":true,"href":"https:\/\/noticiasveraces.com\/index.php?rest_route=%2Fwp%2Fv2%2Fcomments&post=21228"}],"version-history":[{"count":0,"href":"https:\/\/noticiasveraces.com\/index.php?rest_route=\/wp\/v2\/posts\/21228\/revisions"}],"wp:featuredmedia":[{"embeddable":true,"href":"https:\/\/noticiasveraces.com\/index.php?rest_route=\/wp\/v2\/media\/21230"}],"wp:attachment":[{"href":"https:\/\/noticiasveraces.com\/index.php?rest_route=%2Fwp%2Fv2%2Fmedia&parent=21228"}],"wp:term":[{"taxonomy":"category","embeddable":true,"href":"https:\/\/noticiasveraces.com\/index.php?rest_route=%2Fwp%2Fv2%2Fcategories&post=21228"},{"taxonomy":"post_tag","embeddable":true,"href":"https:\/\/noticiasveraces.com\/index.php?rest_route=%2Fwp%2Fv2%2Ftags&post=21228"}],"curies":[{"name":"wp","href":"https:\/\/api.w.org\/{rel}","templated":true}]}}