{"id":21208,"date":"2025-04-02T04:10:19","date_gmt":"2025-04-02T08:10:19","guid":{"rendered":"https:\/\/noticiasveraces.com\/?p=21208"},"modified":"2025-04-02T04:10:19","modified_gmt":"2025-04-02T08:10:19","slug":"el-nuevo-analisis-de-sangre-de-alzheimer-podria-usarse-para-organizar-la-demencia-descubre-el-estudio","status":"publish","type":"post","link":"https:\/\/noticiasveraces.com\/?p=21208","title":{"rendered":"El nuevo an\u00e1lisis de sangre de Alzheimer podr\u00eda usarse para organizar la demencia, descubre el estudio"},"content":{"rendered":"<p> \n<\/p>\n<div>\n<p class=\"speakable\">Se han demostrado que varios an\u00e1lisis de sangre diagnostican con precisi\u00f3n <u>Enfermedad de Alzheimer<\/u> &#8211; Seg\u00fan lo informado anteriormente por Fox News Digital, pero ahora ha surgido una nueva prueba que puede medir qu\u00e9 tan lejos ha progresado.<\/p>\n<p class=\"speakable\">El estudio, que fue publicado el lunes en Nature Medicine Journal, fue dirigido por investigadores de la Facultad de Medicina de la Universidad de Washington en St. Louis y la Universidad de Lund en Suecia.<\/p>\n<p>Determinar la etapa cl\u00ednica de la demencia puede ayudar a garantizar que el paciente reciba m\u00e1s <u>tratamiento beneficioso<\/u>seg\u00fan los investigadores.<\/p>\n<p><strong><u>La demencia relacionada con el Alzheimer podr\u00eda ser evitada por el medicamento experimental, dicen los investigadores.<\/u><\/strong><\/p>\n<p>La nueva prueba tambi\u00e9n podr\u00eda ayudar a confirmar si la condici\u00f3n de Alzheimer u otra est\u00e1 causando los s\u00edntomas de una persona.<\/p>\n<div class=\"image-ct inline\">\n<div class=\"m\"><picture><source media=\"(max-width: 767px)\" srcset=\"https:\/\/a57.foxnews.com\/static.foxnews.com\/foxnews.com\/content\/uploads\/2023\/06\/343\/192\/man-getting-blood-test.jpg?ve=1&amp;tl=1, https:\/\/a57.foxnews.com\/static.foxnews.com\/foxnews.com\/content\/uploads\/2023\/06\/686\/384\/man-getting-blood-test.jpg?ve=1&amp;tl=1 2x\" height=\"192\" width=\"343\"><source media=\"(min-width: 768px) and (max-width: 1023px)\" srcset=\"https:\/\/a57.foxnews.com\/static.foxnews.com\/foxnews.com\/content\/uploads\/2023\/06\/672\/378\/man-getting-blood-test.jpg?ve=1&amp;tl=1, https:\/\/a57.foxnews.com\/static.foxnews.com\/foxnews.com\/content\/uploads\/2023\/06\/1344\/756\/man-getting-blood-test.jpg?ve=1&amp;tl=1 2x\" height=\"378\" width=\"672\"><source media=\"(min-width: 1024px) and (max-width: 1279px)\" srcset=\"https:\/\/a57.foxnews.com\/static.foxnews.com\/foxnews.com\/content\/uploads\/2023\/06\/931\/523\/man-getting-blood-test.jpg?ve=1&amp;tl=1, https:\/\/a57.foxnews.com\/static.foxnews.com\/foxnews.com\/content\/uploads\/2023\/06\/1862\/1046\/man-getting-blood-test.jpg?ve=1&amp;tl=1 2x\" height=\"523\" width=\"931\"><source media=\"(min-width: 1280px)\" srcset=\"https:\/\/a57.foxnews.com\/static.foxnews.com\/foxnews.com\/content\/uploads\/2023\/06\/720\/405\/man-getting-blood-test.jpg?ve=1&amp;tl=1, https:\/\/a57.foxnews.com\/static.foxnews.com\/foxnews.com\/content\/uploads\/2023\/06\/1440\/810\/man-getting-blood-test.jpg?ve=1&amp;tl=1 2x\" height=\"405\" width=\"720\"><img loading=\"lazy\" decoding=\"async\" src=\"https:\/\/a57.foxnews.com\/static.foxnews.com\/foxnews.com\/content\/uploads\/2023\/06\/1200\/675\/man-getting-blood-test.jpg?ve=1&amp;tl=1\" alt=\"An\u00e1lisis de sangre\" width=\"1200\" height=\"675\"\/><\/source><\/source><\/source><\/source><\/picture><\/div>\n<div class=\"info\">\n<div class=\"caption\">\n<p><span>Seg\u00fan los investigadores, ha surgido un nuevo an\u00e1lisis de sangre que puede medir hasta qu\u00e9 punto la enfermedad de Alzheimer ha progresado.<\/span> <span>(Istock)<\/span><\/p>\n<\/div>\n<\/div>\n<\/div>\n<p>Los investigadores analizaron muestras de sangre para 163 personas que estaban experimentando varios niveles de deterioro cognitivo, desde la demencia presintom\u00e1tica hasta la etapa temprana hasta la demencia en etapa tard\u00eda.<\/p>\n<p>Descubrieron que los niveles de una prote\u00edna llamada MTBR-Tau243 se correlacionan con la cantidad de tau que se ha acumulado en el cerebro, seg\u00fan un comunicado de prensa de Washu. La precisi\u00f3n en comparaci\u00f3n con los escaneos cerebrales fue del 92%.<\/p>\n<blockquote class=\"pull-quote\">\n<p class=\"quote-text\">La mayor cantidad de acumulaci\u00f3n de tau, m\u00e1s severo son los s\u00edntomas del Alzheimer.<\/p>\n<p> <!----><\/p><\/blockquote>\n<p>Los niveles de MTBR-TAU243 fueron normales en personas que a\u00fan no ten\u00edan s\u00edntomas, lo que indica que la prote\u00edna est\u00e1 asociada con etapas m\u00e1s avanzadas.<\/p>\n<p>Los niveles tambi\u00e9n fueron normales para las personas cuyos s\u00edntomas estaban vinculados a otra causa que no sea Alzheimer.<\/p>\n<h2><strong>Qu\u00e9 saber sobre tau<\/strong><\/h2>\n<p>Tau es una prote\u00edna que se agrupa y forma \u00abenredos\u00bb en el cerebro de las personas que tienen Alzheimer, por salud. Estos enredos interfieren con la funci\u00f3n cognitiva.<\/p>\n<p>Los enredos de Tau generalmente se forman a\u00f1os despu\u00e9s de la formaci\u00f3n de otra prote\u00edna llamada amiloide, que crea placas en el cerebro y es una de las primeras caracter\u00edsticas de Alzheimer.<\/p>\n<p>Cuanto mayor sea la cantidad de acumulaci\u00f3n de tau, m\u00e1s graves son los s\u00edntomas de Alzheimer, fue 200 veces mayor para aquellos en etapas de demencia posteriores, seg\u00fan el estudio.<\/p>\n<div class=\"image-ct inline\">\n<div class=\"m\"><picture><source media=\"(max-width: 767px)\" srcset=\"https:\/\/a57.foxnews.com\/static.foxnews.com\/foxnews.com\/content\/uploads\/2025\/01\/343\/192\/dementia-brain-scan.jpg?ve=1&amp;tl=1, https:\/\/a57.foxnews.com\/static.foxnews.com\/foxnews.com\/content\/uploads\/2025\/01\/686\/384\/dementia-brain-scan.jpg?ve=1&amp;tl=1 2x\" height=\"192\" width=\"343\"><source media=\"(min-width: 768px) and (max-width: 1023px)\" srcset=\"https:\/\/a57.foxnews.com\/static.foxnews.com\/foxnews.com\/content\/uploads\/2025\/01\/672\/378\/dementia-brain-scan.jpg?ve=1&amp;tl=1, https:\/\/a57.foxnews.com\/static.foxnews.com\/foxnews.com\/content\/uploads\/2025\/01\/1344\/756\/dementia-brain-scan.jpg?ve=1&amp;tl=1 2x\" height=\"378\" width=\"672\"><source media=\"(min-width: 1024px) and (max-width: 1279px)\" srcset=\"https:\/\/a57.foxnews.com\/static.foxnews.com\/foxnews.com\/content\/uploads\/2025\/01\/931\/523\/dementia-brain-scan.jpg?ve=1&amp;tl=1, https:\/\/a57.foxnews.com\/static.foxnews.com\/foxnews.com\/content\/uploads\/2025\/01\/1862\/1046\/dementia-brain-scan.jpg?ve=1&amp;tl=1 2x\" height=\"523\" width=\"931\"><source media=\"(min-width: 1280px)\" srcset=\"https:\/\/a57.foxnews.com\/static.foxnews.com\/foxnews.com\/content\/uploads\/2025\/01\/720\/405\/dementia-brain-scan.jpg?ve=1&amp;tl=1, https:\/\/a57.foxnews.com\/static.foxnews.com\/foxnews.com\/content\/uploads\/2025\/01\/1440\/810\/dementia-brain-scan.jpg?ve=1&amp;tl=1 2x\" height=\"405\" width=\"720\"><img loading=\"lazy\" decoding=\"async\" src=\"https:\/\/a57.foxnews.com\/static.foxnews.com\/foxnews.com\/content\/uploads\/2025\/01\/1200\/675\/dementia-brain-scan.jpg?ve=1&amp;tl=1\" alt=\"Escaneo cerebral de demencia\" width=\"1200\" height=\"675\"\/><\/source><\/source><\/source><\/source><\/picture><\/div>\n<div class=\"info\">\n<div class=\"caption\">\n<p><span>Los escaneos cerebrales de PET (tomograf\u00eda de emisi\u00f3n de positrones) son ahora el est\u00e1ndar para la puesta en escena, pero tienen algunos inconvenientes, se\u00f1alaron los investigadores.<\/span> <span>(Istock)<\/span><\/p>\n<\/div>\n<\/div>\n<\/div>\n<p>\u00abLas placas amiloides y los enredos de tau juntos definen lo b\u00e1sico <u>Cambios de cerebro biol\u00f3gico<\/u> De la enfermedad de Alzheimer, junto con la p\u00e9rdida de c\u00e9lulas cerebrales y sinapsis, \u00abCourtney Kloske, Ph.D., director de participaci\u00f3n cient\u00edfica de la Asociaci\u00f3n de Alzheimer en Chicago, dijo a Fox News Digital\u00bb. Estos cambios causan la memoria bien conocida y los s\u00edntomas de pensamiento de la demencia \u00ab.<\/p>\n<p>Si bien los an\u00e1lisis de sangre desarrollados previamente miden los niveles de placas amiloides en el cerebro, este es el primero en medir los niveles de TAU.<\/p>\n<p><strong><u>Dos drogas de Alzheimer ayudan a los pacientes a vivir independientemente en el hogar durante per\u00edodos m\u00e1s largos<\/u><\/strong><\/p>\n<p>\u00abPara ayudar en la detecci\u00f3n temprana, hemos visto avances en an\u00e1lisis de sangre para amiloide, que se ha demostrado que son muy precisos y ahora est\u00e1n disponibles para ayudar a los m\u00e9dicos en su estudio de diagn\u00f3stico\u00bb, dijo Kloske. <\/p>\n<p>\u00abEl estudio actual est\u00e1 analizando la precisi\u00f3n de un an\u00e1lisis de sangre para TAU; una vez que estos an\u00e1lisis de sangre se desarrollen, confirmen y validen, los resultados positivos en ambas pruebas confirmar\u00edan fuertemente la enfermedad de Alzheimer como la causa de la demencia de la persona. Esto hace que un diagn\u00f3stico m\u00e1s seguro y definitivo y aclare <u>Opciones para el tratamiento<\/u>\u00ab<\/p>\n<div class=\"image-ct inline\">\n<div class=\"m\"><picture><source media=\"(max-width: 767px)\" srcset=\"https:\/\/a57.foxnews.com\/static.foxnews.com\/foxnews.com\/content\/uploads\/2021\/10\/343\/192\/Blood-Donation.jpg?ve=1&amp;tl=1, https:\/\/a57.foxnews.com\/static.foxnews.com\/foxnews.com\/content\/uploads\/2021\/10\/686\/384\/Blood-Donation.jpg?ve=1&amp;tl=1 2x\" height=\"192\" width=\"343\"><source media=\"(min-width: 768px) and (max-width: 1023px)\" srcset=\"https:\/\/a57.foxnews.com\/static.foxnews.com\/foxnews.com\/content\/uploads\/2021\/10\/672\/378\/Blood-Donation.jpg?ve=1&amp;tl=1, https:\/\/a57.foxnews.com\/static.foxnews.com\/foxnews.com\/content\/uploads\/2021\/10\/1344\/756\/Blood-Donation.jpg?ve=1&amp;tl=1 2x\" height=\"378\" width=\"672\"><source media=\"(min-width: 1024px) and (max-width: 1279px)\" srcset=\"https:\/\/a57.foxnews.com\/static.foxnews.com\/foxnews.com\/content\/uploads\/2021\/10\/931\/523\/Blood-Donation.jpg?ve=1&amp;tl=1, https:\/\/a57.foxnews.com\/static.foxnews.com\/foxnews.com\/content\/uploads\/2021\/10\/1862\/1046\/Blood-Donation.jpg?ve=1&amp;tl=1 2x\" height=\"523\" width=\"931\"><source media=\"(min-width: 1280px)\" srcset=\"https:\/\/a57.foxnews.com\/static.foxnews.com\/foxnews.com\/content\/uploads\/2021\/10\/720\/405\/Blood-Donation.jpg?ve=1&amp;tl=1, https:\/\/a57.foxnews.com\/static.foxnews.com\/foxnews.com\/content\/uploads\/2021\/10\/1440\/810\/Blood-Donation.jpg?ve=1&amp;tl=1 2x\" height=\"405\" width=\"720\"><img loading=\"lazy\" decoding=\"async\" src=\"https:\/\/a57.foxnews.com\/static.foxnews.com\/foxnews.com\/content\/uploads\/2021\/10\/1200\/675\/Blood-Donation.jpg?ve=1&amp;tl=1\" alt=\"Despu\u00e9s de que se tome la sangre\" width=\"1200\" height=\"675\"\/><\/source><\/source><\/source><\/source><\/picture><\/div>\n<div class=\"info\">\n<div class=\"caption\">\n<p><span>\u00abEste an\u00e1lisis de sangre identifica claramente los enredos Tau de Alzheimer, que es nuestra mejor medida de biomarcador de los s\u00edntomas y la demencia de Alzheimer\u00bb, dijo un investigador.<\/span> <span>(Istock)<\/span><\/p>\n<\/div>\n<\/div>\n<\/div>\n<p>El autor co-senior Randall J. Bateman, MD, Charles F. y Joanne Knight distinguido profesor de neurolog\u00eda en Washu Medicine, se\u00f1alaron que en <u>pr\u00e1ctica cl\u00ednica<\/u> Hoy, no hay una medida f\u00e1cil o accesible de los enredos y la demencia de Alzheimer.<\/p>\n<p>\u00abEste an\u00e1lisis de sangre identifica claramente los enredos de Tau de Alzheimer, que es nuestra mejor medida de biomarcador de los s\u00edntomas y la demencia de Alzheimer\u00bb, dijo en el comunicado.<\/p>\n<blockquote class=\"pull-quote\">\n<p class=\"quote-text\">\u00abPodr\u00eda acercarnos mucho m\u00e1s a un mecanismo de cura o control para el Alzheimer, y una forma de ayudar a las personas a funcionar mejor\u00bb.<\/p>\n<p> <!----><\/p><\/blockquote>\n<p> \u00abUn an\u00e1lisis de sangre en mara\u00f1a como este puede proporcionar una indicaci\u00f3n mucho mejor si los s\u00edntomas se deben al Alzheimer, y tambi\u00e9n puede ayudar a los m\u00e9dicos a decidir qu\u00e9 tratamientos son mejores para sus pacientes\u00bb.<\/p>\n<p>El Dr. Daniel Lesley, neur\u00f3logo certificado por la junta de Remo Health, una compa\u00f1\u00eda de atenci\u00f3n de demencia virtual, acord\u00f3 que seguir la prote\u00edna TAU podr\u00eda ayudar a evaluar qu\u00e9 tan bien podr\u00edan funcionar los tratamientos.<\/p>\n<p><strong><u>Haga clic aqu\u00ed para obtener la aplicaci\u00f3n Fox News<\/u><\/strong><strong>      <\/strong><\/p>\n<p>\u00abDebido a esto, podr\u00eda acercarnos mucho m\u00e1s a un mecanismo de cura o control para el Alzheimer, y una forma de ayudar a las personas realmente a funcionar mejor\u00bb, dijo el m\u00e9dico con sede en Massachusetts, que no particip\u00f3 en el estudio, a Fox News Digital.<\/p>\n<p>\u00abSi bien la correlaci\u00f3n no es tan alta como queremos para el &#8216;uso del mundo real&#8217; en las poblaciones, indica una buena direcci\u00f3n para futuras investigaciones\u00bb.<\/p>\n<h2><strong>Mirando hacia el futuro<\/strong><\/h2>\n<p>La esperanza es que este nuevo an\u00e1lisis de sangre pueda facilitar la creaci\u00f3n de pacientes de Alzheimer y adaptar los tratamientos a sus necesidades individuales.<\/p>\n<p>Pet (tomograf\u00eda de emisi\u00f3n de positrones) <u>escaneos cerebrales<\/u> Ahora son el est\u00e1ndar para la puesta en escena, pero tienen algunos inconvenientes, se\u00f1alaron los investigadores.<\/p>\n<div class=\"image-ct inline\">\n<div class=\"m\"><picture><source media=\"(max-width: 767px)\" srcset=\"https:\/\/a57.foxnews.com\/static.foxnews.com\/foxnews.com\/content\/uploads\/2024\/07\/343\/192\/Alzheimers.png?ve=1&amp;tl=1, https:\/\/a57.foxnews.com\/static.foxnews.com\/foxnews.com\/content\/uploads\/2024\/07\/686\/384\/Alzheimers.png?ve=1&amp;tl=1 2x\" height=\"192\" width=\"343\"><source media=\"(min-width: 768px) and (max-width: 1023px)\" srcset=\"https:\/\/a57.foxnews.com\/static.foxnews.com\/foxnews.com\/content\/uploads\/2024\/07\/672\/378\/Alzheimers.png?ve=1&amp;tl=1, https:\/\/a57.foxnews.com\/static.foxnews.com\/foxnews.com\/content\/uploads\/2024\/07\/1344\/756\/Alzheimers.png?ve=1&amp;tl=1 2x\" height=\"378\" width=\"672\"><source media=\"(min-width: 1024px) and (max-width: 1279px)\" srcset=\"https:\/\/a57.foxnews.com\/static.foxnews.com\/foxnews.com\/content\/uploads\/2024\/07\/931\/523\/Alzheimers.png?ve=1&amp;tl=1, https:\/\/a57.foxnews.com\/static.foxnews.com\/foxnews.com\/content\/uploads\/2024\/07\/1862\/1046\/Alzheimers.png?ve=1&amp;tl=1 2x\" height=\"523\" width=\"931\"><source media=\"(min-width: 1280px)\" srcset=\"https:\/\/a57.foxnews.com\/static.foxnews.com\/foxnews.com\/content\/uploads\/2024\/07\/720\/405\/Alzheimers.png?ve=1&amp;tl=1, https:\/\/a57.foxnews.com\/static.foxnews.com\/foxnews.com\/content\/uploads\/2024\/07\/1440\/810\/Alzheimers.png?ve=1&amp;tl=1 2x\" height=\"405\" width=\"720\"><img loading=\"lazy\" decoding=\"async\" src=\"https:\/\/a57.foxnews.com\/static.foxnews.com\/foxnews.com\/content\/uploads\/2024\/07\/1200\/675\/Alzheimers.png?ve=1&amp;tl=1\" alt=\"Resultados de escaneo de PET\" width=\"1200\" height=\"675\"\/><\/source><\/source><\/source><\/source><\/picture><\/div>\n<div class=\"info\">\n<div class=\"caption\">\n<p><span>\u00abPara las primeras etapas con enredos de tau bajos, las terapias anti-amiloides podr\u00edan ser m\u00e1s eficaces que en las etapas tard\u00edas. Pero despu\u00e9s del inicio de la demencia con enredos de alta tau, la terapia anti-tau o uno de los muchos otros enfoques experimentales puede ser m\u00e1s efectivo\u00bb, se\u00f1al\u00f3 un investigador.<\/span> <span>(AP Photo\/Evan Vucci, archivo)<\/span><\/p>\n<\/div>\n<\/div>\n<\/div>\n<p>Son \u00abcaros, que requieren mucho tiempo y con frecuencia no est\u00e1n disponibles fuera de los principales centros de investigaci\u00f3n\u00bb, lo que limita su uso.<\/p>\n<p>\u00abEstamos a punto de ingresar a la era de la medicina personalizada para la enfermedad de Alzheimer\u00bb, dijeron el co-primero de los autores Kanta Horie, PhD, profesor asociado de investigaci\u00f3n de neurolog\u00eda en Washu Medicine, en el lanzamiento. <\/p>\n<p><strong><u>Haga clic aqu\u00ed para registrarse en nuestro bolet\u00edn de salud<\/u><\/strong><\/p>\n<p>\u00abPara las primeras etapas con enredos de tau bajos, las terapias anti-amiloides podr\u00edan ser m\u00e1s eficaces que en las etapas tard\u00edas. Pero despu\u00e9s del inicio de la demencia con enredos de alta tau, la terapia anti-tau o uno de los muchos otros enfoques experimentales puede ser m\u00e1s efectivo\u00bb, continu\u00f3. <\/p>\n<p>\u00abUna vez que tengamos un an\u00e1lisis de sangre cl\u00ednicamente disponible para la estadificaci\u00f3n, m\u00e1s los tratamientos que funcionan en diferentes etapas de la enfermedad, los m\u00e9dicos podr\u00e1n optimizar sus planes de tratamiento para las necesidades espec\u00edficas de cada paciente\u00bb.<\/p>\n<blockquote class=\"pull-quote\">\n<p class=\"quote-text\">\u00abEstamos a punto de ingresar a la era de la medicina personalizada para la enfermedad de Alzheimer\u00bb.<\/p>\n<p> <!----><\/p><\/blockquote>\n<p>Kloske se hizo eco de la necesidad de <u>m\u00e1s investigaci\u00f3n<\/u>.<\/p>\n<p>\u00abSi bien esta investigaci\u00f3n es prometedora para m\u00e1s m\u00e9todos de detecci\u00f3n temprana, necesitamos ver la replicaci\u00f3n y la expansi\u00f3n de estos resultados en poblaciones de estudio m\u00e1s grandes y m\u00e1s representativas para comprender las implicaciones en la poblaci\u00f3n general\u00bb, dijo a Fox News Digital.<\/p>\n<p><i><strong><u>Para m\u00e1s art\u00edculos de salud, visite <\/u><\/strong><\/i><i><strong><u>www.foxnews.com\/Health<\/u><\/strong><\/i><\/p>\n<p>El estudio fue financiado por el Centro de Investigaci\u00f3n de Enfermedades de Charles F. y Joanne Knight Alzheimer, el Centro Tracy Family Silq, los Institutos Nacionales de Salud (NIH), el Premio Zenith de la Asociaci\u00f3n de Alzheimer, el Centro de Hope para trastornos neurol\u00f3gicos y el Departamento de Neurolog\u00eda de Washu Medicina.<\/p>\n<p> <!----> <\/p>\n<div class=\"article-meta\">\n<div class=\"author-bio\">\n<p>Melissa Rudy es editora de salud senior y miembro del equipo de estilo de vida en Fox News Digital. Los consejos de la historia se pueden enviar a melissa.rudy@fox.com.<\/p>\n<\/div>\n<\/div>\n<\/div>\n\n","protected":false},"excerpt":{"rendered":"<p>Se han demostrado que varios an\u00e1lisis de sangre diagnostican con precisi\u00f3n Enfermedad de Alzheimer &#8211; Seg\u00fan lo informado anteriormente por Fox News Digital, pero ahora ha surgido una nueva prueba que puede medir qu\u00e9 tan lejos ha progresado. El estudio, que fue publicado el lunes en Nature Medicine Journal, fue dirigido por investigadores de la &hellip;<\/p>\n","protected":false},"author":1,"featured_media":21210,"comment_status":"open","ping_status":"open","sticky":false,"template":"","format":"standard","meta":{"fifu_image_url":"https:\/\/a57.foxnews.com\/static.foxnews.com\/foxnews.com\/content\/uploads\/2023\/06\/1200\/675\/man-getting-blood-test.jpg?ve=1&tl=1","fifu_image_alt":"","footnotes":""},"categories":[8],"tags":[],"class_list":["post-21208","post","type-post","status-publish","format-standard","has-post-thumbnail","","category-salud"],"_links":{"self":[{"href":"https:\/\/noticiasveraces.com\/index.php?rest_route=\/wp\/v2\/posts\/21208","targetHints":{"allow":["GET"]}}],"collection":[{"href":"https:\/\/noticiasveraces.com\/index.php?rest_route=\/wp\/v2\/posts"}],"about":[{"href":"https:\/\/noticiasveraces.com\/index.php?rest_route=\/wp\/v2\/types\/post"}],"author":[{"embeddable":true,"href":"https:\/\/noticiasveraces.com\/index.php?rest_route=\/wp\/v2\/users\/1"}],"replies":[{"embeddable":true,"href":"https:\/\/noticiasveraces.com\/index.php?rest_route=%2Fwp%2Fv2%2Fcomments&post=21208"}],"version-history":[{"count":0,"href":"https:\/\/noticiasveraces.com\/index.php?rest_route=\/wp\/v2\/posts\/21208\/revisions"}],"wp:featuredmedia":[{"embeddable":true,"href":"https:\/\/noticiasveraces.com\/index.php?rest_route=\/wp\/v2\/media\/21210"}],"wp:attachment":[{"href":"https:\/\/noticiasveraces.com\/index.php?rest_route=%2Fwp%2Fv2%2Fmedia&parent=21208"}],"wp:term":[{"taxonomy":"category","embeddable":true,"href":"https:\/\/noticiasveraces.com\/index.php?rest_route=%2Fwp%2Fv2%2Fcategories&post=21208"},{"taxonomy":"post_tag","embeddable":true,"href":"https:\/\/noticiasveraces.com\/index.php?rest_route=%2Fwp%2Fv2%2Ftags&post=21208"}],"curies":[{"name":"wp","href":"https:\/\/api.w.org\/{rel}","templated":true}]}}