{"id":21204,"date":"2025-04-02T02:58:29","date_gmt":"2025-04-02T06:58:29","guid":{"rendered":"https:\/\/noticiasveraces.com\/?p=21204"},"modified":"2025-04-02T02:58:29","modified_gmt":"2025-04-02T06:58:29","slug":"israel-amplia-ofensiva-en-gaza-y-preve-anexionar-zonas-dw-02-04-2025","status":"publish","type":"post","link":"https:\/\/noticiasveraces.com\/?p=21204","title":{"rendered":"Israel ampl\u00eda ofensiva en Gaza y prev\u00e9 anexionar zonas \u2013 DW \u2013 02\/04\/2025"},"content":{"rendered":"<p> \n<\/p>\n<div>\n<p><em>Actualizado a las 8:55 CET.<\/em><\/p>\n<p>El ministro israel\u00ed de Defensa, Israel Katz, anunci\u00f3 en un comunicado que las fuerzas armadas est\u00e1n expandiendo sus operaciones en la Franja de Gaza\u00a0, luego de reanudar en marzo su ofensiva en el territorio palestino.<\/p>\n<p>\u00abLa Operaci\u00f3n &#8216;Poder y Espada&#8217; se est\u00e1 expandiendo, con una evacuaci\u00f3n a gran escala de la poblaci\u00f3n de Gaza de las zonas de combate, para eliminar y limpiar la zona de terroristas\u00a0e infraestructura terrorista\u00bb, recoge el comunicado del ministro israel\u00ed.<\/p>\n<p>El operativo israel\u00ed en Gaza servir\u00e1 tambi\u00e9n para tomar \u00abgrandes \u00e1reas\u00bb que pueden ser incorporadas a las zonas israel\u00edes de seguridad, agrega el comunicado.<\/p>\n<p>El anuncio se dio luego de que Katz advirtiera la semana pasada que las fuerzas armadas de su pa\u00eds pronto podr\u00edan\u00a0\u00aboperar con plena fuerza\u00bb en \u00e1reas adicionales de Gaza. Sigue a\u00a0amenazas de\u00a0Ham\u00e1s con asesinar m\u00e1s rehenes si Israel intenta liberarlos por la fuerza. As\u00ed como a protestas de miles de palestinos contra Ham\u00e1s en Gaza. Y a\u00a0una oleada de ataques contra los puntos sure\u00f1os de Jan Yunis y Rafah durante esta pasada noche, seg\u00fan informaron medios palestinos.<\/p>\n<p>La agencia Defensa Civil de Gaza dio cuenta de dos ataques israel\u00edes contra edificios de viviendas que mataron al menos a 15 personas, entre ellas ni\u00f1os.<\/p>\n<p>Trece de las v\u00edctimas fallecieron en un bombardeo \u00abcontra una casa con personas desplazadas en el centro de Jan Yunis, en el sur de la Franja\u00bb, dijo a AFP el portavoz de esta agencia, Mahmud Basal. El otro ataque con dos muertos se dio en Nuseirat, en el centro, agreg\u00f3.<\/p>\n<p>La guerra se desat\u00f3 tras los ataques de Ham\u00e1s del 7 de octubre de 2023 contra Israel que dejaron m\u00e1s de 1.200 muertos, seg\u00fan datos israel\u00edes.<\/p>\n<p>Entretanto, la campa\u00f1a israel\u00ed de represalia ha matado a m\u00e1s de 50.300 personas en Gaza, en su mayor\u00eda civiles, de acuerdo con el Ministerio de Salud del territorio gobernado por Ham\u00e1s (considerada una organizaci\u00f3n terrorista por Israel, Estados Unidos, la Uni\u00f3n Europea y otros pa\u00edses).<\/p>\n<p>RML (EFE, AFP, AP)<\/p>\n<\/div>\n\n","protected":false},"excerpt":{"rendered":"<p>Actualizado a las 8:55 CET. El ministro israel\u00ed de Defensa, Israel Katz, anunci\u00f3 en un comunicado que las fuerzas armadas est\u00e1n expandiendo sus operaciones en la Franja de Gaza\u00a0, luego de reanudar en marzo su ofensiva en el territorio palestino. \u00abLa Operaci\u00f3n &#8216;Poder y Espada&#8217; se est\u00e1 expandiendo, con una evacuaci\u00f3n a gran escala de &hellip;<\/p>\n","protected":false},"author":1,"featured_media":21205,"comment_status":"open","ping_status":"open","sticky":false,"template":"","format":"standard","meta":{"fifu_image_url":"https:\/\/static.dw.com\/image\/72110267_6.jpg","fifu_image_alt":"","footnotes":""},"categories":[13],"tags":[],"class_list":["post-21204","post","type-post","status-publish","format-standard","has-post-thumbnail","","category-mundo"],"_links":{"self":[{"href":"https:\/\/noticiasveraces.com\/index.php?rest_route=\/wp\/v2\/posts\/21204","targetHints":{"allow":["GET"]}}],"collection":[{"href":"https:\/\/noticiasveraces.com\/index.php?rest_route=\/wp\/v2\/posts"}],"about":[{"href":"https:\/\/noticiasveraces.com\/index.php?rest_route=\/wp\/v2\/types\/post"}],"author":[{"embeddable":true,"href":"https:\/\/noticiasveraces.com\/index.php?rest_route=\/wp\/v2\/users\/1"}],"replies":[{"embeddable":true,"href":"https:\/\/noticiasveraces.com\/index.php?rest_route=%2Fwp%2Fv2%2Fcomments&post=21204"}],"version-history":[{"count":0,"href":"https:\/\/noticiasveraces.com\/index.php?rest_route=\/wp\/v2\/posts\/21204\/revisions"}],"wp:featuredmedia":[{"embeddable":true,"href":"https:\/\/noticiasveraces.com\/index.php?rest_route=\/wp\/v2\/media\/21205"}],"wp:attachment":[{"href":"https:\/\/noticiasveraces.com\/index.php?rest_route=%2Fwp%2Fv2%2Fmedia&parent=21204"}],"wp:term":[{"taxonomy":"category","embeddable":true,"href":"https:\/\/noticiasveraces.com\/index.php?rest_route=%2Fwp%2Fv2%2Fcategories&post=21204"},{"taxonomy":"post_tag","embeddable":true,"href":"https:\/\/noticiasveraces.com\/index.php?rest_route=%2Fwp%2Fv2%2Ftags&post=21204"}],"curies":[{"name":"wp","href":"https:\/\/api.w.org\/{rel}","templated":true}]}}