{"id":21191,"date":"2025-04-02T00:54:29","date_gmt":"2025-04-02T04:54:29","guid":{"rendered":"https:\/\/noticiasveraces.com\/?p=21191"},"modified":"2025-04-02T00:54:29","modified_gmt":"2025-04-02T04:54:29","slug":"mandatario-interino-surcoreano-pide-respetar-fallo-de-yoon-dw-02-04-2025","status":"publish","type":"post","link":"https:\/\/noticiasveraces.com\/?p=21191","title":{"rendered":"Mandatario interino surcoreano pide respetar fallo de Yoon \u2013 DW \u2013 02\/04\/2025"},"content":{"rendered":"<p> \n<\/p>\n<div>\n<p>El mandatario interino de Corea del Sur, Han Duck-soo, inst\u00f3 este mi\u00e9rcoles (02.04.2025) a que se respete el fallo del tribunal respecto a la destituci\u00f3n del presidente suspendido Yoon Suk-yeol, asegurando que no se tolerar\u00e1n actos ilegales o violentos, a dos d\u00edas de una decisi\u00f3n clave para el futuro del pa\u00eds.<\/p>\n<p>Han pidi\u00f3 que se respete el resultado \u00abindependientemente de la decisi\u00f3n\u00bb del tribunal, pidiendo a los manifestantes que expresen sus opiniones de forma pac\u00edfica y que cooperen con la polic\u00eda y las autoridades locales\u00bb, durante una reuni\u00f3n ministerial sobre seguridad p\u00fablica celebrada en Se\u00fal.<\/p>\n<p>El mandatario advirti\u00f3 del creciente nivel de tensi\u00f3n social y llam\u00f3 a los l\u00edderes pol\u00edticos a actuar con responsabilidad. \u00abEste no es momento de c\u00e1lculos partidistas. Debemos anteponer la estabilidad y la supervivencia de nuestra comunidad\u00bb, afirm\u00f3, subrayando que el Gobierno no permitir\u00e1 \u00abbajo ninguna circunstancia\u00bb actos que alteren el orden p\u00fablico.<\/p>\n<p>La inquietud por posibles disturbios se ha intensificado tras el violento episodio del 19 de enero, cuando simpatizantes de Yoon irrumpieron en un tribunal de Se\u00fal, agredieron a agentes de polic\u00eda y periodistas, y causaron da\u00f1os materiales.<\/p>\n<p>Como parte de las medidas de prevenci\u00f3n, la Polic\u00eda Nacional ha activado un sistema de emergencia que alcanzar\u00e1 su m\u00e1ximo nivel el d\u00eda del fallo, permitiendo la movilizaci\u00f3n del 100 % de los efectivos a nivel nacional.<\/p>\n<p>Desde este martes ya se han desplegado unos 3.200 agentes en los alrededores del Tribunal Constitucional, y se prev\u00e9 que el 4 de abril el n\u00famero supere los 14.000 en todo Se\u00fal.<\/p>\n<p>Las autoridades tambi\u00e9n han comenzado a establecer un \u00abvac\u00edo operativo\u00bb alrededor del tribunal, con cierres de accesos y el desmantelamiento de estructuras instaladas por grupos civiles, seg\u00fan la agencia local de noticias Yonhap.<\/p>\n<p>\u00abSi el pueblo surcoreano une fuerzas con sabidur\u00eda y determinaci\u00f3n, sin duda superaremos esta crisis de incertidumbre y enfrentamiento\u00bb, concluy\u00f3 Han.<\/p>\n<p>MG (Efe, Reuters)<\/p>\n<\/p>\n<\/div>\n\n","protected":false},"excerpt":{"rendered":"<p>El mandatario interino de Corea del Sur, Han Duck-soo, inst\u00f3 este mi\u00e9rcoles (02.04.2025) a que se respete el fallo del tribunal respecto a la destituci\u00f3n del presidente suspendido Yoon Suk-yeol, asegurando que no se tolerar\u00e1n actos ilegales o violentos, a dos d\u00edas de una decisi\u00f3n clave para el futuro del pa\u00eds. Han pidi\u00f3 que se &hellip;<\/p>\n","protected":false},"author":1,"featured_media":21192,"comment_status":"open","ping_status":"open","sticky":false,"template":"","format":"standard","meta":{"fifu_image_url":"https:\/\/static.dw.com\/image\/72082456_6.jpg","fifu_image_alt":"","footnotes":""},"categories":[13],"tags":[],"class_list":["post-21191","post","type-post","status-publish","format-standard","has-post-thumbnail","","category-mundo"],"_links":{"self":[{"href":"https:\/\/noticiasveraces.com\/index.php?rest_route=\/wp\/v2\/posts\/21191","targetHints":{"allow":["GET"]}}],"collection":[{"href":"https:\/\/noticiasveraces.com\/index.php?rest_route=\/wp\/v2\/posts"}],"about":[{"href":"https:\/\/noticiasveraces.com\/index.php?rest_route=\/wp\/v2\/types\/post"}],"author":[{"embeddable":true,"href":"https:\/\/noticiasveraces.com\/index.php?rest_route=\/wp\/v2\/users\/1"}],"replies":[{"embeddable":true,"href":"https:\/\/noticiasveraces.com\/index.php?rest_route=%2Fwp%2Fv2%2Fcomments&post=21191"}],"version-history":[{"count":0,"href":"https:\/\/noticiasveraces.com\/index.php?rest_route=\/wp\/v2\/posts\/21191\/revisions"}],"wp:featuredmedia":[{"embeddable":true,"href":"https:\/\/noticiasveraces.com\/index.php?rest_route=\/wp\/v2\/media\/21192"}],"wp:attachment":[{"href":"https:\/\/noticiasveraces.com\/index.php?rest_route=%2Fwp%2Fv2%2Fmedia&parent=21191"}],"wp:term":[{"taxonomy":"category","embeddable":true,"href":"https:\/\/noticiasveraces.com\/index.php?rest_route=%2Fwp%2Fv2%2Fcategories&post=21191"},{"taxonomy":"post_tag","embeddable":true,"href":"https:\/\/noticiasveraces.com\/index.php?rest_route=%2Fwp%2Fv2%2Ftags&post=21191"}],"curies":[{"name":"wp","href":"https:\/\/api.w.org\/{rel}","templated":true}]}}