{"id":21149,"date":"2025-04-01T16:36:54","date_gmt":"2025-04-01T20:36:54","guid":{"rendered":"https:\/\/noticiasveraces.com\/?p=21149"},"modified":"2025-04-01T16:36:54","modified_gmt":"2025-04-01T20:36:54","slug":"los-fiscales-sospechan-motivo-terrorista-en-amsterdam-apunalando-a-que-lesiono-a-2-estadounidenses","status":"publish","type":"post","link":"https:\/\/noticiasveraces.com\/?p=21149","title":{"rendered":"Los fiscales sospechan &#8216;motivo terrorista&#8217; en Amsterdam apu\u00f1alando a que lesion\u00f3 a 2 estadounidenses"},"content":{"rendered":"<p> \n<\/p>\n<div>\n<p class=\"speakable\">Un hombre que apu\u00f1al\u00f3 a cinco personas en Amsterdam la semana pasada, incluidos dos estadounidenses, probablemente ten\u00eda un \u00abmotivo terrorista\u00bb, anunciaron los fiscales holandeses el martes. <\/p>\n<p class=\"speakable\">El sospechoso, identificado por la polic\u00eda como un ucraniano de 30 a\u00f1os de la regi\u00f3n de Donetsk, seg\u00fan Reuters, fue detenido el jueves despu\u00e9s de que un espectador lo venci\u00f3. <\/p>\n<p>\u00abEl hombre es sospechoso de cinco cargos de intento de asesinato o homicidio involuntario con un motivo terrorista\u00bb, dijo el martes la agencia de noticias cit\u00f3 a los fiscales. <\/p>\n<p>Las autoridades identificaron a las v\u00edctimas de la juerga del distrito comercial como un hombre de 69 a\u00f1os y una mujer de 67 a\u00f1os de los Estados Unidos; una mujer de 73 a\u00f1os de B\u00e9lgica; un hombre de 26 a\u00f1os de Polonia; y una mujer de 19 a\u00f1os de Amsterdam. <\/p>\n<p><strong>El hombre que empuja un cuchillo hiere a varias personas en Amsterdam, incluidos 2 estadounidenses<\/strong><strong> <\/strong><\/p>\n<div class=\"image-ct inline\">\n<div class=\"m\"><picture><source media=\"(max-width: 767px)\" srcset=\"https:\/\/a57.foxnews.com\/static.foxnews.com\/foxnews.com\/content\/uploads\/2025\/04\/343\/192\/amsterdam-stabbing.jpg?ve=1&amp;tl=1, https:\/\/a57.foxnews.com\/static.foxnews.com\/foxnews.com\/content\/uploads\/2025\/04\/686\/384\/amsterdam-stabbing.jpg?ve=1&amp;tl=1 2x\" height=\"192\" width=\"343\"><source media=\"(min-width: 768px) and (max-width: 1023px)\" srcset=\"https:\/\/a57.foxnews.com\/static.foxnews.com\/foxnews.com\/content\/uploads\/2025\/04\/672\/378\/amsterdam-stabbing.jpg?ve=1&amp;tl=1, https:\/\/a57.foxnews.com\/static.foxnews.com\/foxnews.com\/content\/uploads\/2025\/04\/1344\/756\/amsterdam-stabbing.jpg?ve=1&amp;tl=1 2x\" height=\"378\" width=\"672\"><source media=\"(min-width: 1024px) and (max-width: 1279px)\" srcset=\"https:\/\/a57.foxnews.com\/static.foxnews.com\/foxnews.com\/content\/uploads\/2025\/04\/931\/523\/amsterdam-stabbing.jpg?ve=1&amp;tl=1, https:\/\/a57.foxnews.com\/static.foxnews.com\/foxnews.com\/content\/uploads\/2025\/04\/1862\/1046\/amsterdam-stabbing.jpg?ve=1&amp;tl=1 2x\" height=\"523\" width=\"931\"><source media=\"(min-width: 1280px)\" srcset=\"https:\/\/a57.foxnews.com\/static.foxnews.com\/foxnews.com\/content\/uploads\/2025\/04\/720\/405\/amsterdam-stabbing.jpg?ve=1&amp;tl=1, https:\/\/a57.foxnews.com\/static.foxnews.com\/foxnews.com\/content\/uploads\/2025\/04\/1440\/810\/amsterdam-stabbing.jpg?ve=1&amp;tl=1 2x\" height=\"405\" width=\"720\"><img loading=\"lazy\" decoding=\"async\" src=\"https:\/\/a57.foxnews.com\/static.foxnews.com\/foxnews.com\/content\/uploads\/2025\/04\/1200\/675\/amsterdam-stabbing.jpg?ve=1&amp;tl=1\" alt=\"Apu\u00f1alamiento en Amsterdam\" width=\"1200\" height=\"675\"\/><\/source><\/source><\/source><\/source><\/picture><\/div>\n<div class=\"info\">\n<div class=\"caption\">\n<p><span>Los oficiales de polic\u00eda son vistos en Dam Square en Amsterdam el 27 de marzo despu\u00e9s de que un apu\u00f1alamiento lesion\u00f3 a cinco personas en una concurrida calle comercial comercial junto a Dam Square.<\/span> <span>(Gene Medi\/Nurphoto a trav\u00e9s de Getty Images)<\/span><\/p>\n<\/div>\n<\/div>\n<\/div>\n<p>\u00abLa investigaci\u00f3n policial est\u00e1 en pleno apogeo y tiene plena prioridad en este momento. Esperamos obtener m\u00e1s claridad sobre los antecedentes de este horrible apu\u00f1alamiento\u00bb, dijo la alcaldesa de Amsterdam, Femke Halsema, la semana pasada. \u00abNuestros corazones est\u00e1n con las v\u00edctimas, sus familias y seres queridos\u00bb. <\/p>\n<p>La polic\u00eda dijo que el sospechoso se registr\u00f3 en un hotel en Amsterdam el d\u00eda anterior al ataque, inform\u00f3 Reuters. <\/p>\n<p><strong>2 personas asesinadas en un ataque de cuchillo en Alemania<\/strong><strong> <\/strong><\/p>\n<div class=\"image-ct inline\">\n<div class=\"m\"><picture><source media=\"(max-width: 767px)\" srcset=\"https:\/\/a57.foxnews.com\/static.foxnews.com\/foxnews.com\/content\/uploads\/2025\/03\/343\/192\/ap25086566617678.jpg?ve=1&amp;tl=1, https:\/\/a57.foxnews.com\/static.foxnews.com\/foxnews.com\/content\/uploads\/2025\/03\/686\/384\/ap25086566617678.jpg?ve=1&amp;tl=1 2x\" height=\"192\" width=\"343\"><source media=\"(min-width: 768px) and (max-width: 1023px)\" srcset=\"https:\/\/a57.foxnews.com\/static.foxnews.com\/foxnews.com\/content\/uploads\/2025\/03\/672\/378\/ap25086566617678.jpg?ve=1&amp;tl=1, https:\/\/a57.foxnews.com\/static.foxnews.com\/foxnews.com\/content\/uploads\/2025\/03\/1344\/756\/ap25086566617678.jpg?ve=1&amp;tl=1 2x\" height=\"378\" width=\"672\"><source media=\"(min-width: 1024px) and (max-width: 1279px)\" srcset=\"https:\/\/a57.foxnews.com\/static.foxnews.com\/foxnews.com\/content\/uploads\/2025\/03\/931\/523\/ap25086566617678.jpg?ve=1&amp;tl=1, https:\/\/a57.foxnews.com\/static.foxnews.com\/foxnews.com\/content\/uploads\/2025\/03\/1862\/1046\/ap25086566617678.jpg?ve=1&amp;tl=1 2x\" height=\"523\" width=\"931\"><source media=\"(min-width: 1280px)\" srcset=\"https:\/\/a57.foxnews.com\/static.foxnews.com\/foxnews.com\/content\/uploads\/2025\/03\/720\/405\/ap25086566617678.jpg?ve=1&amp;tl=1, https:\/\/a57.foxnews.com\/static.foxnews.com\/foxnews.com\/content\/uploads\/2025\/03\/1440\/810\/ap25086566617678.jpg?ve=1&amp;tl=1 2x\" height=\"405\" width=\"720\"><img loading=\"lazy\" decoding=\"async\" src=\"https:\/\/a57.foxnews.com\/static.foxnews.com\/foxnews.com\/content\/uploads\/2025\/03\/1200\/675\/ap25086566617678.jpg?ve=1&amp;tl=1\" alt=\"Pa\u00edses Bajos apu\u00f1alados\" width=\"1200\" height=\"675\"\/><\/source><\/source><\/source><\/source><\/picture><\/div>\n<div class=\"info\">\n<div class=\"caption\">\n<p><span>Los agentes de polic\u00eda acordonan un \u00e1rea despu\u00e9s de un apu\u00f1alamiento cerca de Dam Square en el centro de Amsterdam el jueves 27 de marzo.<\/span> <span>(AP\/Peter Delong)<\/span><\/p>\n<\/div>\n<\/div>\n<\/div>\n<p>La v\u00edctima polaca fue dada de alta de un hospital local. Hasta el martes, las otras v\u00edctimas permanecen en atenci\u00f3n m\u00e9dica y est\u00e1n en condici\u00f3n estable, agreg\u00f3 Reuters. <\/p>\n<p>Un portavoz del Departamento de Estado confirm\u00f3 a Fox News que dos ciudadanos estadounidenses resultaron heridos durante el incidente. <\/p>\n<div class=\"image-ct inline\">\n<div class=\"m\"><picture><source media=\"(max-width: 767px)\" srcset=\"https:\/\/a57.foxnews.com\/static.foxnews.com\/foxnews.com\/content\/uploads\/2025\/04\/343\/192\/amsterdam-stabbing-2.jpg?ve=1&amp;tl=1, https:\/\/a57.foxnews.com\/static.foxnews.com\/foxnews.com\/content\/uploads\/2025\/04\/686\/384\/amsterdam-stabbing-2.jpg?ve=1&amp;tl=1 2x\" height=\"192\" width=\"343\"><source media=\"(min-width: 768px) and (max-width: 1023px)\" srcset=\"https:\/\/a57.foxnews.com\/static.foxnews.com\/foxnews.com\/content\/uploads\/2025\/04\/672\/378\/amsterdam-stabbing-2.jpg?ve=1&amp;tl=1, https:\/\/a57.foxnews.com\/static.foxnews.com\/foxnews.com\/content\/uploads\/2025\/04\/1344\/756\/amsterdam-stabbing-2.jpg?ve=1&amp;tl=1 2x\" height=\"378\" width=\"672\"><source media=\"(min-width: 1024px) and (max-width: 1279px)\" srcset=\"https:\/\/a57.foxnews.com\/static.foxnews.com\/foxnews.com\/content\/uploads\/2025\/04\/931\/523\/amsterdam-stabbing-2.jpg?ve=1&amp;tl=1, https:\/\/a57.foxnews.com\/static.foxnews.com\/foxnews.com\/content\/uploads\/2025\/04\/1862\/1046\/amsterdam-stabbing-2.jpg?ve=1&amp;tl=1 2x\" height=\"523\" width=\"931\"><source media=\"(min-width: 1280px)\" srcset=\"https:\/\/a57.foxnews.com\/static.foxnews.com\/foxnews.com\/content\/uploads\/2025\/04\/720\/405\/amsterdam-stabbing-2.jpg?ve=1&amp;tl=1, https:\/\/a57.foxnews.com\/static.foxnews.com\/foxnews.com\/content\/uploads\/2025\/04\/1440\/810\/amsterdam-stabbing-2.jpg?ve=1&amp;tl=1 2x\" height=\"405\" width=\"720\"><img loading=\"lazy\" decoding=\"async\" src=\"https:\/\/a57.foxnews.com\/static.foxnews.com\/foxnews.com\/content\/uploads\/2025\/04\/1200\/675\/amsterdam-stabbing-2.jpg?ve=1&amp;tl=1\" alt=\"Posterior de apu\u00f1alamiento de ataque en los Pa\u00edses Bajos\" width=\"1200\" height=\"675\"\/><\/source><\/source><\/source><\/source><\/picture><\/div>\n<div class=\"info\">\n<div class=\"caption\">\n<p><span>Los primeros en responder ayudan a una de las v\u00edctimas del apu\u00f1alamiento en Amsterdam el 27 de marzo.<\/span> <span>(ANP\/Inter Visual Studio\/AFP a trav\u00e9s de Getty Images)<\/span><\/p>\n<\/div>\n<\/div>\n<\/div>\n<p><strong>Haga clic aqu\u00ed para obtener la aplicaci\u00f3n Fox News<\/strong><strong> <\/strong><\/p>\n<p>\u00abEl Departamento de Estado de los Estados Unidos no tiene mayor prioridad que la seguridad de los ciudadanos estadounidenses en el extranjero\u00bb, dijo el portavoz. \u00abEstamos siguiendo los informes de un apu\u00f1alamiento en Amsterdam, los Pa\u00edses Bajos. Extendemos nuestras simpat\u00edas a las v\u00edctimas y a las familias de los afectados. Podemos confirmar que dos ciudadanos estadounidenses resultaron heridos\u00bb. <\/p>\n<p><i>Greg Wehner, Nick Kalman y The Associated Press de Fox News contribuyeron a este informe. <\/i><\/p>\n<p> <!----> <\/p>\n<div class=\"article-meta\">\n<div class=\"author-bio\">\n<p>Greg Norman es reportero de Fox News Digital.<\/p>\n<\/div>\n<\/div>\n<\/div>\n\n","protected":false},"excerpt":{"rendered":"<p>Un hombre que apu\u00f1al\u00f3 a cinco personas en Amsterdam la semana pasada, incluidos dos estadounidenses, probablemente ten\u00eda un \u00abmotivo terrorista\u00bb, anunciaron los fiscales holandeses el martes. El sospechoso, identificado por la polic\u00eda como un ucraniano de 30 a\u00f1os de la regi\u00f3n de Donetsk, seg\u00fan Reuters, fue detenido el jueves despu\u00e9s de que un espectador lo &hellip;<\/p>\n","protected":false},"author":1,"featured_media":21151,"comment_status":"open","ping_status":"open","sticky":false,"template":"","format":"standard","meta":{"fifu_image_url":"https:\/\/static.foxnews.com\/foxnews.com\/content\/uploads\/2025\/04\/amsterdam-stabbing.jpg","fifu_image_alt":"","footnotes":""},"categories":[13],"tags":[],"class_list":["post-21149","post","type-post","status-publish","format-standard","has-post-thumbnail","","category-mundo"],"_links":{"self":[{"href":"https:\/\/noticiasveraces.com\/index.php?rest_route=\/wp\/v2\/posts\/21149","targetHints":{"allow":["GET"]}}],"collection":[{"href":"https:\/\/noticiasveraces.com\/index.php?rest_route=\/wp\/v2\/posts"}],"about":[{"href":"https:\/\/noticiasveraces.com\/index.php?rest_route=\/wp\/v2\/types\/post"}],"author":[{"embeddable":true,"href":"https:\/\/noticiasveraces.com\/index.php?rest_route=\/wp\/v2\/users\/1"}],"replies":[{"embeddable":true,"href":"https:\/\/noticiasveraces.com\/index.php?rest_route=%2Fwp%2Fv2%2Fcomments&post=21149"}],"version-history":[{"count":0,"href":"https:\/\/noticiasveraces.com\/index.php?rest_route=\/wp\/v2\/posts\/21149\/revisions"}],"wp:featuredmedia":[{"embeddable":true,"href":"https:\/\/noticiasveraces.com\/index.php?rest_route=\/wp\/v2\/media\/21151"}],"wp:attachment":[{"href":"https:\/\/noticiasveraces.com\/index.php?rest_route=%2Fwp%2Fv2%2Fmedia&parent=21149"}],"wp:term":[{"taxonomy":"category","embeddable":true,"href":"https:\/\/noticiasveraces.com\/index.php?rest_route=%2Fwp%2Fv2%2Fcategories&post=21149"},{"taxonomy":"post_tag","embeddable":true,"href":"https:\/\/noticiasveraces.com\/index.php?rest_route=%2Fwp%2Fv2%2Ftags&post=21149"}],"curies":[{"name":"wp","href":"https:\/\/api.w.org\/{rel}","templated":true}]}}