{"id":21146,"date":"2025-04-01T15:35:14","date_gmt":"2025-04-01T19:35:14","guid":{"rendered":"https:\/\/noticiasveraces.com\/?p=21146"},"modified":"2025-04-01T15:35:14","modified_gmt":"2025-04-01T19:35:14","slug":"choque-en-francia-mientras-la-corte-barata-a-marine-le-pen-de-la-raza-presidencial-terremoto-politico","status":"publish","type":"post","link":"https:\/\/noticiasveraces.com\/?p=21146","title":{"rendered":"Choque en Francia mientras la corte barata a Marine Le Pen de la raza presidencial: &#8216;terremoto&#8217; pol\u00edtico"},"content":{"rendered":"<p> \n<\/p>\n<div>\n<p class=\"speakable\">Las r\u00e9plicas todav\u00eda se sienten en Francia por lo que un analista pol\u00edtico le dijo a Fox News que era un \u00abterremoto pol\u00edtico\u00bb all\u00ed esta semana. El pol\u00edtico popular de derecha Marine Le Pen fue condenado por malversaci\u00f3n de malversaci\u00f3n por un tribunal franc\u00e9s y le prohibi\u00f3 postularse para un cargo durante cinco a\u00f1os.<\/p>\n<p class=\"speakable\">En declaraciones a sus seguidores el martes, Le Pen afirm\u00f3 que \u00abel sistema\u00bb hab\u00eda usado una \u00abbomba nuclear\u00bb para frustrar sus intentos de convertirse en presidente franc\u00e9s.<\/p>\n<p>Le Pen y su Partido Nacional de Rally han sido dif\u00edciles de inmigraci\u00f3n, crimen y otros asuntos de botones. Ahora tienen la mayor cantidad de asientos del Parlamento franc\u00e9s. Obtuvo 11 millones de votos cuando corri\u00f3 (y perdi\u00f3) contra Emmanuel Macron la \u00faltima vez. Las encuestas actuales hicieron que ganara el trabajo principal en una votaci\u00f3n establecida para 2027. Por ahora, est\u00e1 bloqueada. Ella dice que atraer\u00e1.<\/p>\n<p><strong>El l\u00edder franc\u00e9s de derecha Marine Le Pen declarado culpable de malversaci\u00f3n de fondos p\u00fablicos, prohibido que se postule para un cargo<\/strong><\/p>\n<div class=\"image-ct inline\">\n<div class=\"m\"><picture><source media=\"(max-width: 767px)\" srcset=\"https:\/\/a57.foxnews.com\/static.foxnews.com\/foxnews.com\/content\/uploads\/2024\/01\/343\/192\/GettyImages-1093637980.jpg?ve=1&amp;tl=1, https:\/\/a57.foxnews.com\/static.foxnews.com\/foxnews.com\/content\/uploads\/2024\/01\/686\/384\/GettyImages-1093637980.jpg?ve=1&amp;tl=1 2x\" height=\"192\" width=\"343\"><source media=\"(min-width: 768px) and (max-width: 1023px)\" srcset=\"https:\/\/a57.foxnews.com\/static.foxnews.com\/foxnews.com\/content\/uploads\/2024\/01\/672\/378\/GettyImages-1093637980.jpg?ve=1&amp;tl=1, https:\/\/a57.foxnews.com\/static.foxnews.com\/foxnews.com\/content\/uploads\/2024\/01\/1344\/756\/GettyImages-1093637980.jpg?ve=1&amp;tl=1 2x\" height=\"378\" width=\"672\"><source media=\"(min-width: 1024px) and (max-width: 1279px)\" srcset=\"https:\/\/a57.foxnews.com\/static.foxnews.com\/foxnews.com\/content\/uploads\/2024\/01\/931\/523\/GettyImages-1093637980.jpg?ve=1&amp;tl=1, https:\/\/a57.foxnews.com\/static.foxnews.com\/foxnews.com\/content\/uploads\/2024\/01\/1862\/1046\/GettyImages-1093637980.jpg?ve=1&amp;tl=1 2x\" height=\"523\" width=\"931\"><source media=\"(min-width: 1280px)\" srcset=\"https:\/\/a57.foxnews.com\/static.foxnews.com\/foxnews.com\/content\/uploads\/2024\/01\/720\/405\/GettyImages-1093637980.jpg?ve=1&amp;tl=1, https:\/\/a57.foxnews.com\/static.foxnews.com\/foxnews.com\/content\/uploads\/2024\/01\/1440\/810\/GettyImages-1093637980.jpg?ve=1&amp;tl=1 2x\" height=\"405\" width=\"720\"><img loading=\"lazy\" decoding=\"async\" src=\"https:\/\/a57.foxnews.com\/static.foxnews.com\/foxnews.com\/content\/uploads\/2024\/01\/1200\/675\/GettyImages-1093637980.jpg?ve=1&amp;tl=1\" alt=\"Marine le pluma\" width=\"1200\" height=\"675\"\/><\/source><\/source><\/source><\/source><\/picture><\/div>\n<div class=\"info\">\n<div class=\"caption\">\n<p><span>Marine Le Pen sonr\u00ede a la multitud durante una reuni\u00f3n para lanzar la campa\u00f1a del Partido Nacional de Rally para las elecciones europeas el 13 de enero de 2019 en Par\u00eds.<\/span> <span>(Chesnot\/Getty Images)<\/span><\/p>\n<\/div>\n<\/div>\n<\/div>\n<p>\u00abNo nos rendiremos\u00bb, declar\u00f3 hoy.<\/p>\n<p>Todo esto, seg\u00fan los partidarios de Le Pen y muchos otros, se debe a un sistema judicial de izquierda que le quita un mandato de la gente.<\/p>\n<p>El joven asociado del partido de Le Pen y el posible candidato presidencial de reemplazo, Jordan Bardella, habl\u00f3 el martes en la radio de una \u00abtiran\u00eda de jueces &#8230; todo se hab\u00eda hecho para mantenernos del poder\u00bb.<\/p>\n<p>Uno de los fiscales franceses en el caso, Remy Heitz, defendi\u00f3 el fallo el martes, diciendo \u00abesta no es una decisi\u00f3n pol\u00edtica sino legal\u00bb.<\/p>\n<p>Le Pen y sus colegas del partido fueron declarados culpables de hacer mal uso del dinero de la Uni\u00f3n Europea para financiar sus actividades del partido franc\u00e9s. La condena tambi\u00e9n lleva consigo una multa y un per\u00edodo de arresto domiciliario. <\/p>\n<p>El problema es que las probabilidades est\u00e1n en contra de Le Pen ganando la apelaci\u00f3n y tomar\u00eda tiempo. <\/p>\n<p>\u00abNo soy demasiado optimista sobre el atractivo\u00bb, dijo el analista pol\u00edtico franc\u00e9s Christian Malard a Fox News, \u00aby si no funciona de la manera que ella esperar\u00eda, pol\u00edticamente significar\u00eda que est\u00e1\u00bb muerta \u00ab.<\/p>\n<p><strong>Musk golpea el fallo de Le Pen, dice que se \u00abcontraproducir\u00e1\u00bb como el de Trump como algunos en los problemas legales de la derecha mundial<\/strong><\/p>\n<div class=\"image-ct inline\">\n<div class=\"m\"><picture><source media=\"(max-width: 767px)\" srcset=\"https:\/\/a57.foxnews.com\/static.foxnews.com\/foxnews.com\/content\/uploads\/2024\/06\/343\/192\/GettyImages-2155160026.jpg?ve=1&amp;tl=1, https:\/\/a57.foxnews.com\/static.foxnews.com\/foxnews.com\/content\/uploads\/2024\/06\/686\/384\/GettyImages-2155160026.jpg?ve=1&amp;tl=1 2x\" height=\"192\" width=\"343\"><source media=\"(min-width: 768px) and (max-width: 1023px)\" srcset=\"https:\/\/a57.foxnews.com\/static.foxnews.com\/foxnews.com\/content\/uploads\/2024\/06\/672\/378\/GettyImages-2155160026.jpg?ve=1&amp;tl=1, https:\/\/a57.foxnews.com\/static.foxnews.com\/foxnews.com\/content\/uploads\/2024\/06\/1344\/756\/GettyImages-2155160026.jpg?ve=1&amp;tl=1 2x\" height=\"378\" width=\"672\"><source media=\"(min-width: 1024px) and (max-width: 1279px)\" srcset=\"https:\/\/a57.foxnews.com\/static.foxnews.com\/foxnews.com\/content\/uploads\/2024\/06\/931\/523\/GettyImages-2155160026.jpg?ve=1&amp;tl=1, https:\/\/a57.foxnews.com\/static.foxnews.com\/foxnews.com\/content\/uploads\/2024\/06\/1862\/1046\/GettyImages-2155160026.jpg?ve=1&amp;tl=1 2x\" height=\"523\" width=\"931\"><source media=\"(min-width: 1280px)\" srcset=\"https:\/\/a57.foxnews.com\/static.foxnews.com\/foxnews.com\/content\/uploads\/2024\/06\/720\/405\/GettyImages-2155160026.jpg?ve=1&amp;tl=1, https:\/\/a57.foxnews.com\/static.foxnews.com\/foxnews.com\/content\/uploads\/2024\/06\/1440\/810\/GettyImages-2155160026.jpg?ve=1&amp;tl=1 2x\" height=\"405\" width=\"720\"><img loading=\"lazy\" decoding=\"async\" src=\"https:\/\/a57.foxnews.com\/static.foxnews.com\/foxnews.com\/content\/uploads\/2024\/06\/1200\/675\/GettyImages-2155160026.jpg?ve=1&amp;tl=1\" alt=\"Marine le pluma\" width=\"1200\" height=\"675\"\/><\/source><\/source><\/source><\/source><\/picture><\/div>\n<div class=\"info\">\n<div class=\"caption\">\n<p><span>Marine Le Pen es un conocido campe\u00f3n de las causas de derecha en todo el mundo.<\/span> <span>(Artur Widak\/Nurphoto a trav\u00e9s de Getty Images)<\/span><\/p>\n<\/div>\n<\/div>\n<\/div>\n<p>Le Pen es un conocido campe\u00f3n de las causas de derecha y tambi\u00e9n hubo reacci\u00f3n a nivel internacional.  <\/p>\n<p>Anoche en una conferencia de prensa en la Oficina Oval, el presidente Donald Trump se\u00f1al\u00f3: \u00abEso es un gran problema\u00bb. Al agregar esas preguntas sobre el papel de los tribunales en la pol\u00edtica \u00ab&#8230; suena como este pa\u00eds, se parece mucho a este pa\u00eds\u00bb.<\/p>\n<p>Las protestas est\u00e1n siendo convocadas este fin de semana por el Rally Nacional para canalizar lo que se cree que est\u00e1 muy extendido por la que Le Pen sea al menos arrancado temporalmente de la etapa pol\u00edtica.<\/p>\n<p><strong>Haga clic aqu\u00ed para obtener la aplicaci\u00f3n Fox News<\/strong><\/p>\n<p>Como se\u00f1al\u00f3 el analista, Malard, \u00abprivado de sus derechos es la palabra &#8230; veremos si hay una reacci\u00f3n en la calle\u00bb.<\/p>\n<p>O veremos si Le Pen solo agita su tiempo. Incluso si su apelaci\u00f3n falla, podr\u00e1 postularse nuevamente para un cargo cuando tenga 61 a\u00f1os. Lo suficientemente joven, en muchos pa\u00edses, para seguir siendo el papel de liderazgo!<\/p>\n<p> <!----> <\/p>\n<div class=\"article-meta\">\n<div class=\"author-bio\">\n<p><i>Greg Palkot actualmente se desempe\u00f1a como corresponsal senior de asuntos exteriores con sede en Londres para Fox News Channel (FNC). Se uni\u00f3 a la red en 1998 como corresponsal. Seguirlo <a href=\"https:\/\/twitter.com\/GregPalkot\" target=\"_blank\">Twitter @ Gregpalkot<\/a>.<\/i>&#13;\n<\/p>\n<\/div>\n<\/div>\n<\/div>\n<p><script async src=\"https:\/\/platform.twitter.com\/widgets.js\" charset=\"utf-8\"><\/script><br \/>\n<br \/>\n","protected":false},"excerpt":{"rendered":"<p>Las r\u00e9plicas todav\u00eda se sienten en Francia por lo que un analista pol\u00edtico le dijo a Fox News que era un \u00abterremoto pol\u00edtico\u00bb all\u00ed esta semana. El pol\u00edtico popular de derecha Marine Le Pen fue condenado por malversaci\u00f3n de malversaci\u00f3n por un tribunal franc\u00e9s y le prohibi\u00f3 postularse para un cargo durante cinco a\u00f1os. En &hellip;<\/p>\n","protected":false},"author":1,"featured_media":21148,"comment_status":"open","ping_status":"open","sticky":false,"template":"","format":"standard","meta":{"fifu_image_url":"https:\/\/static.foxnews.com\/foxnews.com\/content\/uploads\/2024\/07\/France-election-3.jpg","fifu_image_alt":"","footnotes":""},"categories":[13],"tags":[],"class_list":["post-21146","post","type-post","status-publish","format-standard","has-post-thumbnail","","category-mundo"],"_links":{"self":[{"href":"https:\/\/noticiasveraces.com\/index.php?rest_route=\/wp\/v2\/posts\/21146","targetHints":{"allow":["GET"]}}],"collection":[{"href":"https:\/\/noticiasveraces.com\/index.php?rest_route=\/wp\/v2\/posts"}],"about":[{"href":"https:\/\/noticiasveraces.com\/index.php?rest_route=\/wp\/v2\/types\/post"}],"author":[{"embeddable":true,"href":"https:\/\/noticiasveraces.com\/index.php?rest_route=\/wp\/v2\/users\/1"}],"replies":[{"embeddable":true,"href":"https:\/\/noticiasveraces.com\/index.php?rest_route=%2Fwp%2Fv2%2Fcomments&post=21146"}],"version-history":[{"count":0,"href":"https:\/\/noticiasveraces.com\/index.php?rest_route=\/wp\/v2\/posts\/21146\/revisions"}],"wp:featuredmedia":[{"embeddable":true,"href":"https:\/\/noticiasveraces.com\/index.php?rest_route=\/wp\/v2\/media\/21148"}],"wp:attachment":[{"href":"https:\/\/noticiasveraces.com\/index.php?rest_route=%2Fwp%2Fv2%2Fmedia&parent=21146"}],"wp:term":[{"taxonomy":"category","embeddable":true,"href":"https:\/\/noticiasveraces.com\/index.php?rest_route=%2Fwp%2Fv2%2Fcategories&post=21146"},{"taxonomy":"post_tag","embeddable":true,"href":"https:\/\/noticiasveraces.com\/index.php?rest_route=%2Fwp%2Fv2%2Ftags&post=21146"}],"curies":[{"name":"wp","href":"https:\/\/api.w.org\/{rel}","templated":true}]}}