{"id":21107,"date":"2025-04-01T10:25:09","date_gmt":"2025-04-01T14:25:09","guid":{"rendered":"https:\/\/noticiasveraces.com\/?p=21107"},"modified":"2025-04-01T10:25:09","modified_gmt":"2025-04-01T14:25:09","slug":"de-plaza-de-toros-a-centro-cultural-dw-01-04-2025","status":"publish","type":"post","link":"https:\/\/noticiasveraces.com\/?p=21107","title":{"rendered":"de plaza de toros a centro cultural \u2013 DW \u2013 01\/04\/2025"},"content":{"rendered":"<p> \n<\/p>\n<div>\n<figure class=\"placeholder-image master_landscape big\"><img data-format=\"MASTER_LANDSCAPE\" data-id=\"72100909\" data-url=\"https:\/\/static.dw.com\/image\/72100909_${formatId}.jpg\" data-aspect-ratio=\"16\/9\" alt=\"Fachada principal de la plaza de toros de Las Ventas.\" style=\"padding-bottom: 56.25%; height: 0; max-height: 0;\"\/><figcaption class=\"img-caption\">En la plaza de toros de Las Ventas se celebran conciertos aparte de corridas. <small class=\"copyright\">Imagen: Luis Martinez\/Design Pics\/Picture Alliance<\/small><\/figcaption><\/figure>\n<\/p>\n<p><strong>Espa\u00f1a:<\/strong> <strong>Las Ventas, en Madrid<\/strong><\/p>\n<p>La ic\u00f3nica plaza\u00a0de la capital de Espa\u00f1a est\u00e1 cerca de cumplir 100 a\u00f1os. Para llegar en plenitud a los festejos de su centenario, sufrir\u00e1 una reforma de elementos estructurales y acabados interiores.<\/p>\n<p>El Gobierno regional de Madrid invertir\u00e1 40 millones de euros en el proyecto, con el objetivo de garantizar la conservaci\u00f3n del hist\u00f3rico edificio y mejorar la seguridad del p\u00fablico. Los trabajos se desarrollar\u00e1n entre 2026 y 2031, fecha del centenario, pero las corridas de toros y los conciertos seguir\u00e1n celebr\u00e1ndose mientras tanto.<\/p>\n<p>El ic\u00f3nico ruedo atrae a millones de visitantes que visitan la capital de Espa\u00f1a. El Espa\u00f1a, la tauromaquia es, por ley, parte del patrimonio cultural digno de protecci\u00f3n en todo el territorio nacional.<\/p>\n<figure class=\"placeholder-image master_landscape big\"><img data-format=\"MASTER_LANDSCAPE\" data-id=\"72101086\" data-url=\"https:\/\/static.dw.com\/image\/72101086_${formatId}.jpg\" data-aspect-ratio=\"16\/9\" alt=\"Fachada neomud\u00e9jar en tonos blancos y azules. \" style=\"padding-bottom: 56.25%; height: 0; max-height: 0;\"\/><figcaption class=\"img-caption\">Fachada neomud\u00e9jar de la antigua plaza de toros Monumental de Barcelona, hoy reconvertida en el centro comercial Las Arenas.<small class=\"copyright\">Imagen: Robert Poorten\/Image Broker\/Picture Alliance<\/small><\/figcaption><\/figure>\n<p><strong>Espa\u00f1a:<\/strong><strong> Las Arenas, en Barcelona<\/strong><\/p>\n<p>De la arena taurina a la comercial:\u00a0Catalu\u00f1a prohibi\u00f3 en 2010 la celebraci\u00f3n de corridas de toros. Aunque el Tribunal Constitucional espa\u00f1ol tumb\u00f3 este veto en 2016 por invadir la competencia del Estado, no se celebran festejos taurinos en Catalu\u00f1a.<\/p>\n<p>La plaza de toros de Barcelona, de estilo neomud\u00e9jar, data de 1898, pero el edificio fue progresivamente en desuso por el creciente desinter\u00e9s por las corridas de toros en la regi\u00f3n. Los trabajos de rehabilitaci\u00f3n respetaron la fachada original y renovaron por completo el interior. El edificio\u00a0qued\u00f3 reconvertido en un espacio comercial, l\u00fadico y deportivo de 105.000 metros cuadrados. El complejo es conocido como Las Arenas y fue inaugurado en 2011.<\/p>\n<figure class=\"placeholder-image master_landscape big\"><img data-format=\"MASTER_LANDSCAPE\" data-id=\"71971931\" data-url=\"https:\/\/static.dw.com\/image\/71971931_${formatId}.jpg\" data-aspect-ratio=\"16\/9\" alt=\"Torero y toro en la plaza de toros de Ciudad de M\u00e9xico. Sobre la arena del ruedo, escrita en letras blancas la palabra LIBERTAD. \" style=\"padding-bottom: 56.25%; height: 0; max-height: 0;\"\/><figcaption class=\"img-caption\">En enero de 2024, la Monumental de Ciudad de M\u00e9xico volvi\u00f3 a celebrar corridas tras dos a\u00f1os sin este tipo de espect\u00e1culos.  <small class=\"copyright\">Imagen: Luis E Salgado\/ZUMA\/picture alliance<\/small><\/figcaption><\/figure>\n<p><strong>M\u00e9xico:\u00a0Plaza Monumental, en Ciudad de M\u00e9xico<\/strong><\/p>\n<p>El Congreso de Ciudad de M\u00e9xico\u00a0 aprob\u00f3 a mediados de marzo de 2025 una reforma que solo permite espect\u00e1culos taurinos sin violencia, prohibiendo lesiones, muerte y el uso de objetos punzantes contra el animal. Adem\u00e1s, cada toro solo podr\u00e1 estar en el ruedo un m\u00e1ximo de 10 minutos.<\/p>\n<p>La medida llega tras una larga controversia entre detractores y\u00a0 aficionados al toreo de Ciudad de M\u00e9xico, que han acudido al poder judicial para defender sus posiciones.<\/p>\n<p>La legislaci\u00f3n sobre las corridas de toros en el pa\u00eds depende de cada uno de los 32 estados mexicanos. Mientras en algunos est\u00e1n considerada bien de inter\u00e9s cultural y material, como Aguascalientes, Quer\u00e9taro, Zacatecas, Michoac\u00e1n y Guanajuato, en otros est\u00e1n prohibidas.<\/p>\n<p>Con\u00a0las recientes restricciones recientemente aprobadas, seguir\u00e1 siendo posible celebrarlas en Ciudad de M\u00e9xico, que cuenta con el ruedo m\u00e1s grande del mundo, la Monumental o Plaza M\u00e9xico.\u00a0 Inaugurada en 1946, tiene capacidad para 42.000 personas sentadas y alberga conciertos adem\u00e1s de festejos taurinos.<\/p>\n<figure class=\"placeholder-image master_landscape big\"><img data-format=\"MASTER_LANDSCAPE\" data-id=\"72101058\" data-url=\"https:\/\/static.dw.com\/image\/72101058_${formatId}.jpg\" data-aspect-ratio=\"16\/9\" alt=\"Espect\u00e1culo taurino con varios diestros en el ruedo y un toro. \" style=\"padding-bottom: 56.25%; height: 0; max-height: 0;\"\/><figcaption class=\"img-caption\">Plaza de toros de Acho, en Lima. una atracci\u00f3n tur\u00edstica en un pa\u00eds con una arraigada tradici\u00f3n taurina. <small class=\"copyright\">Imagen: Melissa Farlow\/Design Pics\/Picture Alliance<\/small><\/figcaption><\/figure>\n<p><strong>Per\u00fa:\u00a0Plaza de Toros de Acho, en Lima<\/strong><\/p>\n<p>Fundada en 1766, es la plaza de toros m\u00e1s antigua de Am\u00e9rica y uno de los centros de atracci\u00f3n tur\u00edstica de Lima. Con una capacidad para 14.000 espectadores, fue declarada Patrimonio Cultural de la Humanidad por la UNESCO en 1991.<\/p>\n<p>Aparte de espect\u00e1culos taurinos, la plaza de toros de Acho tambi\u00e9n acoge conciertos y otros eventos. A pesar de movimientos ciudadanos que cuestionan la tauromaquia, Per\u00fa es uno de los pa\u00edses donde esta pr\u00e1ctica sigue profundamente arraigada.<\/p>\n<figure class=\"placeholder-image master_landscape big\"><img data-format=\"MASTER_LANDSCAPE\" data-id=\"72101163\" data-url=\"https:\/\/static.dw.com\/image\/72101163_${formatId}.jpg\" data-aspect-ratio=\"16\/9\" alt=\"Plaza de toros vac\u00eda y abandonada. \" style=\"padding-bottom: 56.25%; height: 0; max-height: 0;\"\/><figcaption class=\"img-caption\">En Ecuador, las corridas est\u00e1n prohibidas expl\u00edcitamente en Quito. En el resto del pa\u00eds, la afici\u00f3n est\u00e1 en declive. <small class=\"copyright\">Imagen: YAY Images\/IMAGO<\/small><\/figcaption><\/figure>\n<p><strong>Ecuador<\/strong><\/p>\n<p>La tauromaquia es un espect\u00e1culo de capa ca\u00edda en Ecuador, pa\u00eds que celebr\u00f3 una consulta en 2011 para preguntar a la ciudadan\u00eda si deb\u00eda prohibir las corridas de toros y otros espect\u00e1culos que tienen como finalidad la muerte de un animal.<\/p>\n<p>Gan\u00f3 la posici\u00f3n a favor de la prohibici\u00f3n, lo que llev\u00f3 a la ciudad de Quito a legislar contra ese tipo de eventos. En otros lugares del pa\u00eds, la tauromaquia sigue teniendo tradici\u00f3n, pero los espect\u00e1culos se han reducido notablemente.<\/p>\n<figure class=\"placeholder-image master_landscape big\"><img data-format=\"MASTER_LANDSCAPE\" data-id=\"72101115\" data-url=\"https:\/\/static.dw.com\/image\/72101115_${formatId}.jpg\" data-aspect-ratio=\"16\/9\" alt=\"Esculturas de un toro embistiendo la capa de un torero en plena faena, ante la fachada de la plaza de toros de Maracay. \" style=\"padding-bottom: 56.25%; height: 0; max-height: 0;\"\/><figcaption class=\"img-caption\">En Venezuela, las corridas de toros se celebran en varias regiones, pero no en grandes ciudades como la capital, Caracas. <small class=\"copyright\">Imagen: Juan Carlos Hernandez\/ZUMA Press\/IMAGO<\/small><\/figcaption><\/figure>\n<p><strong>Venezuela:\u00a0Maestranza C\u00e9sar Gir\u00f3n, en Maracay<\/strong><\/p>\n<p>La construcci\u00f3n de la plaza Maestranza C\u00e9sar Gir\u00f3n, en la ciudad venezolana de Maracay, se inspir\u00f3 en la plaza de la Real Maestranza de Sevilla. Inaugurado en 1933, el edificio est\u00e1 considerado como Monumento Hist\u00f3rico nacional.<\/p>\n<p>Actualmente, est\u00e1 siendo restaurado y rehabilitado para seguir albergando no solo corridas de toros, sino tambi\u00e9n conciertos y eventos culturales para vecinos y visitantes. En Venezuela no hay una prohibici\u00f3n formal contra los espect\u00e1culos taurinos, aunque la afici\u00f3n est\u00e1 decayendo.\u00a0En grandes ciudades como Caracas, la pr\u00e1ctica taurina es inexistente.<\/p>\n<figure class=\"placeholder-image master_landscape big\"><img data-format=\"MASTER_LANDSCAPE\" data-id=\"72101189\" data-url=\"https:\/\/static.dw.com\/image\/72101189_${formatId}.jpg\" data-aspect-ratio=\"16\/9\" alt=\"Fachada de estilo del edificio circular de una plaza de toros. \" style=\"padding-bottom: 56.25%; height: 0; max-height: 0;\"\/><figcaption class=\"img-caption\">En Colombia, la prohibici\u00f3n de celebrar corridas de toros entrar\u00e1 en vigor en 2027. En la imagen, la fachada de la plaza La Santamar\u00eda, en Bogot\u00e1. <small class=\"copyright\">Imagen: Roland R. Faeustlin\/Dreamstime\/Imelo<\/small><\/figcaption><\/figure>\n<p><strong>Colombia:\u00a0Plaza cultural La Santamar\u00eda, en Bogot\u00e1<\/strong><\/p>\n<p>Construida en 1931, la Plaza Cultural La Santamar\u00eda cuenta con una capacidad para 14.500 espectadores y fue declarada Monumento Nacional de Colombia en 1984. \u00a0Con una fachada de estilo neomud\u00e9jar, es un centro cultural y art\u00edstico, en el que tambi\u00e9n se celebran eventos deportivos.<\/p>\n<p>En Colombia, el Congreso aprob\u00f3 en mayo de 2024 prohibir las corridas de toros corridas de toros y otro tipo de \u00abentretenimiento cruel con animales\u201d. La medida entrar\u00e1 en vigor en 2027 y contempla la transformaci\u00f3n de las plazas de toros del pa\u00eds en escenarios destinados a eventos culturales y deportivos.<\/p>\n<figure class=\"placeholder-image master_landscape big\"><img data-format=\"MASTER_LANDSCAPE\" data-id=\"72101139\" data-url=\"https:\/\/static.dw.com\/image\/72101139_${formatId}.jpg\" data-aspect-ratio=\"16\/9\" alt=\"Restos de la fachada hist\u00f3rica de la plaza de toros de Colonia del Sacramento. \" style=\"padding-bottom: 56.25%; height: 0; max-height: 0;\"\/><figcaption class=\"img-caption\">\u200b\u200b\u200b\u200bFachada hist\u00f3rica de la plaza de toros de Colonia del Sacramento, en Uruguay.<small class=\"copyright\">Im\u00e1genes: Olaf Speier\/DepositPhotos\/IMelo<\/small><\/figcaption><\/figure>\n<p><strong>Uruguay: Plaza de Toros Real de San Carlos, en Colonia del Sacramento<\/strong><\/p>\n<p>Declarada Monumento Hist\u00f3rico nacional por Uruguay, esta majestuosa plaza de estilo neomud\u00e9jar solo funcion\u00f3 como evento para corridas de toros entre 1910 y 1912 y en ellas no lleg\u00f3 a matarse ning\u00fan animal, porque esta pr\u00e1ctica estaba prohibida en el pa\u00eds desde una fecha tan temprana como 1890. El espect\u00e1culo taurino fue definitivamente desterrado de Uruguay en 1912.<\/p>\n<p>Despu\u00e9s,\u00a0el edificio estuvo en desuso durante largos per\u00edodos de tiempo. Pero, a principios del siglo XXI, se inici\u00f3 un\u00a0ambicioso proyecto de restauraci\u00f3n\u00a0que respet\u00f3 su valor hist\u00f3rico y arquitect\u00f3nico para convertirlo en epicentro de espect\u00e1culos y eventos.\u00a0 Adem\u00e1s, alberga exposiciones, conferencias y una atractiva oferta gastron\u00f3mica.<\/p>\n<p>(CP)<\/p>\n<\/p>\n<\/div>\n\n","protected":false},"excerpt":{"rendered":"<p>En la plaza de toros de Las Ventas se celebran conciertos aparte de corridas. Imagen: Luis Martinez\/Design Pics\/Picture Alliance Espa\u00f1a: Las Ventas, en Madrid La ic\u00f3nica plaza\u00a0de la capital de Espa\u00f1a est\u00e1 cerca de cumplir 100 a\u00f1os. Para llegar en plenitud a los festejos de su centenario, sufrir\u00e1 una reforma de elementos estructurales y acabados &hellip;<\/p>\n","protected":false},"author":1,"featured_media":21108,"comment_status":"open","ping_status":"open","sticky":false,"template":"","format":"standard","meta":{"fifu_image_url":"https:\/\/static.dw.com\/image\/72100959_6.jpg","fifu_image_alt":"","footnotes":""},"categories":[13],"tags":[],"class_list":["post-21107","post","type-post","status-publish","format-standard","has-post-thumbnail","","category-mundo"],"_links":{"self":[{"href":"https:\/\/noticiasveraces.com\/index.php?rest_route=\/wp\/v2\/posts\/21107","targetHints":{"allow":["GET"]}}],"collection":[{"href":"https:\/\/noticiasveraces.com\/index.php?rest_route=\/wp\/v2\/posts"}],"about":[{"href":"https:\/\/noticiasveraces.com\/index.php?rest_route=\/wp\/v2\/types\/post"}],"author":[{"embeddable":true,"href":"https:\/\/noticiasveraces.com\/index.php?rest_route=\/wp\/v2\/users\/1"}],"replies":[{"embeddable":true,"href":"https:\/\/noticiasveraces.com\/index.php?rest_route=%2Fwp%2Fv2%2Fcomments&post=21107"}],"version-history":[{"count":0,"href":"https:\/\/noticiasveraces.com\/index.php?rest_route=\/wp\/v2\/posts\/21107\/revisions"}],"wp:featuredmedia":[{"embeddable":true,"href":"https:\/\/noticiasveraces.com\/index.php?rest_route=\/wp\/v2\/media\/21108"}],"wp:attachment":[{"href":"https:\/\/noticiasveraces.com\/index.php?rest_route=%2Fwp%2Fv2%2Fmedia&parent=21107"}],"wp:term":[{"taxonomy":"category","embeddable":true,"href":"https:\/\/noticiasveraces.com\/index.php?rest_route=%2Fwp%2Fv2%2Fcategories&post=21107"},{"taxonomy":"post_tag","embeddable":true,"href":"https:\/\/noticiasveraces.com\/index.php?rest_route=%2Fwp%2Fv2%2Ftags&post=21107"}],"curies":[{"name":"wp","href":"https:\/\/api.w.org\/{rel}","templated":true}]}}