{"id":21092,"date":"2025-04-01T07:20:13","date_gmt":"2025-04-01T11:20:13","guid":{"rendered":"https:\/\/noticiasveraces.com\/?p=21092"},"modified":"2025-04-01T07:20:13","modified_gmt":"2025-04-01T11:20:13","slug":"musk-dice-que-la-condena-del-lider-frances-le-pen-se-contraer-como-las-decisiones-legales-de-trump","status":"publish","type":"post","link":"https:\/\/noticiasveraces.com\/?p=21092","title":{"rendered":"Musk dice que la condena del l\u00edder franc\u00e9s Le Pen se \u00abcontraer\u00bb como las decisiones legales de Trump"},"content":{"rendered":"<p> \n<\/p>\n<div>\n<p class=\"speakable\">JERUSALEN-La impresionante condena judicial del popular pol\u00edtico de derecha Marine Le Pen el lunes por malversaci\u00f3n de fondos provoc\u00f3 indignaci\u00f3n del jefe de eficiencia gubernamental del presidente Donald Trump, Elon Musk, quien compar\u00f3 su destino con los problemas legales de Trump.<\/p>\n<p class=\"speakable\">Musk dijo despu\u00e9s del veredicto que \u00abEsto ser\u00e1 contraproducente, como los ataques legales contra el presidente Trump\u00bb. Musk fij\u00f3 la culpa a la izquierda por la condena de Le Pen. Escribi\u00f3 en X: \u00abCuando la izquierda radical no puede ganar a trav\u00e9s del voto democr\u00e1tico, abusan del sistema legal para encarcelar a sus oponentes. Este es su libro de jugadas est\u00e1ndar en todo el mundo\u00bb.<\/p>\n<p>La condena de Le Pen, que la proh\u00edbe a postularse por un cargo durante cinco a\u00f1os, se produce en medio de enjuiciamientos legales de otros pol\u00edticos de derecha, desde el primer ministro israel\u00ed Benjamin Netanyahu hasta C\u0103lin Georgescu de Rumania hasta el ex presidente brasile\u00f1o Jair Bolsonaro.<\/p>\n<p><strong>La victoria de Trump podr\u00eda dar un impulso a las esperanzas de reelecci\u00f3n de Bolsonaro de Brasil en medio de la prohibici\u00f3n de la corte de que se ejecute<\/strong><\/p>\n<div class=\"image-ct inline\">\n<div class=\"m\"><picture><source media=\"(max-width: 767px)\" srcset=\"https:\/\/a57.foxnews.com\/static.foxnews.com\/foxnews.com\/content\/uploads\/2025\/03\/343\/192\/ap25090280041745.jpg?ve=1&amp;tl=1, https:\/\/a57.foxnews.com\/static.foxnews.com\/foxnews.com\/content\/uploads\/2025\/03\/686\/384\/ap25090280041745.jpg?ve=1&amp;tl=1 2x\" height=\"192\" width=\"343\"><source media=\"(min-width: 768px) and (max-width: 1023px)\" srcset=\"https:\/\/a57.foxnews.com\/static.foxnews.com\/foxnews.com\/content\/uploads\/2025\/03\/672\/378\/ap25090280041745.jpg?ve=1&amp;tl=1, https:\/\/a57.foxnews.com\/static.foxnews.com\/foxnews.com\/content\/uploads\/2025\/03\/1344\/756\/ap25090280041745.jpg?ve=1&amp;tl=1 2x\" height=\"378\" width=\"672\"><source media=\"(min-width: 1024px) and (max-width: 1279px)\" srcset=\"https:\/\/a57.foxnews.com\/static.foxnews.com\/foxnews.com\/content\/uploads\/2025\/03\/931\/523\/ap25090280041745.jpg?ve=1&amp;tl=1, https:\/\/a57.foxnews.com\/static.foxnews.com\/foxnews.com\/content\/uploads\/2025\/03\/1862\/1046\/ap25090280041745.jpg?ve=1&amp;tl=1 2x\" height=\"523\" width=\"931\"><source media=\"(min-width: 1280px)\" srcset=\"https:\/\/a57.foxnews.com\/static.foxnews.com\/foxnews.com\/content\/uploads\/2025\/03\/720\/405\/ap25090280041745.jpg?ve=1&amp;tl=1, https:\/\/a57.foxnews.com\/static.foxnews.com\/foxnews.com\/content\/uploads\/2025\/03\/1440\/810\/ap25090280041745.jpg?ve=1&amp;tl=1 2x\" height=\"405\" width=\"720\"><img loading=\"lazy\" decoding=\"async\" src=\"https:\/\/a57.foxnews.com\/static.foxnews.com\/foxnews.com\/content\/uploads\/2025\/03\/1200\/675\/ap25090280041745.jpg?ve=1&amp;tl=1\" alt=\"El l\u00edder de la derecha francesa Marine Le Pen llega a un tribunal de Par\u00eds que se espera que entregue un veredicto en un caso de malversaci\u00f3n de fondos que podr\u00eda sacudir la pol\u00edtica francesa y descarrilar la carrera del l\u00edder de extrema derecha Marine Le Pen el lunes 31 de marzo de 2025 en Par\u00eds. (Photo\/Thibault Camus)\" width=\"1200\" height=\"675\"\/><\/source><\/source><\/source><\/source><\/picture><\/div>\n<div class=\"info\">\n<div class=\"caption\">\n<p><span>El l\u00edder de la derecha francesa Marine Le Pen llega a un tribunal de Par\u00eds que se espera que entregue un veredicto en un caso de malversaci\u00f3n de fondos el lunes 31 de marzo de 2025 en Par\u00eds.<\/span> <span>(Photo\/Thibault Camus)<\/span><\/p>\n<\/div>\n<\/div>\n<\/div>\n<p>Fox News Digital inform\u00f3 el a\u00f1o pasado, despu\u00e9s de que un jurado de Manhattan conden\u00f3 al entonces presidente de Former Trump por falsificar registros comerciales, que los expertos legales vieron similitudes entre su caso y el enjuiciamiento de corrupci\u00f3n en curso contra Netanyahu.<\/p>\n<p>Cuando se le pregunt\u00f3 el lunes sobre la sentencia de Le Pen, Trump le dijo a los periodistas que era \u00abun gran problema\u00bb, y agreg\u00f3: \u00abPero fue prohibida por correr durante cinco a\u00f1os, y que es la candidata principal. Eso suena como este pa\u00eds, eso suena muy parecido a este pa\u00eds\u00bb.<\/p>\n<p>Otros casos en los que se han dirigido a los l\u00edderes y pol\u00edticos mundiales de la derecha incluyen Netanyahu, quien fue acusado de fraude, incumplimiento de confianza y aceptaci\u00f3n de sobornos en una saga legal que comenz\u00f3 hace cuatro a\u00f1os y todav\u00eda se est\u00e1 desarrollando. Netanyahu ha negado rotundamente todas las acusaciones contra \u00e9l.<\/p>\n<div class=\"image-ct inline\">\n<div class=\"m\"><picture><source media=\"(max-width: 767px)\" srcset=\"https:\/\/a57.foxnews.com\/static.foxnews.com\/foxnews.com\/content\/uploads\/2025\/02\/343\/192\/ap25057420140823.jpg?ve=1&amp;tl=1, https:\/\/a57.foxnews.com\/static.foxnews.com\/foxnews.com\/content\/uploads\/2025\/02\/686\/384\/ap25057420140823.jpg?ve=1&amp;tl=1 2x\" height=\"192\" width=\"343\"><source media=\"(min-width: 768px) and (max-width: 1023px)\" srcset=\"https:\/\/a57.foxnews.com\/static.foxnews.com\/foxnews.com\/content\/uploads\/2025\/02\/672\/378\/ap25057420140823.jpg?ve=1&amp;tl=1, https:\/\/a57.foxnews.com\/static.foxnews.com\/foxnews.com\/content\/uploads\/2025\/02\/1344\/756\/ap25057420140823.jpg?ve=1&amp;tl=1 2x\" height=\"378\" width=\"672\"><source media=\"(min-width: 1024px) and (max-width: 1279px)\" srcset=\"https:\/\/a57.foxnews.com\/static.foxnews.com\/foxnews.com\/content\/uploads\/2025\/02\/931\/523\/ap25057420140823.jpg?ve=1&amp;tl=1, https:\/\/a57.foxnews.com\/static.foxnews.com\/foxnews.com\/content\/uploads\/2025\/02\/1862\/1046\/ap25057420140823.jpg?ve=1&amp;tl=1 2x\" height=\"523\" width=\"931\"><source media=\"(min-width: 1280px)\" srcset=\"https:\/\/a57.foxnews.com\/static.foxnews.com\/foxnews.com\/content\/uploads\/2025\/02\/720\/405\/ap25057420140823.jpg?ve=1&amp;tl=1, https:\/\/a57.foxnews.com\/static.foxnews.com\/foxnews.com\/content\/uploads\/2025\/02\/1440\/810\/ap25057420140823.jpg?ve=1&amp;tl=1 2x\" height=\"405\" width=\"720\"><img loading=\"lazy\" decoding=\"async\" src=\"https:\/\/a57.foxnews.com\/static.foxnews.com\/foxnews.com\/content\/uploads\/2025\/02\/1200\/675\/ap25057420140823.jpg?ve=1&amp;tl=1\" alt=\"Georgescu saluda a los seguidores\" width=\"1200\" height=\"675\"\/><\/source><\/source><\/source><\/source><\/picture><\/div>\n<div class=\"info\">\n<div class=\"caption\">\n<p><span>Calin Georgescu, el ganador de la primera ronda de las elecciones presidenciales de Rumania, anulada por el Tribunal Constitucional, olas a los partidarios reunidos para una protesta fuera del Parlamento rumano en Bucarest, Rumania, el s\u00e1bado 22 de febrero de 2025.<\/span> <span>(AP Photo\/Alexandru Dobre, archivos)<\/span><\/p>\n<\/div>\n<\/div>\n<\/div>\n<p>El l\u00edder presidencial de derecha de Rumania, Georgescu, fue excluido de la carrera bajo cargos penales que compar\u00f3 con los que Trump enfrent\u00f3.<\/p>\n<p>\u00abTambi\u00e9n nos enfrentamos a un r\u00e9gimen comunista\u00bb, dijo Georgescu a Fox News Digital justo antes de que una oficina electoral rumana le impediera correr en una repetici\u00f3n de elecciones presidenciales de mayo. Los fiscales abrieron un caso penal en su contra dos semanas antes. <\/p>\n<div class=\"image-ct inline\">\n<div class=\"m\"><picture><source media=\"(max-width: 767px)\" srcset=\"https:\/\/a57.foxnews.com\/static.foxnews.com\/foxnews.com\/content\/uploads\/2025\/03\/343\/192\/brazil-bolsonaro-supreme-court.jpg?ve=1&amp;tl=1, https:\/\/a57.foxnews.com\/static.foxnews.com\/foxnews.com\/content\/uploads\/2025\/03\/686\/384\/brazil-bolsonaro-supreme-court.jpg?ve=1&amp;tl=1 2x\" height=\"192\" width=\"343\"><source media=\"(min-width: 768px) and (max-width: 1023px)\" srcset=\"https:\/\/a57.foxnews.com\/static.foxnews.com\/foxnews.com\/content\/uploads\/2025\/03\/672\/378\/brazil-bolsonaro-supreme-court.jpg?ve=1&amp;tl=1, https:\/\/a57.foxnews.com\/static.foxnews.com\/foxnews.com\/content\/uploads\/2025\/03\/1344\/756\/brazil-bolsonaro-supreme-court.jpg?ve=1&amp;tl=1 2x\" height=\"378\" width=\"672\"><source media=\"(min-width: 1024px) and (max-width: 1279px)\" srcset=\"https:\/\/a57.foxnews.com\/static.foxnews.com\/foxnews.com\/content\/uploads\/2025\/03\/931\/523\/brazil-bolsonaro-supreme-court.jpg?ve=1&amp;tl=1, https:\/\/a57.foxnews.com\/static.foxnews.com\/foxnews.com\/content\/uploads\/2025\/03\/1862\/1046\/brazil-bolsonaro-supreme-court.jpg?ve=1&amp;tl=1 2x\" height=\"523\" width=\"931\"><source media=\"(min-width: 1280px)\" srcset=\"https:\/\/a57.foxnews.com\/static.foxnews.com\/foxnews.com\/content\/uploads\/2025\/03\/720\/405\/brazil-bolsonaro-supreme-court.jpg?ve=1&amp;tl=1, https:\/\/a57.foxnews.com\/static.foxnews.com\/foxnews.com\/content\/uploads\/2025\/03\/1440\/810\/brazil-bolsonaro-supreme-court.jpg?ve=1&amp;tl=1 2x\" height=\"405\" width=\"720\"><img loading=\"lazy\" decoding=\"async\" src=\"https:\/\/a57.foxnews.com\/static.foxnews.com\/foxnews.com\/content\/uploads\/2025\/03\/1200\/675\/brazil-bolsonaro-supreme-court.jpg?ve=1&amp;tl=1\" alt=\"El ex presidente brasile\u00f1o Jair Bolsonaro ha sido acusado en un supuesto intento de golpe despu\u00e9s de su derrota electoral de 2022. La Corte Suprema de Brasil le orden\u00f3 ser juzgado.\" width=\"1200\" height=\"675\"\/><\/source><\/source><\/source><\/source><\/picture><\/div>\n<div class=\"info\">\n<div class=\"caption\">\n<p><span>El ex presidente brasile\u00f1o Jair Bolsonaro habla con la prensa cuando llega al aeropuerto internacional de Brasilia en Brasilia, Brasil, el 25 de marzo de 2025.<\/span> <span>(AP Photo\/Luis Nova)<\/span><\/p>\n<\/div>\n<\/div>\n<\/div>\n<p>La semana pasada, la Corte Suprema de Brasil acept\u00f3 cargos contra el ex presidente Bolsonaro por un presunto intento de permanecer en el cargo despu\u00e9s de su derrota electoral de 2022, ordenando al ex l\u00edder que fuera juzgado.<\/p>\n<p>El vicepresidente de Italia, Matteo Salvini, quien fue autorizado en diciembre de detener ilegalmente a los migrantes, calific\u00f3 su caso como \u00abuna declaraci\u00f3n de guerra de Bruselas\u00bb.<\/p>\n<p>Eugene Kontorovich, experto legal y miembro principal del Centro Margaret Thatcher de la Fundaci\u00f3n de la Fundaci\u00f3n Heritage, dijo a Fox News Digital, \u00abFrancia sigue el patr\u00f3n de enjuiciamientos pol\u00edticos en los Estados Unidos e Israel, donde los enjuiciamientos penales por los oscuros sin v\u00edctimas se usan para eliminar a los l\u00edderes de los altos de los Asiones y se utilizan a los tribunales entre los electorales y sus preferidos. Es un a\u00f1o de los Casos de los Casos de los Casos de los Casos de los Casos de los Casos. Es un a\u00f1o de los Casos de los Casos. Es un a\u00f1o de los Casos. Otros: los izquierdistas de todo el mundo est\u00e1n aprendiendo y legitimando las t\u00e1cticas del otro \u00ab.<\/p>\n<p><strong>Rumania bloquea el favorito de la carrera presidencial pospuesta<\/strong><\/p>\n<div class=\"image-ct inline\">\n<div class=\"m\"><picture><source media=\"(max-width: 767px)\" srcset=\"https:\/\/a57.foxnews.com\/static.foxnews.com\/foxnews.com\/content\/uploads\/2025\/02\/343\/192\/ap25048397350092.jpg?ve=1&amp;tl=1, https:\/\/a57.foxnews.com\/static.foxnews.com\/foxnews.com\/content\/uploads\/2025\/02\/686\/384\/ap25048397350092.jpg?ve=1&amp;tl=1 2x\" height=\"192\" width=\"343\"><source media=\"(min-width: 768px) and (max-width: 1023px)\" srcset=\"https:\/\/a57.foxnews.com\/static.foxnews.com\/foxnews.com\/content\/uploads\/2025\/02\/672\/378\/ap25048397350092.jpg?ve=1&amp;tl=1, https:\/\/a57.foxnews.com\/static.foxnews.com\/foxnews.com\/content\/uploads\/2025\/02\/1344\/756\/ap25048397350092.jpg?ve=1&amp;tl=1 2x\" height=\"378\" width=\"672\"><source media=\"(min-width: 1024px) and (max-width: 1279px)\" srcset=\"https:\/\/a57.foxnews.com\/static.foxnews.com\/foxnews.com\/content\/uploads\/2025\/02\/931\/523\/ap25048397350092.jpg?ve=1&amp;tl=1, https:\/\/a57.foxnews.com\/static.foxnews.com\/foxnews.com\/content\/uploads\/2025\/02\/1862\/1046\/ap25048397350092.jpg?ve=1&amp;tl=1 2x\" height=\"523\" width=\"931\"><source media=\"(min-width: 1280px)\" srcset=\"https:\/\/a57.foxnews.com\/static.foxnews.com\/foxnews.com\/content\/uploads\/2025\/02\/720\/405\/ap25048397350092.jpg?ve=1&amp;tl=1, https:\/\/a57.foxnews.com\/static.foxnews.com\/foxnews.com\/content\/uploads\/2025\/02\/1440\/810\/ap25048397350092.jpg?ve=1&amp;tl=1 2x\" height=\"405\" width=\"720\"><img loading=\"lazy\" decoding=\"async\" src=\"https:\/\/a57.foxnews.com\/static.foxnews.com\/foxnews.com\/content\/uploads\/2025\/02\/1200\/675\/ap25048397350092.jpg?ve=1&amp;tl=1\" alt=\"Donald Trump organiza un prensador con Netanyahu\" width=\"1200\" height=\"675\"\/><\/source><\/source><\/source><\/source><\/picture><\/div>\n<div class=\"info\">\n<div class=\"caption\">\n<p><span>El presidente Donald Trump, a la derecha, y el primer ministro israel\u00ed Benjamin Netanyahu hablan durante una conferencia de prensa en la sala este de la Casa Blanca el martes 4 de febrero de 2025 en Washington, DC<\/span> <span>(Alex Brandon\/AP)<\/span><\/p>\n<\/div>\n<\/div>\n<\/div>\n<p>El coraz\u00f3n del caso de malversaci\u00f3n de fondos gira en torno a las acusaciones contra Le Pen y m\u00e1s de 20 cifras de concentraci\u00f3n nacionales que supuestamente utilizaron fondos de la UE para contratar empleados para trabajar para la manifestaci\u00f3n nacional en lugar de asuntos que involucran al Parlamento Europeo como lo requiere las regulaciones de la UE en Bruselas.<\/p>\n<p>El tribunal franc\u00e9s tambi\u00e9n impuso una sentencia de prisi\u00f3n de cuatro a\u00f1os en Le Pen. La convicci\u00f3n desat\u00f3 un terremoto pol\u00edtico en Francia, donde las pr\u00f3ximas elecciones presidenciales est\u00e1n programadas para 2027.<\/p>\n<p>El primer ministro h\u00fangaro de la derecha, Viktor Orb\u00e1n, un aliado de Trump, publicado en franc\u00e9s en las redes sociales un mensaje de solidaridad, \u00ab\u00a1Je Suis Marine!\u00bb (\u00abI Am Marine\u00bb), una aparente referencia al eslogan \u00abJe Suis Charlie\u00bb que fue formulado despu\u00e9s de que los terroristas islamistas radicales asesinaron a periodistas en 2015 de la revista sat\u00edrica Charlie Hebdo en Par\u00eds.<\/p>\n<p>Le Pen ha transformado el Rally Nacional del Partido Anti-Inmigraci\u00f3n (anteriormente llamado Frente Nacional) en una fuerza pol\u00edtica seria que es un contendiente leg\u00edtimo para ganar las elecciones presidenciales de 2027.<\/p>\n<div class=\"image-ct inline\">\n<div class=\"m\"><picture><source media=\"(max-width: 767px)\" srcset=\"https:\/\/a57.foxnews.com\/static.foxnews.com\/foxnews.com\/content\/uploads\/2024\/06\/343\/192\/GettyImages-2155160026.jpg?ve=1&amp;tl=1, https:\/\/a57.foxnews.com\/static.foxnews.com\/foxnews.com\/content\/uploads\/2024\/06\/686\/384\/GettyImages-2155160026.jpg?ve=1&amp;tl=1 2x\" height=\"192\" width=\"343\"><source media=\"(min-width: 768px) and (max-width: 1023px)\" srcset=\"https:\/\/a57.foxnews.com\/static.foxnews.com\/foxnews.com\/content\/uploads\/2024\/06\/672\/378\/GettyImages-2155160026.jpg?ve=1&amp;tl=1, https:\/\/a57.foxnews.com\/static.foxnews.com\/foxnews.com\/content\/uploads\/2024\/06\/1344\/756\/GettyImages-2155160026.jpg?ve=1&amp;tl=1 2x\" height=\"378\" width=\"672\"><source media=\"(min-width: 1024px) and (max-width: 1279px)\" srcset=\"https:\/\/a57.foxnews.com\/static.foxnews.com\/foxnews.com\/content\/uploads\/2024\/06\/931\/523\/GettyImages-2155160026.jpg?ve=1&amp;tl=1, https:\/\/a57.foxnews.com\/static.foxnews.com\/foxnews.com\/content\/uploads\/2024\/06\/1862\/1046\/GettyImages-2155160026.jpg?ve=1&amp;tl=1 2x\" height=\"523\" width=\"931\"><source media=\"(min-width: 1280px)\" srcset=\"https:\/\/a57.foxnews.com\/static.foxnews.com\/foxnews.com\/content\/uploads\/2024\/06\/720\/405\/GettyImages-2155160026.jpg?ve=1&amp;tl=1, https:\/\/a57.foxnews.com\/static.foxnews.com\/foxnews.com\/content\/uploads\/2024\/06\/1440\/810\/GettyImages-2155160026.jpg?ve=1&amp;tl=1 2x\" height=\"405\" width=\"720\"><img loading=\"lazy\" decoding=\"async\" src=\"https:\/\/a57.foxnews.com\/static.foxnews.com\/foxnews.com\/content\/uploads\/2024\/06\/1200\/675\/GettyImages-2155160026.jpg?ve=1&amp;tl=1\" alt=\"Marine le pluma\" width=\"1200\" height=\"675\"\/><\/source><\/source><\/source><\/source><\/picture><\/div>\n<div class=\"info\">\n<div class=\"caption\">\n<p><span>Marine Le Pen, presidente del Grupo Nacional de Rally en la Asamblea Nacional, se une a Jordan Bardella, presidente de la concentraci\u00f3n nacional (Rassemblement National), en la concentraci\u00f3n final antes de la recientemente celebrada elecci\u00f3n del Parlamento Europeo el 9 de junio.<\/span> <span>(Artur Widak\/Nurphoto a trav\u00e9s de Getty Images)<\/span><\/p>\n<\/div>\n<\/div>\n<\/div>\n<p>Ella expuls\u00f3 a su padre, el difunto Jean-Marie Le Pen, quien fund\u00f3 el Frente Nacional, y rechaz\u00f3 su antisemitismo. Fue multado por calificar las c\u00e1maras de gas del Holocausto como un \u00abdetalle de la historia\u00bb.<\/p>\n<p>El protegido de Marine Le Pen, Jordan Bardella, de 29 a\u00f1os, habl\u00f3 recientemente la semana pasada en una conferencia del gobierno israel\u00ed sobre la lucha contra el antisemitismo. Se espera que se haga cargo de la manifestaci\u00f3n nacional. Inst\u00f3 a una \u00abmovilizaci\u00f3n pac\u00edfica\u00bb a protestar contra el veredicto. <\/p>\n<p>Seg\u00fan French24, Bardella dijo que el veredicto de culpabilidad ha \u00abmatado\u00bb a la democracia francesa. Su partido lanz\u00f3 una petici\u00f3n que establece: \u00abYa no es el gobierno de los jueces, sino la dictadura de los jueces, que desea evitar que el pueblo franc\u00e9s se exprese\u00bb.<\/p>\n<p>El abogado de Le Pen, Rodolphe Bosselut, anunci\u00f3 que apelar\u00eda el veredicto. <\/p>\n<p><strong>Haga clic aqu\u00ed para obtener la aplicaci\u00f3n Fox News<\/strong><\/p>\n<div class=\"image-ct inline\">\n<div class=\"m\"><picture><source media=\"(max-width: 767px)\" srcset=\"https:\/\/a57.foxnews.com\/static.foxnews.com\/foxnews.com\/content\/uploads\/2023\/04\/343\/192\/matteoitaly.png?ve=1&amp;tl=1, https:\/\/a57.foxnews.com\/static.foxnews.com\/foxnews.com\/content\/uploads\/2023\/04\/686\/384\/matteoitaly.png?ve=1&amp;tl=1 2x\" height=\"192\" width=\"343\"><source media=\"(min-width: 768px) and (max-width: 1023px)\" srcset=\"https:\/\/a57.foxnews.com\/static.foxnews.com\/foxnews.com\/content\/uploads\/2023\/04\/672\/378\/matteoitaly.png?ve=1&amp;tl=1, https:\/\/a57.foxnews.com\/static.foxnews.com\/foxnews.com\/content\/uploads\/2023\/04\/1344\/756\/matteoitaly.png?ve=1&amp;tl=1 2x\" height=\"378\" width=\"672\"><source media=\"(min-width: 1024px) and (max-width: 1279px)\" srcset=\"https:\/\/a57.foxnews.com\/static.foxnews.com\/foxnews.com\/content\/uploads\/2023\/04\/931\/523\/matteoitaly.png?ve=1&amp;tl=1, https:\/\/a57.foxnews.com\/static.foxnews.com\/foxnews.com\/content\/uploads\/2023\/04\/1862\/1046\/matteoitaly.png?ve=1&amp;tl=1 2x\" height=\"523\" width=\"931\"><source media=\"(min-width: 1280px)\" srcset=\"https:\/\/a57.foxnews.com\/static.foxnews.com\/foxnews.com\/content\/uploads\/2023\/04\/720\/405\/matteoitaly.png?ve=1&amp;tl=1, https:\/\/a57.foxnews.com\/static.foxnews.com\/foxnews.com\/content\/uploads\/2023\/04\/1440\/810\/matteoitaly.png?ve=1&amp;tl=1 2x\" height=\"405\" width=\"720\"><img loading=\"lazy\" decoding=\"async\" src=\"https:\/\/a57.foxnews.com\/static.foxnews.com\/foxnews.com\/content\/uploads\/2023\/04\/1200\/675\/matteoitaly.png?ve=1&amp;tl=1\" alt=\"Pol\u00edtico italiano Matteo Salvini\" width=\"1200\" height=\"675\"\/><\/source><\/source><\/source><\/source><\/picture><\/div>\n<div class=\"info\">\n<div class=\"caption\">\n<p><span>El l\u00edder del partido de la liga de derecha de Italia, Matteo Salvini, reacciona cuando deja una corte despu\u00e9s de una audiencia en el juicio contra \u00e9l por cargos de secuestro por su decisi\u00f3n de evitar que m\u00e1s de 100 migrantes aterricen en el pa\u00eds en 2019, en Palermo, Italia, el 23 de octubre de 2021.<\/span> <span>(Reuters\/Antonio Parrinello)<\/span><\/p>\n<\/div>\n<\/div>\n<\/div>\n<p>\u00abMe sorprende el veredicto incre\u00edblemente duro contra Marine Le Pen\u00bb, dijo el pol\u00edtico de derecha de Holland, Geert Wilders, quien ha sido llamado la versi\u00f3n holandesa de Trump. <\/p>\n<p>Agreg\u00f3: \u00abApoyo y creo en su 100% y conf\u00edo en que gane la apelaci\u00f3n y se convertir\u00e1 en presidente de Francia\u00bb.<\/p>\n<p><i>Morgan Phillips, Reuters y The Associated Press de Fox News Digital contribuyeron a este informe.<\/i><\/p>\n<p> <!----> <\/p>\n<div class=\"article-meta\">\n<div class=\"author-bio\">\n<p>Benjamin Weinthal informa sobre Israel, Ir\u00e1n, Siria, Turqu\u00eda y Europa. Puede seguir a Benjamin en Twitter @benweinthal y enviarle un correo electr\u00f3nico a benjamin.weinthal@fox.com<\/p>\n<\/div>\n<\/div>\n<\/div>\n\n","protected":false},"excerpt":{"rendered":"<p>JERUSALEN-La impresionante condena judicial del popular pol\u00edtico de derecha Marine Le Pen el lunes por malversaci\u00f3n de fondos provoc\u00f3 indignaci\u00f3n del jefe de eficiencia gubernamental del presidente Donald Trump, Elon Musk, quien compar\u00f3 su destino con los problemas legales de Trump. Musk dijo despu\u00e9s del veredicto que \u00abEsto ser\u00e1 contraproducente, como los ataques legales contra &hellip;<\/p>\n","protected":false},"author":1,"featured_media":21094,"comment_status":"open","ping_status":"open","sticky":false,"template":"","format":"standard","meta":{"fifu_image_url":"https:\/\/static.foxnews.com\/foxnews.com\/content\/uploads\/2025\/03\/musk-le-pen-trump.jpg","fifu_image_alt":"","footnotes":""},"categories":[13],"tags":[],"class_list":["post-21092","post","type-post","status-publish","format-standard","has-post-thumbnail","","category-mundo"],"_links":{"self":[{"href":"https:\/\/noticiasveraces.com\/index.php?rest_route=\/wp\/v2\/posts\/21092","targetHints":{"allow":["GET"]}}],"collection":[{"href":"https:\/\/noticiasveraces.com\/index.php?rest_route=\/wp\/v2\/posts"}],"about":[{"href":"https:\/\/noticiasveraces.com\/index.php?rest_route=\/wp\/v2\/types\/post"}],"author":[{"embeddable":true,"href":"https:\/\/noticiasveraces.com\/index.php?rest_route=\/wp\/v2\/users\/1"}],"replies":[{"embeddable":true,"href":"https:\/\/noticiasveraces.com\/index.php?rest_route=%2Fwp%2Fv2%2Fcomments&post=21092"}],"version-history":[{"count":0,"href":"https:\/\/noticiasveraces.com\/index.php?rest_route=\/wp\/v2\/posts\/21092\/revisions"}],"wp:featuredmedia":[{"embeddable":true,"href":"https:\/\/noticiasveraces.com\/index.php?rest_route=\/wp\/v2\/media\/21094"}],"wp:attachment":[{"href":"https:\/\/noticiasveraces.com\/index.php?rest_route=%2Fwp%2Fv2%2Fmedia&parent=21092"}],"wp:term":[{"taxonomy":"category","embeddable":true,"href":"https:\/\/noticiasveraces.com\/index.php?rest_route=%2Fwp%2Fv2%2Fcategories&post=21092"},{"taxonomy":"post_tag","embeddable":true,"href":"https:\/\/noticiasveraces.com\/index.php?rest_route=%2Fwp%2Fv2%2Ftags&post=21092"}],"curies":[{"name":"wp","href":"https:\/\/api.w.org\/{rel}","templated":true}]}}