{"id":21037,"date":"2025-03-31T21:02:30","date_gmt":"2025-04-01T01:02:30","guid":{"rendered":"https:\/\/noticiasveraces.com\/?p=21037"},"modified":"2025-03-31T21:02:30","modified_gmt":"2025-04-01T01:02:30","slug":"trump-dice-que-abrio-una-comunicacion-con-corea-del-norte-dw-01-04-2025","status":"publish","type":"post","link":"https:\/\/noticiasveraces.com\/?p=21037","title":{"rendered":"Trump dice que abri\u00f3 una \u00abcomunicaci\u00f3n\u00bb con Corea del Norte \u2013 DW \u2013 01\/04\/2025"},"content":{"rendered":"<p> \n<\/p>\n<div>\n<p>El presidente de Estados Unidos, Donald Trump, afirm\u00f3 el lunes (31.03.2025) que su administraci\u00f3n ha abierto una l\u00ednea de comunicaci\u00f3n con Corea del Norte y consider\u00f3 que, en alg\u00fan momento, su gobierno \u00abprobablemente har\u00e1 algo\u00bb en relaci\u00f3n con ese pa\u00eds.<\/p>\n<p>\u00abHay comunicaci\u00f3n\u00bb, dijo Trump en declaraciones a la prensa en el Despacho Oval de la Casa Blanca.<\/p>\n<p>El mandatario republicano, que se reuni\u00f3 tres veces con el gobernante norcoreano Kim Jong Un en su primer mandato (2017-2021), agreg\u00f3 que el di\u00e1logo es \u00abimportante\u00bb porque el Norte es una potencia nuclear.<\/p>\n<p>Trump dijo que \u00e9l y Kim \u00abprobablemente har\u00e1n algo en alg\u00fan momento\u00bb.<\/p>\n<p>Durante su primer gobierno, Trump impuls\u00f3 una estrategia de acercamiento hacia Kim, con quien asegur\u00f3 intercambiar \u00abcartas de amor\u00bb.<\/p>\n<p>Ambos tuvieron tres encuentros hist\u00f3ricos entre 2018 y 2019 en Singapur, Han\u00f3i y la Zona Desmilitarizada entre las dos Coreas. Sin embargo, las negociaciones se estancaron y no se tradujeron en avances significativos en la desnuclearizaci\u00f3n del r\u00e9gimen norcoreano.<\/p>\n<p>GS (Efe, AP)<\/p>\n<\/div>\n\n","protected":false},"excerpt":{"rendered":"<p>El presidente de Estados Unidos, Donald Trump, afirm\u00f3 el lunes (31.03.2025) que su administraci\u00f3n ha abierto una l\u00ednea de comunicaci\u00f3n con Corea del Norte y consider\u00f3 que, en alg\u00fan momento, su gobierno \u00abprobablemente har\u00e1 algo\u00bb en relaci\u00f3n con ese pa\u00eds. \u00abHay comunicaci\u00f3n\u00bb, dijo Trump en declaraciones a la prensa en el Despacho Oval de la &hellip;<\/p>\n","protected":false},"author":1,"featured_media":21038,"comment_status":"open","ping_status":"open","sticky":false,"template":"","format":"standard","meta":{"fifu_image_url":"https:\/\/static.dw.com\/image\/47711624_6.jpg","fifu_image_alt":"","footnotes":""},"categories":[13],"tags":[],"class_list":["post-21037","post","type-post","status-publish","format-standard","has-post-thumbnail","","category-mundo"],"_links":{"self":[{"href":"https:\/\/noticiasveraces.com\/index.php?rest_route=\/wp\/v2\/posts\/21037","targetHints":{"allow":["GET"]}}],"collection":[{"href":"https:\/\/noticiasveraces.com\/index.php?rest_route=\/wp\/v2\/posts"}],"about":[{"href":"https:\/\/noticiasveraces.com\/index.php?rest_route=\/wp\/v2\/types\/post"}],"author":[{"embeddable":true,"href":"https:\/\/noticiasveraces.com\/index.php?rest_route=\/wp\/v2\/users\/1"}],"replies":[{"embeddable":true,"href":"https:\/\/noticiasveraces.com\/index.php?rest_route=%2Fwp%2Fv2%2Fcomments&post=21037"}],"version-history":[{"count":0,"href":"https:\/\/noticiasveraces.com\/index.php?rest_route=\/wp\/v2\/posts\/21037\/revisions"}],"wp:featuredmedia":[{"embeddable":true,"href":"https:\/\/noticiasveraces.com\/index.php?rest_route=\/wp\/v2\/media\/21038"}],"wp:attachment":[{"href":"https:\/\/noticiasveraces.com\/index.php?rest_route=%2Fwp%2Fv2%2Fmedia&parent=21037"}],"wp:term":[{"taxonomy":"category","embeddable":true,"href":"https:\/\/noticiasveraces.com\/index.php?rest_route=%2Fwp%2Fv2%2Fcategories&post=21037"},{"taxonomy":"post_tag","embeddable":true,"href":"https:\/\/noticiasveraces.com\/index.php?rest_route=%2Fwp%2Fv2%2Ftags&post=21037"}],"curies":[{"name":"wp","href":"https:\/\/api.w.org\/{rel}","templated":true}]}}