{"id":21022,"date":"2025-03-31T20:00:15","date_gmt":"2025-04-01T00:00:15","guid":{"rendered":"https:\/\/noticiasveraces.com\/?p=21022"},"modified":"2025-03-31T20:00:15","modified_gmt":"2025-04-01T00:00:15","slug":"el-presidente-finlandes-pide-a-trump-que-exija-el-acuerdo-de-alto-el-fuego-de-ucrania-de-putin-dentro-de-las-3-semanas","status":"publish","type":"post","link":"https:\/\/noticiasveraces.com\/?p=21022","title":{"rendered":"El presidente finland\u00e9s pide a Trump que exija el acuerdo de alto el fuego de Ucrania de Putin dentro de las 3 semanas"},"content":{"rendered":"<p> \n<\/p>\n<div>\n<p class=\"speakable\">El presidente de Finlandia insta al presidente Trump a imponer una fecha l\u00edmite a Vladimir Putin del 20 de abril a acordar un alto el fuego en Ucrania.<\/p>\n<p class=\"speakable\">En declaraciones a Fox News en Londres despu\u00e9s de una visita de fin de semana con Trump en Florida, Alexander Stubb elogi\u00f3 los esfuerzos de negociaci\u00f3n de Trump, diciendo que Trump es \u00abprobablemente la \u00fanica persona en el mundo que puede mediar la paz\u00bb.<\/p>\n<p><strong>Dan Hoffman: Trump ha intentado &#8216;todo&#8217; que podr\u00eda &#8216;atraer&#8217; a Rusia para que venga a la mesa de negociaci\u00f3n<\/strong><\/p>\n<p>Pero argument\u00f3 que el proceso de negociaci\u00f3n de alto el fuego no deber\u00eda estar abierto.<\/p>\n<p>\u00abNecesitamos un alto el fuego y necesitamos una fecha para el alto el fuego\u00bb, dijo Stubb. \u00abY esa fecha deber\u00eda ser el 20 de abril\u00bb.<\/p>\n<div class=\"image-ct inline\">\n<div class=\"m\"><picture><source media=\"(max-width: 767px)\" srcset=\"https:\/\/a57.foxnews.com\/static.foxnews.com\/foxnews.com\/content\/uploads\/2025\/03\/343\/192\/trump-putinsplit.jpg?ve=1&amp;tl=1, https:\/\/a57.foxnews.com\/static.foxnews.com\/foxnews.com\/content\/uploads\/2025\/03\/686\/384\/trump-putinsplit.jpg?ve=1&amp;tl=1 2x\" height=\"192\" width=\"343\"><source media=\"(min-width: 768px) and (max-width: 1023px)\" srcset=\"https:\/\/a57.foxnews.com\/static.foxnews.com\/foxnews.com\/content\/uploads\/2025\/03\/672\/378\/trump-putinsplit.jpg?ve=1&amp;tl=1, https:\/\/a57.foxnews.com\/static.foxnews.com\/foxnews.com\/content\/uploads\/2025\/03\/1344\/756\/trump-putinsplit.jpg?ve=1&amp;tl=1 2x\" height=\"378\" width=\"672\"><source media=\"(min-width: 1024px) and (max-width: 1279px)\" srcset=\"https:\/\/a57.foxnews.com\/static.foxnews.com\/foxnews.com\/content\/uploads\/2025\/03\/931\/523\/trump-putinsplit.jpg?ve=1&amp;tl=1, https:\/\/a57.foxnews.com\/static.foxnews.com\/foxnews.com\/content\/uploads\/2025\/03\/1862\/1046\/trump-putinsplit.jpg?ve=1&amp;tl=1 2x\" height=\"523\" width=\"931\"><source media=\"(min-width: 1280px)\" srcset=\"https:\/\/a57.foxnews.com\/static.foxnews.com\/foxnews.com\/content\/uploads\/2025\/03\/720\/405\/trump-putinsplit.jpg?ve=1&amp;tl=1, https:\/\/a57.foxnews.com\/static.foxnews.com\/foxnews.com\/content\/uploads\/2025\/03\/1440\/810\/trump-putinsplit.jpg?ve=1&amp;tl=1 2x\" height=\"405\" width=\"720\"><img loading=\"lazy\" decoding=\"async\" src=\"https:\/\/a57.foxnews.com\/static.foxnews.com\/foxnews.com\/content\/uploads\/2025\/03\/1200\/675\/trump-putinsplit.jpg?ve=1&amp;tl=1\" alt=\"Split de Trump\/Putin\" width=\"1200\" height=\"675\"\/><\/source><\/source><\/source><\/source><\/picture><\/div>\n<div class=\"info\">\n<div class=\"caption\">\n<p><span>El presidente finland\u00e9s, Alexander Stubb, insta al presidente Trump a impulsar a su hom\u00f3logo ruso, Vladimir Putin, a acordar un alto el fuego de Ucrania antes del 20 de abril.<\/span> <span>(Getty Images)<\/span><\/p>\n<\/div>\n<\/div>\n<\/div>\n<p>El 20 de abril marcar\u00eda tres meses desde la inauguraci\u00f3n de Trump, y tambi\u00e9n es Pascua ortodoxa.<\/p>\n<p>\u00abSi el presidente Putin, quien es el \u00fanico que no acepta un alto el fuego, porque los estadounidenses lo quieren, los europeos lo quieren, los ucranianos lo quieren, si no lo obliga al alto el fuego, entonces deber\u00edamos buscar un conjunto colosal de sanciones provenientes de los Estados Unidos y Europa\u00bb, dijo Stubb.<\/p>\n<p>Trump ha hablado de una \u00abfecha l\u00edmite psicol\u00f3gica\u00bb para que Rusia acepte un alto el fuego, pero se ha negado a nombrar una fecha.<\/p>\n<p><strong>Trump amenaza las sanciones a Rusia, exige la paz despu\u00e9s de los grandes \u00e9xitos en Ucrania<\/strong><\/p>\n<p>Stubb dijo que Putin \u00abrespeta, y en muchos sentidos los temores, Donald Trump\u00bb.<\/p>\n<p>Finlandia, un vecino de Rusia, con una frontera compartida con m\u00e1s de 800 millas, volc\u00f3 d\u00e9cadas de neutralidad hace dos a\u00f1os cuando se uni\u00f3 a la OTAN, alarmada por la guerra en Ucrania.<\/p>\n<p>Stubb cree que tambi\u00e9n se deber\u00eda permitir que Ucrania se una a la alianza militar \u00aba largo plazo\u00bb, una posici\u00f3n que va en contra de la administraci\u00f3n Trump.<\/p>\n<div class=\"image-ct inline\">\n<div class=\"m\"><picture><source media=\"(max-width: 767px)\" srcset=\"https:\/\/a57.foxnews.com\/static.foxnews.com\/foxnews.com\/content\/uploads\/2025\/03\/343\/192\/stubb-2.jpg?ve=1&amp;tl=1, https:\/\/a57.foxnews.com\/static.foxnews.com\/foxnews.com\/content\/uploads\/2025\/03\/686\/384\/stubb-2.jpg?ve=1&amp;tl=1 2x\" height=\"192\" width=\"343\"><source media=\"(min-width: 768px) and (max-width: 1023px)\" srcset=\"https:\/\/a57.foxnews.com\/static.foxnews.com\/foxnews.com\/content\/uploads\/2025\/03\/672\/378\/stubb-2.jpg?ve=1&amp;tl=1, https:\/\/a57.foxnews.com\/static.foxnews.com\/foxnews.com\/content\/uploads\/2025\/03\/1344\/756\/stubb-2.jpg?ve=1&amp;tl=1 2x\" height=\"378\" width=\"672\"><source media=\"(min-width: 1024px) and (max-width: 1279px)\" srcset=\"https:\/\/a57.foxnews.com\/static.foxnews.com\/foxnews.com\/content\/uploads\/2025\/03\/931\/523\/stubb-2.jpg?ve=1&amp;tl=1, https:\/\/a57.foxnews.com\/static.foxnews.com\/foxnews.com\/content\/uploads\/2025\/03\/1862\/1046\/stubb-2.jpg?ve=1&amp;tl=1 2x\" height=\"523\" width=\"931\"><source media=\"(min-width: 1280px)\" srcset=\"https:\/\/a57.foxnews.com\/static.foxnews.com\/foxnews.com\/content\/uploads\/2025\/03\/720\/405\/stubb-2.jpg?ve=1&amp;tl=1, https:\/\/a57.foxnews.com\/static.foxnews.com\/foxnews.com\/content\/uploads\/2025\/03\/1440\/810\/stubb-2.jpg?ve=1&amp;tl=1 2x\" height=\"405\" width=\"720\"><img loading=\"lazy\" decoding=\"async\" src=\"https:\/\/a57.foxnews.com\/static.foxnews.com\/foxnews.com\/content\/uploads\/2025\/03\/1200\/675\/stubb-2.jpg?ve=1&amp;tl=1\" alt=\"Entrevista de Alexander Stubb\" width=\"1200\" height=\"675\"\/><\/source><\/source><\/source><\/source><\/picture><\/div>\n<div class=\"info\">\n<div class=\"caption\">\n<p><span>Stubb se sent\u00f3 para una entrevista con Fox News despu\u00e9s de reunirse con el presidente Trump en Mar-a-Lago.<\/span> <span>(Alex Hogan\/Fox News)<\/span><\/p>\n<\/div>\n<\/div>\n<\/div>\n<p>Despu\u00e9s de las conversaciones y una ronda de golf con Trump en Florida, el l\u00edder finland\u00e9s dijo que los l\u00edderes europeos est\u00e1n prestando atenci\u00f3n a las quejas estadounidenses de que Europa no gasta suficiente dinero en defensa, confiando en su lugar en los Estados Unidos.<\/p>\n<p>\u00abEuropa necesita asumir m\u00e1s responsabilidad por su propia seguridad, m\u00e1s responsabilidad por su propia defensa\u00bb, dijo Stubb. \u00abCreo que estamos haciendo exactamente eso\u00bb.<\/p>\n<p><strong>Haga clic aqu\u00ed para obtener la aplicaci\u00f3n Fox News<\/strong><\/p>\n<p>Describi\u00f3 la relaci\u00f3n estadounidense europea como \u00aben una transici\u00f3n\u00bb, pero insisti\u00f3: \u00abSomos aliados.<\/p>\n<p>\u00abEl hecho de que ideol\u00f3gicamente haya diferencias a veces entre los europeos y los estadounidenses no significa que vamos a cortar o divorciarnos\u00bb.<\/p>\n<p> <!----> <\/p>\n<div class=\"article-meta\">\n<div class=\"author-bio\">\n<p>Alex Hogan actualmente se desempe\u00f1a como corresponsal con sede en Londres para Fox News Channel (FNC) y se uni\u00f3 a la red en enero de 2020 como reportero de asignaci\u00f3n general. <\/p>\n<\/div>\n<\/div>\n<\/div>\n\n","protected":false},"excerpt":{"rendered":"<p>El presidente de Finlandia insta al presidente Trump a imponer una fecha l\u00edmite a Vladimir Putin del 20 de abril a acordar un alto el fuego en Ucrania. En declaraciones a Fox News en Londres despu\u00e9s de una visita de fin de semana con Trump en Florida, Alexander Stubb elogi\u00f3 los esfuerzos de negociaci\u00f3n de &hellip;<\/p>\n","protected":false},"author":1,"featured_media":21024,"comment_status":"open","ping_status":"open","sticky":false,"template":"","format":"standard","meta":{"fifu_image_url":"https:\/\/static.foxnews.com\/foxnews.com\/content\/uploads\/2025\/03\/stubb-2.jpg","fifu_image_alt":"","footnotes":""},"categories":[13],"tags":[],"class_list":["post-21022","post","type-post","status-publish","format-standard","has-post-thumbnail","","category-mundo"],"_links":{"self":[{"href":"https:\/\/noticiasveraces.com\/index.php?rest_route=\/wp\/v2\/posts\/21022","targetHints":{"allow":["GET"]}}],"collection":[{"href":"https:\/\/noticiasveraces.com\/index.php?rest_route=\/wp\/v2\/posts"}],"about":[{"href":"https:\/\/noticiasveraces.com\/index.php?rest_route=\/wp\/v2\/types\/post"}],"author":[{"embeddable":true,"href":"https:\/\/noticiasveraces.com\/index.php?rest_route=\/wp\/v2\/users\/1"}],"replies":[{"embeddable":true,"href":"https:\/\/noticiasveraces.com\/index.php?rest_route=%2Fwp%2Fv2%2Fcomments&post=21022"}],"version-history":[{"count":0,"href":"https:\/\/noticiasveraces.com\/index.php?rest_route=\/wp\/v2\/posts\/21022\/revisions"}],"wp:featuredmedia":[{"embeddable":true,"href":"https:\/\/noticiasveraces.com\/index.php?rest_route=\/wp\/v2\/media\/21024"}],"wp:attachment":[{"href":"https:\/\/noticiasveraces.com\/index.php?rest_route=%2Fwp%2Fv2%2Fmedia&parent=21022"}],"wp:term":[{"taxonomy":"category","embeddable":true,"href":"https:\/\/noticiasveraces.com\/index.php?rest_route=%2Fwp%2Fv2%2Fcategories&post=21022"},{"taxonomy":"post_tag","embeddable":true,"href":"https:\/\/noticiasveraces.com\/index.php?rest_route=%2Fwp%2Fv2%2Ftags&post=21022"}],"curies":[{"name":"wp","href":"https:\/\/api.w.org\/{rel}","templated":true}]}}