{"id":21013,"date":"2025-03-31T19:04:16","date_gmt":"2025-03-31T23:04:16","guid":{"rendered":"https:\/\/noticiasveraces.com\/?p=21013"},"modified":"2025-03-31T19:04:16","modified_gmt":"2025-03-31T23:04:16","slug":"en-cesar-chavez-day-farmworkers-march-contra-las-redadas-de-hielo-en-el-historico-sitio-de-strike-strike-delano","status":"publish","type":"post","link":"https:\/\/noticiasveraces.com\/?p=21013","title":{"rendered":"En C\u00e9sar Ch\u00e1vez Day Farmworkers March contra las redadas de hielo en el hist\u00f3rico sitio de Strike Strike Delano"},"content":{"rendered":"<p> \n<\/p>\n<div>\n<p class=\"body-graf\">DELANO, California &#8211; Carolina S\u00e1nchez se uni\u00f3 a la United Farm Workers Union en 2016 despu\u00e9s de la granja de ar\u00e1ndanos, donde trabaj\u00f3 cambi\u00f3 la tarifa diaria por cada libra que eligi\u00f3. <\/p>\n<p class=\"body-graf\">\u00abDijeron que si no te gusta lo que te pagan, puedes ir a casa\u00bb, dijo S\u00e1nchez. <\/p>\n<p class=\"body-graf\">Ella organiz\u00f3 a los 500 trabajadores en la granja de Delano para atacar con el apoyo de la UFW. Finalmente, ganaron un contrato sindical, y S\u00e1nchez fue elegido como representante sindical en su lugar de trabajo. <\/p>\n<p class=\"body-graf\">Este mes, S\u00e1nchez comenz\u00f3 a movilizar a sus compa\u00f1eros de trabajo para asistir a una marcha a la que lideraba el lunes, el D\u00eda de C\u00e9sar Ch\u00e1vez. <\/p>\n<figure class=\"styles_inlineImage__FvnTh styles_medium__MEKii\"><picture class=\"styles_image__i32F7\" data-testid=\"picture\"><source media=\"(min-width: 1000px)\" srcset=\"https:\/\/media-cldnry.s-nbcnews.com\/image\/upload\/t_fit-560w,f_avif,q_auto:eco,dpr_2\/rockcms\/2025-03\/250331-Delano-farmworkers-rally-ac-532p-a27a44.jpg 2x, https:\/\/media-cldnry.s-nbcnews.com\/image\/upload\/t_fit-560w,f_auto,q_auto:best\/rockcms\/2025-03\/250331-Delano-farmworkers-rally-ac-532p-a27a44.jpg 1x\"\/><source media=\"(min-width: 320px)\" srcset=\"https:\/\/media-cldnry.s-nbcnews.com\/image\/upload\/t_fit-760w,f_avif,q_auto:eco,dpr_2\/rockcms\/2025-03\/250331-Delano-farmworkers-rally-ac-532p-a27a44.jpg 2x, https:\/\/media-cldnry.s-nbcnews.com\/image\/upload\/t_fit-760w,f_auto,q_auto:best\/rockcms\/2025-03\/250331-Delano-farmworkers-rally-ac-532p-a27a44.jpg 1x\"\/><img decoding=\"async\" loading=\"lazy\" src=\"https:\/\/media-cldnry.s-nbcnews.com\/image\/upload\/t_fit-760w,f_auto,q_auto:best\/rockcms\/2025-03\/250331-Delano-farmworkers-rally-ac-532p-a27a44.jpg\" alt=\"Rally de la Uni\u00f3n\" height=\"1667\" width=\"2500\"\/><\/picture><figcaption class=\"caption styles_caption__TCewG\" data-testid=\"caption\"><span class=\"caption__container\" data-testid=\"caption__container\">El ex presidente de UFW, Arturo Rodr\u00edguez, se dirige a los miembros en el Rally el lunes en Memorial Park en Delano, California.<\/span><span class=\"caption__source\" data-testid=\"caption__source\">Iris Kim \/ NBC News<\/span><\/figcaption><\/figure>\n<p class=\"body-graf\">Sesenta a\u00f1os despu\u00e9s del hist\u00f3rico Delano Grape Strike, que lanz\u00f3 la marcha de 280 millas de Ch\u00e1vez a Sacramento con trabajadores agr\u00edcolas filipinos estadounidenses y mexicoamericanos, m\u00e1s de 5,000 miembros de los trabajadores agr\u00edcolas del United y otros miembros sindicales se reunieron el lunes en Delano para una marcha hacia el sitio de Cuarenta Acres donde Ch\u00e1vez mantuvo su primer avance p\u00fablico.<\/p>\n<p class=\"body-graf\">La marcha de este a\u00f1o se centr\u00f3 en las recientes pol\u00edticas de inmigraci\u00f3n de la administraci\u00f3n Trump, con la esperanza de que la manifestaci\u00f3n, llamada \u00abCon Estas Manos\u00bb o \u00abcon estas manos\u00bb, recuerde a las personas sobre los trabajadores que crecen y eligen sus alimentos. <\/p>\n<p class=\"body-graf\">Los trabajadores agr\u00edcolas en California, que cultivan un tercio de las verduras del pa\u00eds y las tres cuartas partes de sus frutas y nueces, han informado de creciente miedo y ansiedad por una serie de arrestos y deportaciones de inmigraci\u00f3n y cumplimiento de la aduana en el valle central. Alrededor de la mitad de los trabajadores agr\u00edcolas de California son indocumentados, seg\u00fan un estudio de la Universidad de California, Irvine, y seg\u00fan el Departamento de Agricultura de los Estados Unidos, aproximadamente el 42% en todo el pa\u00eds carece de estatus de inmigraci\u00f3n legal. <\/p>\n<p class=\"body-graf\">El Tesorero del Secretario de UFW, Armando Elenes, dijo que esos n\u00fameros tienden a ser reportados. \u00abEstimamos que est\u00e1 m\u00e1s cerca de 60 o 70 por ciento de trabajadores agr\u00edcolas indocumentados\u00bb en California, dijo.<\/p>\n<p class=\"body-graf\">Elenes dijo que ICE ha detenido y deportado alrededor de 200 trabajadores agr\u00edcolas en el condado de Kern. Dijo que pedir visas de trabajo m\u00e1s temporales no es suficiente y que existe la necesidad de protecciones laborales m\u00e1s amplias para los trabajadores que temen ser redondeados y separados de sus familias. <\/p>\n<p class=\"body-graf\">\u00abNecesitamos retroceder sobre el gobierno federal. Necesitamos leyes estatales y locales que brinden a nuestros trabajadores los d\u00edas de enfermedad, la protecci\u00f3n del calor y la atenci\u00f3n m\u00e9dica\u00bb, dijo. <\/p>\n<p class=\"body-graf\">En la marcha, representantes de otras organizaciones laborales, como la Federaci\u00f3n de Uniones Laborales de California y SEIU California, se dirigieron a la multitud, y el Fiscal General de California Rob Bonta comparti\u00f3 la historia de su familia.<\/p>\n<p class=\"body-graf\">\u00abEstar aqu\u00ed es como volver a casa para m\u00ed: crec\u00ed con mis padres que trabajan para trabajadores agr\u00edcolas de United, y s\u00e9 que la pelea no se trata de las uvas o la lechuga, sino que se trata de la gente\u00bb, dijo Bonta, quien naci\u00f3 en Filipinas y cuya madre ayud\u00f3 a organizar trabajadores agr\u00edcolas filipinos y mexicanos. <\/p>\n<p class=\"body-graf\">La marcha permiti\u00f3 a los trabajadores agr\u00edcolas como Gabriel Leal, que elige uvas y cerezas, sentirse apoyados por la participaci\u00f3n. Ice reuni\u00f3 a algunos de sus amigos durante las redadas de enero. <\/p>\n<p class=\"body-graf\">\u00abEstaban estacionados a lo largo de las carreteras, deteniendo a cualquiera\u00bb, dijo. \u00abIncluso si tenemos miedo, tenemos que ir al trabajo, sin nosotros, \u00bfqui\u00e9n va a alimentar a nuestras familias? \u00bfQui\u00e9n va a alimentar a nuestro pa\u00eds?\u00bb<\/p>\n<p class=\"body-graf\">Pero no todos en la regi\u00f3n no est\u00e1n contentos con las pol\u00edticas de inmigraci\u00f3n y las medidas de deportaci\u00f3n de la administraci\u00f3n Trump. <\/p>\n<p class=\"body-graf\">Alex Dom\u00ednguez, un residente del condado de Kern que se identifica como republicano y proviene de generaciones de trabajadores de campo, dijo que \u00e9l y sus familiares son cautelosamente optimistas sobre los arrestos por hielo. <\/p>\n<p class=\"body-graf\">\u00abUna parte de m\u00ed comprende las preocupaciones y preocupaciones de la comunidad en general en torno a una mayor presencia policial\u00bb, dijo Dom\u00ednguez, un abogado de agua y agricultura. \u00abPero por lo que he visto, son los malos que se est\u00e1n tomando, y eso hace que nuestras familias latinas sean m\u00e1s seguras\u00bb. <\/p>\n<p class=\"body-graf\">Dom\u00ednguez, quien tambi\u00e9n es el vicepresidente de la Oficina de Agricultura del Condado de Kern, dijo que est\u00e1 escuchando a los productores, ganadores de los ganadores de la granja, pero no cree que las medidas de inmigraci\u00f3n hayan impedido que ninguno de ellos pueda hacer su trabajo. <\/p>\n<p class=\"body-graf\">\u00abEstos trabajadores tienen que ganar dinero, por lo que no ir a trabajar no es una opci\u00f3n\u00bb, dijo Dom\u00ednguez. <\/p>\n<p class=\"body-graf\">Durante la marcha, el hijo de C\u00e9sar Ch\u00e1vez, Paul Ch\u00e1vez, dijo que el punto de la movilizaci\u00f3n no es cambiar la mente de las personas. \u00abEstamos reuniendo personas que quieren enfrentar el racismo y la xenofobia para demostrar que hay personas que est\u00e1n de su lado\u00bb, dijo. <\/p>\n<p class=\"body-graf\">S\u00e1nchez ten\u00eda la esperanza de que la marcha env\u00eda un mensaje de que los trabajadores inmigrantes de todas partes reciben apoyo.<\/p>\n<p class=\"endmark body-graf\">\u00abTodos los trabajadores estadounidenses entienden lo que Ch\u00e1vez logr\u00f3 y nunca olvidar\u00e1 su legado\u00bb, dijo. <\/p>\n<\/div>\n\n","protected":false},"excerpt":{"rendered":"<p>DELANO, California &#8211; Carolina S\u00e1nchez se uni\u00f3 a la United Farm Workers Union en 2016 despu\u00e9s de la granja de ar\u00e1ndanos, donde trabaj\u00f3 cambi\u00f3 la tarifa diaria por cada libra que eligi\u00f3. \u00abDijeron que si no te gusta lo que te pagan, puedes ir a casa\u00bb, dijo S\u00e1nchez. Ella organiz\u00f3 a los 500 trabajadores en &hellip;<\/p>\n","protected":false},"author":1,"featured_media":21015,"comment_status":"open","ping_status":"open","sticky":false,"template":"","format":"standard","meta":{"fifu_image_url":"https:\/\/media-cldnry.s-nbcnews.com\/image\/upload\/t_nbcnews-fp-1200-630,f_auto,q_auto:best\/rockcms\/2025-03\/250331-Farmworker-rally-Gabriel-Leal-ac-530p-2d833b.jpg","fifu_image_alt":"","footnotes":""},"categories":[4],"tags":[],"class_list":["post-21013","post","type-post","status-publish","format-standard","has-post-thumbnail","","category-historias-destacadas"],"_links":{"self":[{"href":"https:\/\/noticiasveraces.com\/index.php?rest_route=\/wp\/v2\/posts\/21013","targetHints":{"allow":["GET"]}}],"collection":[{"href":"https:\/\/noticiasveraces.com\/index.php?rest_route=\/wp\/v2\/posts"}],"about":[{"href":"https:\/\/noticiasveraces.com\/index.php?rest_route=\/wp\/v2\/types\/post"}],"author":[{"embeddable":true,"href":"https:\/\/noticiasveraces.com\/index.php?rest_route=\/wp\/v2\/users\/1"}],"replies":[{"embeddable":true,"href":"https:\/\/noticiasveraces.com\/index.php?rest_route=%2Fwp%2Fv2%2Fcomments&post=21013"}],"version-history":[{"count":0,"href":"https:\/\/noticiasveraces.com\/index.php?rest_route=\/wp\/v2\/posts\/21013\/revisions"}],"wp:featuredmedia":[{"embeddable":true,"href":"https:\/\/noticiasveraces.com\/index.php?rest_route=\/wp\/v2\/media\/21015"}],"wp:attachment":[{"href":"https:\/\/noticiasveraces.com\/index.php?rest_route=%2Fwp%2Fv2%2Fmedia&parent=21013"}],"wp:term":[{"taxonomy":"category","embeddable":true,"href":"https:\/\/noticiasveraces.com\/index.php?rest_route=%2Fwp%2Fv2%2Fcategories&post=21013"},{"taxonomy":"post_tag","embeddable":true,"href":"https:\/\/noticiasveraces.com\/index.php?rest_route=%2Fwp%2Fv2%2Ftags&post=21013"}],"curies":[{"name":"wp","href":"https:\/\/api.w.org\/{rel}","templated":true}]}}