{"id":21002,"date":"2025-03-31T15:54:26","date_gmt":"2025-03-31T19:54:26","guid":{"rendered":"https:\/\/noticiasveraces.com\/?p=21002"},"modified":"2025-03-31T15:54:26","modified_gmt":"2025-03-31T19:54:26","slug":"british-widdler-suspendido-por-ser-transfobico-informe","status":"publish","type":"post","link":"https:\/\/noticiasveraces.com\/?p=21002","title":{"rendered":"British Widdler suspendido por ser transf\u00f3bico: informe"},"content":{"rendered":"<p> \n<\/p>\n<div>\n<p class=\"speakable\">Un ni\u00f1o brit\u00e1nico fue expulsado de una guarder\u00eda despu\u00e9s de ser acusado de ser transf\u00f3bico u homof\u00f3bico, seg\u00fan informes de los medios locales. <\/p>\n<p class=\"speakable\">El ni\u00f1o, de 3 o 4 a\u00f1os, fue expulsado de una guarder\u00eda escolar no identificada \u00abpor ser transf\u00f3bica\u00bb, inform\u00f3 el Telegraph el lunes. <\/p>\n<p>El nombre de la escuela y los detalles del caso no fueron revelados por el Departamento de Educaci\u00f3n (DFE) del Reino Unido, seg\u00fan el informe. <\/p>\n<p>Un portavoz de DFE le dijo al peri\u00f3dico que \u00abtodos los alumnos y el personal deben sentirse seguros y protegidos en la escuela y que nunca deben enfrentar violencia o abuso\u00bb.<\/p>\n<p><strong>Sospechoso de apu\u00f1alamiento del Reino Unido en las muertes de 3 ni\u00f1as encontradas con Ricin, Al Qaeda Material y acusado bajo la Ley de Terrorismo<\/strong><\/p>\n<div class=\"image-ct inline\">\n<div class=\"m\"><picture><source media=\"(max-width: 767px)\" srcset=\"https:\/\/a57.foxnews.com\/static.foxnews.com\/foxnews.com\/content\/uploads\/2023\/08\/343\/192\/Trans-flag-thumbnail.jpg?ve=1&amp;tl=1, https:\/\/a57.foxnews.com\/static.foxnews.com\/foxnews.com\/content\/uploads\/2023\/08\/686\/384\/Trans-flag-thumbnail.jpg?ve=1&amp;tl=1 2x\" height=\"192\" width=\"343\"><source media=\"(min-width: 768px) and (max-width: 1023px)\" srcset=\"https:\/\/a57.foxnews.com\/static.foxnews.com\/foxnews.com\/content\/uploads\/2023\/08\/672\/378\/Trans-flag-thumbnail.jpg?ve=1&amp;tl=1, https:\/\/a57.foxnews.com\/static.foxnews.com\/foxnews.com\/content\/uploads\/2023\/08\/1344\/756\/Trans-flag-thumbnail.jpg?ve=1&amp;tl=1 2x\" height=\"378\" width=\"672\"><source media=\"(min-width: 1024px) and (max-width: 1279px)\" srcset=\"https:\/\/a57.foxnews.com\/static.foxnews.com\/foxnews.com\/content\/uploads\/2023\/08\/931\/523\/Trans-flag-thumbnail.jpg?ve=1&amp;tl=1, https:\/\/a57.foxnews.com\/static.foxnews.com\/foxnews.com\/content\/uploads\/2023\/08\/1862\/1046\/Trans-flag-thumbnail.jpg?ve=1&amp;tl=1 2x\" height=\"523\" width=\"931\"><source media=\"(min-width: 1280px)\" srcset=\"https:\/\/a57.foxnews.com\/static.foxnews.com\/foxnews.com\/content\/uploads\/2023\/08\/720\/405\/Trans-flag-thumbnail.jpg?ve=1&amp;tl=1, https:\/\/a57.foxnews.com\/static.foxnews.com\/foxnews.com\/content\/uploads\/2023\/08\/1440\/810\/Trans-flag-thumbnail.jpg?ve=1&amp;tl=1 2x\" height=\"405\" width=\"720\"><img loading=\"lazy\" decoding=\"async\" src=\"https:\/\/a57.foxnews.com\/static.foxnews.com\/foxnews.com\/content\/uploads\/2023\/08\/1200\/675\/Trans-flag-thumbnail.jpg?ve=1&amp;tl=1\" alt=\"Bandera transg\u00e9nero con s\u00edmbolos de g\u00e9nero\" width=\"1200\" height=\"675\"\/><\/source><\/source><\/source><\/source><\/picture><\/div>\n<div class=\"info\">\n<div class=\"caption\">\n<p><span>Una bandera trans. <\/span> <span>(Angela Weiss\/AFP a trav\u00e9s de Getty Images)<\/span><\/p>\n<\/div>\n<\/div>\n<\/div>\n<p>Las estad\u00edsticas revelaron que 94 estudiantes de las escuelas primarias estatales fueron suspendidos o excluidos permanentemente por la transfobia y la homofobia en 2022-23.<\/p>\n<p>Esa cifra incluye a 10 estudiantes del primer a\u00f1o y tres del a\u00f1o dos, donde la edad m\u00e1xima es siete, seg\u00fan el informe. <\/p>\n<p>\u00abDe vez en cuando, los extremos de la ideolog\u00eda de g\u00e9nero arrojan una historia que parece demasiado loca para creer, y una ni\u00f1a suspendida de la guarder\u00eda por la llamada transfobia o homofobia es un ejemplo\u00bb, dijo Helen Joyce, directora de defensa de Sex Matters, al peri\u00f3dico.<\/p>\n<p><strong><u>Maine Gov. Janet Mills responde a la demanda de disculpas de Trump sobre las pol\u00edticas trans-atletas<\/u><\/strong><\/p>\n<div class=\"image-ct inline\">\n<div class=\"m\"><picture><source media=\"(max-width: 767px)\" srcset=\"https:\/\/a57.foxnews.com\/static.foxnews.com\/foxnews.com\/content\/uploads\/2024\/05\/343\/192\/Screenshot-2024-05-10-at-2.54.17-PM.png?ve=1&amp;tl=1, https:\/\/a57.foxnews.com\/static.foxnews.com\/foxnews.com\/content\/uploads\/2024\/05\/686\/384\/Screenshot-2024-05-10-at-2.54.17-PM.png?ve=1&amp;tl=1 2x\" height=\"192\" width=\"343\"><source media=\"(min-width: 768px) and (max-width: 1023px)\" srcset=\"https:\/\/a57.foxnews.com\/static.foxnews.com\/foxnews.com\/content\/uploads\/2024\/05\/672\/378\/Screenshot-2024-05-10-at-2.54.17-PM.png?ve=1&amp;tl=1, https:\/\/a57.foxnews.com\/static.foxnews.com\/foxnews.com\/content\/uploads\/2024\/05\/1344\/756\/Screenshot-2024-05-10-at-2.54.17-PM.png?ve=1&amp;tl=1 2x\" height=\"378\" width=\"672\"><source media=\"(min-width: 1024px) and (max-width: 1279px)\" srcset=\"https:\/\/a57.foxnews.com\/static.foxnews.com\/foxnews.com\/content\/uploads\/2024\/05\/931\/523\/Screenshot-2024-05-10-at-2.54.17-PM.png?ve=1&amp;tl=1, https:\/\/a57.foxnews.com\/static.foxnews.com\/foxnews.com\/content\/uploads\/2024\/05\/1862\/1046\/Screenshot-2024-05-10-at-2.54.17-PM.png?ve=1&amp;tl=1 2x\" height=\"523\" width=\"931\"><source media=\"(min-width: 1280px)\" srcset=\"https:\/\/a57.foxnews.com\/static.foxnews.com\/foxnews.com\/content\/uploads\/2024\/05\/720\/405\/Screenshot-2024-05-10-at-2.54.17-PM.png?ve=1&amp;tl=1, https:\/\/a57.foxnews.com\/static.foxnews.com\/foxnews.com\/content\/uploads\/2024\/05\/1440\/810\/Screenshot-2024-05-10-at-2.54.17-PM.png?ve=1&amp;tl=1 2x\" height=\"405\" width=\"720\"><img loading=\"lazy\" decoding=\"async\" src=\"https:\/\/a57.foxnews.com\/static.foxnews.com\/foxnews.com\/content\/uploads\/2024\/05\/1200\/675\/Screenshot-2024-05-10-at-2.54.17-PM.png?ve=1&amp;tl=1\" alt=\"Alguien guiando a un estudiante\" width=\"1200\" height=\"675\"\/><\/source><\/source><\/source><\/source><\/picture><\/div>\n<div class=\"info\">\n<div class=\"caption\">\n<p><span>Ni\u00f1os dentro de una escuela. Un ni\u00f1o brit\u00e1nico fue expulsado de una guarder\u00eda por supuestamente ser transf\u00f3bico, seg\u00fan los informes. <\/span> <span>(Distrito Escolar Littleton)<\/span><\/p>\n<\/div>\n<\/div>\n<\/div>\n<p>\u00abLos maestros y los l\u00edderes escolares involucrados en esta locura deber\u00edan avergonzarse de s\u00ed mismos por proyectar conceptos y creencias de adultos en tales ni\u00f1os peque\u00f1os\u00bb, agreg\u00f3. <\/p>\n<p>El autor JK Rowling, quien ha hablado sobre temas trans, se puso en cuenta con la suspensi\u00f3n. <\/p>\n<p>\u00abEsta es una locura totalitaria. Si crees que los ni\u00f1os peque\u00f1os deber\u00edan ser castigados por poder reconocer (sic) sexo, eres un fan\u00e1tico peligroso que no deber\u00eda estar cerca de los ni\u00f1os o en cualquier posici\u00f3n de autoridad sobre ellos\u00bb, public\u00f3 en X. <\/p>\n<p><strong><u>Haga clic aqu\u00ed para obtener la aplicaci\u00f3n Fox News <\/u><\/strong><\/p>\n<p>Lord Young, el director de la Uni\u00f3n de Libertad de Expresi\u00f3n, le dijo al peri\u00f3dico: \u00abBeggars creen que las escuelas est\u00e1n suspendiendo a ni\u00f1os de tan solo cinco a\u00f1os por violar su pol\u00edtica de &#8216;transfobia&#8217;. Hubiera pensado que si su ideolog\u00eda es tan r\u00edgida que justifica que castigue a los ni\u00f1os peque\u00f1os por no cumplir con ella, ese es un argumento poderoso para el discurso a favor de algo menos dogm\u00e1tico\u00bb.<\/p>\n<p> <!----> <\/div>\n\n","protected":false},"excerpt":{"rendered":"<p>Un ni\u00f1o brit\u00e1nico fue expulsado de una guarder\u00eda despu\u00e9s de ser acusado de ser transf\u00f3bico u homof\u00f3bico, seg\u00fan informes de los medios locales. El ni\u00f1o, de 3 o 4 a\u00f1os, fue expulsado de una guarder\u00eda escolar no identificada \u00abpor ser transf\u00f3bica\u00bb, inform\u00f3 el Telegraph el lunes. El nombre de la escuela y los detalles del &hellip;<\/p>\n","protected":false},"author":1,"featured_media":21004,"comment_status":"open","ping_status":"open","sticky":false,"template":"","format":"standard","meta":{"fifu_image_url":"https:\/\/static.foxnews.com\/foxnews.com\/content\/uploads\/2024\/05\/Screenshot-2024-05-10-at-2.54.17-PM.png","fifu_image_alt":"","footnotes":""},"categories":[13],"tags":[],"class_list":["post-21002","post","type-post","status-publish","format-standard","has-post-thumbnail","","category-mundo"],"_links":{"self":[{"href":"https:\/\/noticiasveraces.com\/index.php?rest_route=\/wp\/v2\/posts\/21002","targetHints":{"allow":["GET"]}}],"collection":[{"href":"https:\/\/noticiasveraces.com\/index.php?rest_route=\/wp\/v2\/posts"}],"about":[{"href":"https:\/\/noticiasveraces.com\/index.php?rest_route=\/wp\/v2\/types\/post"}],"author":[{"embeddable":true,"href":"https:\/\/noticiasveraces.com\/index.php?rest_route=\/wp\/v2\/users\/1"}],"replies":[{"embeddable":true,"href":"https:\/\/noticiasveraces.com\/index.php?rest_route=%2Fwp%2Fv2%2Fcomments&post=21002"}],"version-history":[{"count":0,"href":"https:\/\/noticiasveraces.com\/index.php?rest_route=\/wp\/v2\/posts\/21002\/revisions"}],"wp:featuredmedia":[{"embeddable":true,"href":"https:\/\/noticiasveraces.com\/index.php?rest_route=\/wp\/v2\/media\/21004"}],"wp:attachment":[{"href":"https:\/\/noticiasveraces.com\/index.php?rest_route=%2Fwp%2Fv2%2Fmedia&parent=21002"}],"wp:term":[{"taxonomy":"category","embeddable":true,"href":"https:\/\/noticiasveraces.com\/index.php?rest_route=%2Fwp%2Fv2%2Fcategories&post=21002"},{"taxonomy":"post_tag","embeddable":true,"href":"https:\/\/noticiasveraces.com\/index.php?rest_route=%2Fwp%2Fv2%2Ftags&post=21002"}],"curies":[{"name":"wp","href":"https:\/\/api.w.org\/{rel}","templated":true}]}}