{"id":21000,"date":"2025-03-31T14:53:56","date_gmt":"2025-03-31T18:53:56","guid":{"rendered":"https:\/\/noticiasveraces.com\/?p=21000"},"modified":"2025-03-31T14:53:56","modified_gmt":"2025-03-31T18:53:56","slug":"tensas-negociaciones-de-coalicion-en-alemania-dw-31-03-2025","status":"publish","type":"post","link":"https:\/\/noticiasveraces.com\/?p=21000","title":{"rendered":"Tensas negociaciones de coalici\u00f3n en Alemania \u2013 DW \u2013 31\/03\/2025"},"content":{"rendered":"<p> \n<\/p>\n<div>\n<p>En teor\u00eda, el dinero no deber\u00eda ser un problema en las negociaciones de coalici\u00f3n entre el bloque conservador\u00a0CDU\/CSUy el Partido Socialdem\u00f3crata Alem\u00e1n\u00a0(SPD)en Berl\u00edn. Despu\u00e9s de todo, se ha aprobado un paquete de deuda de billones de euros, aunque exclusivamente para defensa, infraestructura y protecci\u00f3n del clima.<\/p>\n<p>Estos fondos solo pueden utilizarse como complemento al presupuesto federal regular, que sigue teniendo un enorme d\u00e9ficit. Seg\u00fan c\u00e1lculos del Ministerio de Finanzas alem\u00e1n, en los cuatro a\u00f1os previstos del nuevo gobierno faltar\u00e1n al menos 100.000 millones de euros.<\/p>\n<h2>Muchas cuestiones siguen abiertas<\/h2>\n<p>El SPD preferir\u00eda aumentar los impuestos a los grandes ingresos, pero la CDU\/CSU se opone. Actualmente, las negociaciones est\u00e1n en la fase de alto nivel, despu\u00e9s de que los expertos de las tres formaciones discutieran sus posturas en 16 grupos de trabajo. Tras diez d\u00edas de deliberaciones, redactaron un informe con los puntos de consenso y las cuestiones pendientes.<\/p>\n<p>Los principales desacuerdos persisten en materia de migraci\u00f3n, impuestos, pensiones y pol\u00edtica energ\u00e9tica. Adem\u00e1s, durante la campa\u00f1a electoral se hicieron numerosas promesas, que los partidos ahora buscan cumplir. Estas incluyen desde reducciones fiscales, hasta aumentos en las pensiones para madres y la gratuidad de los almuerzos en guarder\u00edas y escuelas.<\/p>\n<h2>No todos los planes ser\u00e1n financiables<\/h2>\n<p>La CDU propone recortar el llamado <em>Asignaci\u00f3n de ciudadanos<\/em> (subsidio para desempleados) y reducir los gastos en asilo e inmigraci\u00f3n. Tambi\u00e9n busca restringir al m\u00e1ximo la inmigraci\u00f3n ilegal y, para ello, plantea rechazar a solicitantes de asilo en las fronteras de Alemania en \u00abcoordinaci\u00f3n\u201d con los pa\u00edses vecinos de la Uni\u00f3n Europea.<\/p>\n<p>Sin embargo, no hay total claridad sobre lo que significa exactamente esa coordinaci\u00f3n: \u00bfrequiere el consentimiento de los pa\u00edses vecinos, o s\u00f3lo implica informarlos? En este punto, el SPD y la CDU\/CSU no logran ponerse de acuerdo. No obstante, parece poco probable que el l\u00edder de la CDU, Friedrich Merz, imponga unilateralmente esta medida sin consultar a los socios europeos.<\/p>\n<p>Desde las elecciones, el probable futuro canciller ha mantenido conversaciones con varios l\u00edderes europeos. Seg\u00fan informes de los medios, ya se han alcanzado acuerdos preliminares con pa\u00edses vecinos sobre c\u00f3mo se llevar\u00edan a cabo las devoluciones en frontera.<\/p>\n<figure class=\"placeholder-image master_landscape big\"><img data-format=\"MASTER_LANDSCAPE\" data-id=\"72023601\" data-url=\"https:\/\/static.dw.com\/image\/72023601_${formatId}.jpg\" data-aspect-ratio=\"16\/9\" alt=\"Friedrich Merz y Lars Klingbeil se sientan uno junto al otro en una fila vac\u00eda del Bundestag. La foto est\u00e1 tomada desde arriba. Klingbeil mira a la c\u00e1mara.\" style=\"padding-bottom: 56.25%; height: 0; max-height: 0;\"\/><figcaption class=\"img-caption\">En plena negociaci\u00f3n: el l\u00edder del SPD, Lars Klingbeil (izquierda), y el l\u00edder de la CDU, Friedrich Merz.<small class=\"copyright\">Imagen: Michael Kappeler\/dpa<\/small><\/figcaption><\/figure>\n<h2>\u00bfSe reducir\u00e1n los fondos para cooperaci\u00f3n al desarrollo?<\/h2>\n<p>La reducci\u00f3n del n\u00famero de solicitantes de asilo y el aumento de la tasa de empleo no ser\u00e1n suficientes para equilibrar el presupuesto. En la b\u00fasqueda de m\u00e1s recortes, la cooperaci\u00f3n al desarrollo ha entrado en el debate.<\/p>\n<p>La CDU y la CSU proponen disminuir el gasto en ayuda al desarrollo y fusionar el Ministerio de Cooperaci\u00f3n Econ\u00f3mica y Desarrollo (BMZ) con el Ministerio de Asuntos Exteriores. Su objetivo es coordinar la pol\u00edtica exterior, la seguridad y la promoci\u00f3n econ\u00f3mica en el extranjero.<\/p>\n<p>Durante la campa\u00f1a electoral, Merz habl\u00f3 de la necesidad de \u00abrestaurar la capacidad de acci\u00f3n en pol\u00edtica exterior\u201d, lo que para \u00e9l implica vincular intereses pol\u00edticos y econ\u00f3micos, especialmente en los pa\u00edses que reciben financiaci\u00f3n alemana. Considera que la separaci\u00f3n entre pol\u00edtica exterior y cooperaci\u00f3n al desarrollo es contraproducente.<\/p>\n<p><span data-slot-id=\"Article_InContent-1\" class=\"rich-text-ad\"\/><\/p>\n<h2>Cr\u00edticas de iglesias y pol\u00edticos<\/h2>\n<p>Diversas voces han rechazado la posibilidad de recortar los fondos para el desarrollo. \u00abRecortar en cooperaci\u00f3n no s\u00f3lo debilita nuestras asociaciones internacionales, sino tambi\u00e9n los valores e intereses que Alemania representa\u00bb, afirma un comunicado firmado por figuras destacadas de la pol\u00edtica y la Iglesia, como la exministra de Desarrollo Heidemarie Wieczorek-Zeul (SPD) y su sucesor, Gerd M\u00fcller (CSU).<\/p>\n<p>La presidenta del Consejo de la Iglesia Evang\u00e9lica en Alemania (EKD), Kirsten Fehrs, enfatiz\u00f3 que la cooperaci\u00f3n al desarrollo \u00abno es un asunto secundario, sino una inversi\u00f3n en paz, justicia y un futuro com\u00fan\u00bb. Seg\u00fan ella, mantener un ministerio independiente para el desarrollo otorga voz a los pa\u00edses m\u00e1s desfavorecidos dentro de la pol\u00edtica alemana y refuerza una pol\u00edtica exterior basada en valores.<\/p>\n<p>Asimismo, obispos cat\u00f3licos de \u00c1frica y Medio Oriente, junto con la organizaci\u00f3n misionera missio Aachen, han expresado su rechazo a los recortes y han instado a la CDU y al SPD a fortalecer la cooperaci\u00f3n al desarrollo.<\/p>\n<p>(GG\/CP)<\/p>\n<\/div>\n\n","protected":false},"excerpt":{"rendered":"<p>En teor\u00eda, el dinero no deber\u00eda ser un problema en las negociaciones de coalici\u00f3n entre el bloque conservador\u00a0CDU\/CSUy el Partido Socialdem\u00f3crata Alem\u00e1n\u00a0(SPD)en Berl\u00edn. Despu\u00e9s de todo, se ha aprobado un paquete de deuda de billones de euros, aunque exclusivamente para defensa, infraestructura y protecci\u00f3n del clima. Estos fondos solo pueden utilizarse como complemento al presupuesto &hellip;<\/p>\n","protected":false},"author":1,"featured_media":21001,"comment_status":"open","ping_status":"open","sticky":false,"template":"","format":"standard","meta":{"fifu_image_url":"https:\/\/static.dw.com\/image\/72087377_6.jpg","fifu_image_alt":"","footnotes":""},"categories":[13],"tags":[],"class_list":["post-21000","post","type-post","status-publish","format-standard","has-post-thumbnail","","category-mundo"],"_links":{"self":[{"href":"https:\/\/noticiasveraces.com\/index.php?rest_route=\/wp\/v2\/posts\/21000","targetHints":{"allow":["GET"]}}],"collection":[{"href":"https:\/\/noticiasveraces.com\/index.php?rest_route=\/wp\/v2\/posts"}],"about":[{"href":"https:\/\/noticiasveraces.com\/index.php?rest_route=\/wp\/v2\/types\/post"}],"author":[{"embeddable":true,"href":"https:\/\/noticiasveraces.com\/index.php?rest_route=\/wp\/v2\/users\/1"}],"replies":[{"embeddable":true,"href":"https:\/\/noticiasveraces.com\/index.php?rest_route=%2Fwp%2Fv2%2Fcomments&post=21000"}],"version-history":[{"count":0,"href":"https:\/\/noticiasveraces.com\/index.php?rest_route=\/wp\/v2\/posts\/21000\/revisions"}],"wp:featuredmedia":[{"embeddable":true,"href":"https:\/\/noticiasveraces.com\/index.php?rest_route=\/wp\/v2\/media\/21001"}],"wp:attachment":[{"href":"https:\/\/noticiasveraces.com\/index.php?rest_route=%2Fwp%2Fv2%2Fmedia&parent=21000"}],"wp:term":[{"taxonomy":"category","embeddable":true,"href":"https:\/\/noticiasveraces.com\/index.php?rest_route=%2Fwp%2Fv2%2Fcategories&post=21000"},{"taxonomy":"post_tag","embeddable":true,"href":"https:\/\/noticiasveraces.com\/index.php?rest_route=%2Fwp%2Fv2%2Ftags&post=21000"}],"curies":[{"name":"wp","href":"https:\/\/api.w.org\/{rel}","templated":true}]}}