{"id":20966,"date":"2025-03-31T11:48:44","date_gmt":"2025-03-31T15:48:44","guid":{"rendered":"https:\/\/noticiasveraces.com\/?p=20966"},"modified":"2025-03-31T11:48:44","modified_gmt":"2025-03-31T15:48:44","slug":"puede-una-feria-salvar-la-economia-alemana-dw-31-03-2025","status":"publish","type":"post","link":"https:\/\/noticiasveraces.com\/?p=20966","title":{"rendered":"\u00bfpuede una feria salvar la econom\u00eda alemana? \u2013 DW \u2013 31\/03\/2025"},"content":{"rendered":"<p> \n<\/p>\n<div>\n<p>M\u00e1s de 4.000 expositores muestran sus innovaciones en la feria industrial de Hannover, que se presenta como la mayor del mundo. Se anuncian visitantes de unos 150 pa\u00edses. Especialmente las medianas empresas exhiben cada a\u00f1o -en\u00a0la capital del estado alem\u00e1n de Baja Sajonia-\u00a0sus innovaciones en los \u00e1mbitos de la rob\u00f3tica, la ingenier\u00eda mec\u00e1nica, la tecnolog\u00eda de propulsi\u00f3n y la producci\u00f3n de energ\u00eda.<\/p>\n<p>\u00abQueremos ofrecer una plataforma en la que la pol\u00edtica pueda dialogar con las empresas sobre las condiciones marco necesarias para tener \u00e9xito\u00bb, explica a DW Jochen K\u00f6ckler, director general de la Deutsche Messe AG. En los dif\u00edciles tiempos que corren, el objetivo es generar confianza en las inversiones y, sobre todo, transmitir un esp\u00edritu de optimismo.<\/p>\n<h2>Pa\u00eds socio: Canad\u00e1<\/h2>\n<p>El pa\u00eds socio de este a\u00f1o es Canad\u00e1. La decisi\u00f3n se tom\u00f3 hace dos a\u00f1os, pero, teniendo en cuenta los conflictos comerciales con EE. UU., esta cooperaci\u00f3n en la Feria de Hannover llega en el momento adecuado. En las \u00faltimas semanas, la administraci\u00f3n Trump ha impuesto repetidamente aranceles contra Canad\u00e1 y la Uni\u00f3n Europea.<\/p>\n<p>\u00abEn vista de las tensiones geopol\u00edticas, nos alegra especialmente que un pa\u00eds como Canad\u00e1 sea socio este a\u00f1o\u00bb, dice a DW Wolfgang Weber, director general de la Asociaci\u00f3n de la Industria El\u00e9ctrica y Digital (ZVEI).<\/p>\n<p>\u00abEsperamos que el acuerdo de libre comercio CETA, firmado hace poco, y la asociaci\u00f3n en la Feria de Hannover intensifiquen a\u00fan m\u00e1s el comercio entre la UE y Canad\u00e1. Como los canadienses no han sido bien tratados por el se\u00f1or Trump, seguramente tambi\u00e9n buscar\u00e1n otros mercados\u00bb, comenta tambi\u00e9n a DW el director general de la Asociaci\u00f3n Alemana de Ingenier\u00eda Mec\u00e1nica e Instalaciones (VDMA), Thilo Brodtmann.<\/p>\n<p>Los jefes de Estado y de Gobierno tambi\u00e9n suelen visitar la Feria de Hannover. Por ejemplo, Barack Obama y Angela Merkel inauguraron las de 2016 y 2019. Pero\u00a0tanto la pol\u00edtica canadiense como la alemana est\u00e1n en un momento de cambio.<\/p>\n<p>En Canad\u00e1, el primer ministro Justin Trudeau renunci\u00f3, y el exjefe del Banco Central, Mark Carney, asumi\u00f3 temporalmente el cargo en marzo. Alemania celebr\u00f3 elecciones anticipadas en febrero y el Parlamento a\u00fan no ha elegido al pr\u00f3ximo canciller. As\u00ed que el actual canciller, Olaf Scholz, vuelve a inaugurar la feria.<\/p>\n<figure class=\"placeholder-image master_landscape big\"><img data-format=\"MASTER_LANDSCAPE\" data-id=\"72095030\" data-url=\"https:\/\/static.dw.com\/image\/72095030_${formatId}.jpg\" data-aspect-ratio=\"16\/9\" alt=\"Olaf Scholz, canciller alem\u00e1n en funciones, y St\u00e9phane Dion, enviado especial para la Uni\u00f3n Europea y Europa del pa\u00eds socio, Canad\u00e1, en la Feria de Hannover 2025, junto al stand del Proyecto Arrow de Canad\u00e1.\" style=\"padding-bottom: 56.25%; height: 0; max-height: 0;\"\/><figcaption class=\"img-caption\">Olaf Scholz inaugura la Feria de Hannover: empresas de ingenier\u00eda mec\u00e1nica, de la industria el\u00e9ctrica, digital y energ\u00e9tica presentan soluciones para una industria sostenible y de alto rendimiento.<small class=\"copyright\">Imagen: Michael Matthey\/dpa\/picture-alliance<\/small><\/figcaption><\/figure>\n<h2>Inversiones por valor de miles de millones<\/h2>\n<p>Pese a la coyuntural inestabilidad pol\u00edtica en Alemania y Canad\u00e1, para los empresarios, la Feria de Hannover llega en el momento adecuado. El Gobierno alem\u00e1n acaba de aprobar 500 mil millones de euros en fondos especiales para inversiones y relaj\u00f3 el freno de la deuda.<\/p>\n<p>\u00abHabr\u00e1 una gran oleada de pedidos\u00bb, pronostica el jefe de la VDMA, Brodtmann, pues la Feria de Hannover ofrece exactamente lo que se necesita para las inversiones en infraestructura.<\/p>\n<p>Weber, jefe de ZVEI, acoge con especial satisfacci\u00f3n que en el paquete alem\u00e1n de inversiones se d\u00e9 alta prioridad a la protecci\u00f3n del clima. En las negociaciones, el partido de oposici\u00f3n Los Verdes consigui\u00f3 una asignaci\u00f3n de 100 mil millones de euros para este fin:<\/p>\n<p>\u00abCreo que esto es realmente importante, para que Alemania pueda mostrar al mundo que la protecci\u00f3n del clima se puede combinar con la eficiencia econ\u00f3mica\u00bb, afirma Weber.<\/p>\n<p><span data-slot-id=\"Article_InContent-1\" class=\"rich-text-ad\"\/><\/p>\n<h2>Econom\u00eda estancada, pero el <em>&#8216;Hecho en Alemania&#8217;<\/em> es fuerte<\/h2>\n<p>La Feria de Hannover se fund\u00f3 en Alemania en 1947, tras el final de la Segunda Guerra Mundial. La potencia ocupante brit\u00e1nica quer\u00eda estimular la econom\u00eda alemana, mostrar al mundo el potencial de los empresarios y trabajadores alemanes. El plan funcion\u00f3: se firmaron contratos de exportaci\u00f3n por un valor total de casi 32 millones de d\u00f3lares.<\/p>\n<p>Actualmente, la econom\u00eda alemana ha vuelto a debilitarse. Est\u00e1 en recesi\u00f3n por segundo a\u00f1o consecutivo. El producto interior bruto (PIB)\u00a0cay\u00f3 un 0,2 por ciento el a\u00f1o pasado. \u00bfPodr\u00eda la Feria de Hannover contribuir a un nuevo auge?<\/p>\n<p>El jefe de la feria, K\u00f6ckler, ve paralelos hist\u00f3ricos con 1947, pero enfatiza: \u00abTenemos que tener mucho cuidado de no vendernos barato en las noticias. El mensaje debe ser que el <em>&#8216;Hecho en Alemania&#8217; <\/em>es muy fuerte y no cederemos a la competencia mundial\u00bb.<\/p>\n<figure class=\"placeholder-image master_landscape big\"><img data-format=\"MASTER_LANDSCAPE\" data-id=\"72060443\" data-url=\"https:\/\/static.dw.com\/image\/72060443_${formatId}.jpg\" data-aspect-ratio=\"16\/9\" alt=\"Jochen K\u00f6ckler, presidente de la junta directiva de Deutsche Messe AG, en la rueda de prensa inaugural de la Feria de Hannover 2025.\" style=\"padding-bottom: 56.25%; height: 0; max-height: 0;\"\/><figcaption class=\"img-caption\">Pese al estancamiento, el &#8216;Made in Germany&#8217; es muy fuerte, asegur\u00f3 Jochen K\u00f6ckler, en la rueda de prensa inaugural de la Feria de Hannover 2025.<small class=\"copyright\">Imagen: Julian Stratenschulte\/DPA\/Picture Alliance<\/small><\/figcaption><\/figure>\n<h2>Tema central: inteligencia artificial (IA)<\/h2>\n<p>Weber, jefe de ZVEI, afirma tambi\u00e9n que, aunque la industria en Alemania se ha debilitado, su liderazgo tecnol\u00f3gico se mantiene en gran medida. \u00abHemos introducido la automatizaci\u00f3n y la digitalizaci\u00f3n en la producci\u00f3n industrial y, con ello, hemos mejorado enormemente la eficiencia\u00bb.<\/p>\n<p>Este a\u00f1o, la inteligencia artificial es el tema central de la Feria de Hannover, una tecnolog\u00eda que ser\u00e1 crucial en la competencia internacional. <\/p>\n<p>As\u00ed las cosas, esta semana se ver\u00e1 el impulso que la Feria de Hannover puede dar a la econom\u00eda alemana.<\/p>\n<p>(RML\/CP)<\/p>\n<\/div>\n\n","protected":false},"excerpt":{"rendered":"<p>M\u00e1s de 4.000 expositores muestran sus innovaciones en la feria industrial de Hannover, que se presenta como la mayor del mundo. Se anuncian visitantes de unos 150 pa\u00edses. Especialmente las medianas empresas exhiben cada a\u00f1o -en\u00a0la capital del estado alem\u00e1n de Baja Sajonia-\u00a0sus innovaciones en los \u00e1mbitos de la rob\u00f3tica, la ingenier\u00eda mec\u00e1nica, la tecnolog\u00eda &hellip;<\/p>\n","protected":false},"author":1,"featured_media":20967,"comment_status":"open","ping_status":"open","sticky":false,"template":"","format":"standard","meta":{"fifu_image_url":"https:\/\/static.dw.com\/image\/72060384_6.jpg","fifu_image_alt":"","footnotes":""},"categories":[13],"tags":[],"class_list":["post-20966","post","type-post","status-publish","format-standard","has-post-thumbnail","","category-mundo"],"_links":{"self":[{"href":"https:\/\/noticiasveraces.com\/index.php?rest_route=\/wp\/v2\/posts\/20966","targetHints":{"allow":["GET"]}}],"collection":[{"href":"https:\/\/noticiasveraces.com\/index.php?rest_route=\/wp\/v2\/posts"}],"about":[{"href":"https:\/\/noticiasveraces.com\/index.php?rest_route=\/wp\/v2\/types\/post"}],"author":[{"embeddable":true,"href":"https:\/\/noticiasveraces.com\/index.php?rest_route=\/wp\/v2\/users\/1"}],"replies":[{"embeddable":true,"href":"https:\/\/noticiasveraces.com\/index.php?rest_route=%2Fwp%2Fv2%2Fcomments&post=20966"}],"version-history":[{"count":0,"href":"https:\/\/noticiasveraces.com\/index.php?rest_route=\/wp\/v2\/posts\/20966\/revisions"}],"wp:featuredmedia":[{"embeddable":true,"href":"https:\/\/noticiasveraces.com\/index.php?rest_route=\/wp\/v2\/media\/20967"}],"wp:attachment":[{"href":"https:\/\/noticiasveraces.com\/index.php?rest_route=%2Fwp%2Fv2%2Fmedia&parent=20966"}],"wp:term":[{"taxonomy":"category","embeddable":true,"href":"https:\/\/noticiasveraces.com\/index.php?rest_route=%2Fwp%2Fv2%2Fcategories&post=20966"},{"taxonomy":"post_tag","embeddable":true,"href":"https:\/\/noticiasveraces.com\/index.php?rest_route=%2Fwp%2Fv2%2Ftags&post=20966"}],"curies":[{"name":"wp","href":"https:\/\/api.w.org\/{rel}","templated":true}]}}