{"id":20958,"date":"2025-03-31T09:41:21","date_gmt":"2025-03-31T13:41:21","guid":{"rendered":"https:\/\/noticiasveraces.com\/?p=20958"},"modified":"2025-03-31T09:41:21","modified_gmt":"2025-03-31T13:41:21","slug":"erdogan-de-turquia-exige-la-destruccion-de-israel-en-medio-de-tensiones-crecientes-informe","status":"publish","type":"post","link":"https:\/\/noticiasveraces.com\/?p=20958","title":{"rendered":"Erdogan de Turqu\u00eda exige la destrucci\u00f3n de Israel en medio de tensiones crecientes: informe"},"content":{"rendered":"<p> \n<\/p>\n<div>\n<div class=\"featured featured-video video-ct\" data-v-5f342d4c=\"\"><!----> <\/p>\n<div class=\"contain\" data-v-5f342d4c=\"\">  <!----> <\/p>\n<div class=\"info\" data-v-5f342d4c=\"\">\n<div class=\"caption\" data-v-5f342d4c=\"\">\n<h4 class=\"title\" data-v-5f342d4c=\"\">Manitistas de spray de pimienta de la polic\u00eda turca en Estambul <\/h4>\n<p data-v-5f342d4c=\"\">Los oficiales de polic\u00eda vieron a Pepper que pulverizan a los manifestantes mientras la gente se reun\u00eda en apoyo del alcalde de Estambul Ekrem Imamoglu, cerca del edificio del Municipio Metropolitano de Estambul, en Estambul, Turqu\u00eda, 23 de marzo de 2025. (Cr\u00e9dito: Reuters)<\/p>\n<\/div>\n<\/div>\n<\/div>\n<\/div>\n<p class=\"speakable\">Seg\u00fan los informes, el presidente turco Recep Tayyip Erdogan pidi\u00f3 la destrucci\u00f3n de Israel durante las oraciones de Eid al-Fitr en la mezquita de \u00c7aml\u0131ca en Estambul el domingo.<\/p>\n<p class=\"speakable\">El Post de Jerusal\u00e9n inform\u00f3 que Erdogan dijo \u00abMay Allah, por su nombre &#8216;Al-Qahhar&#8217;, destruye y devasta a Israel sionista\u00bb. Su llamado a la aniquilaci\u00f3n del estado jud\u00edo ha atra\u00eddo una feroz condena, particularmente de los funcionarios israel\u00edes.<\/p>\n<p>En respuesta a sus comentarios, el ministro de Relaciones Exteriores israel\u00ed, Gideon Sa&#8217;ar, declar\u00f3 en X, \u00abel dictador Erdogan revel\u00f3 su rostro antisemita,\u00bb y agreg\u00f3 que \u00abErdogan es peligroso para la regi\u00f3n, as\u00ed como para su propia gente, como se ha demostrado en los \u00faltimos d\u00edas\u00bb, tambi\u00e9n se refiere a las protestas sobre Turqu\u00eda y esperamos que los miembros de la ata entiendan lo peligroso en los \u00faltimos d\u00edas. <\/p>\n<p>Despu\u00e9s de sus comentarios, el Ministerio de Relaciones Exteriores de Turqu\u00eda emiti\u00f3 una declaraci\u00f3n que dec\u00eda, en parte, \u00abrechazamos categ\u00f3ricamente la escandalosa declaraci\u00f3n hecha por el ministro de Relaciones Exteriores del gobierno de Netanyahu.<\/p>\n<p><strong>Erdogan de Turqu\u00eda contin\u00faa con ofensiones contra los manifestantes despu\u00e9s del arresto del principal rival por cargos de corrupci\u00f3n<\/strong><strong> <\/strong><\/p>\n<div class=\"image-ct inline\">\n<div class=\"m\"><picture><source media=\"(max-width: 767px)\" srcset=\"https:\/\/a57.foxnews.com\/static.foxnews.com\/foxnews.com\/content\/uploads\/2023\/10\/343\/192\/Erdogan.jpg?ve=1&amp;tl=1, https:\/\/a57.foxnews.com\/static.foxnews.com\/foxnews.com\/content\/uploads\/2023\/10\/686\/384\/Erdogan.jpg?ve=1&amp;tl=1 2x\" height=\"192\" width=\"343\"><source media=\"(min-width: 768px) and (max-width: 1023px)\" srcset=\"https:\/\/a57.foxnews.com\/static.foxnews.com\/foxnews.com\/content\/uploads\/2023\/10\/672\/378\/Erdogan.jpg?ve=1&amp;tl=1, https:\/\/a57.foxnews.com\/static.foxnews.com\/foxnews.com\/content\/uploads\/2023\/10\/1344\/756\/Erdogan.jpg?ve=1&amp;tl=1 2x\" height=\"378\" width=\"672\"><source media=\"(min-width: 1024px) and (max-width: 1279px)\" srcset=\"https:\/\/a57.foxnews.com\/static.foxnews.com\/foxnews.com\/content\/uploads\/2023\/10\/931\/523\/Erdogan.jpg?ve=1&amp;tl=1, https:\/\/a57.foxnews.com\/static.foxnews.com\/foxnews.com\/content\/uploads\/2023\/10\/1862\/1046\/Erdogan.jpg?ve=1&amp;tl=1 2x\" height=\"523\" width=\"931\"><source media=\"(min-width: 1280px)\" srcset=\"https:\/\/a57.foxnews.com\/static.foxnews.com\/foxnews.com\/content\/uploads\/2023\/10\/720\/405\/Erdogan.jpg?ve=1&amp;tl=1, https:\/\/a57.foxnews.com\/static.foxnews.com\/foxnews.com\/content\/uploads\/2023\/10\/1440\/810\/Erdogan.jpg?ve=1&amp;tl=1 2x\" height=\"405\" width=\"720\"><img loading=\"lazy\" decoding=\"async\" src=\"https:\/\/a57.foxnews.com\/static.foxnews.com\/foxnews.com\/content\/uploads\/2023\/10\/1200\/675\/Erdogan.jpg?ve=1&amp;tl=1\" alt=\"Rally de Erdogan en Turqu\u00eda\" width=\"1200\" height=\"675\"\/><\/source><\/source><\/source><\/source><\/picture><\/div>\n<div class=\"info\">\n<div class=\"caption\">\n<p><span>El presidente turco, Recep Tayyip Erdogan, habla con los asistentes durante una manifestaci\u00f3n para mostrar su solidaridad con los palestinos, en Estambul el s\u00e1bado 28 de octubre.<\/span> <span>(AP\/Emrah Gurel)<\/span><\/p>\n<\/div>\n<\/div>\n<\/div>\n<p>\u00abEstas acusaciones irrespetuosas e infundadas son parte de un esfuerzo para encubrir los cr\u00edmenes cometidos por Netanyahu y sus asociados,\u00bb y agreg\u00f3: \u00abContinuaremos apoyando a los civiles inocentes dirigidos por Israel y defender sus derechos\u00bb.<\/p>\n<p>En una publicaci\u00f3n en las redes sociales, el Ministerio de Relaciones Exteriores de Israel exigi\u00f3 claridad sobre si Erdogan niega sus puntos de vista antisem\u00edticos, enfatizando las acciones problem\u00e1ticas del presidente tanto a nivel nacional como internacional. <\/p>\n<p>\u00ab\u00bfQu\u00e9 molest\u00f3 al Ministerio de Relaciones Exteriores turcas? Aqu\u00ed hay una manera de aclarar las palabras del dictador: afirmar claramente que Erdogan no es un antisemita, que no es un enemigo obsesivo del estado jud\u00edo\u00bb. <\/p>\n<p>La publicaci\u00f3n subraya la creciente preocupaci\u00f3n por las intenciones de Erdogan hacia Israel.<\/p>\n<p>Las tensiones entre Turqu\u00eda e Israel van m\u00e1s all\u00e1 del apoyo de Erdogan a Hamas, aunque eso sigue siendo un problema central. Hamas, que llev\u00f3 a cabo la brutal masacre de m\u00e1s de 1.200 israel\u00edes el 7 de octubre de 2023, ha tenido un respaldo turco. La negativa de Erdogan a denunciar a Hamas, describi\u00e9ndolas como un partido pol\u00edtico leg\u00edtimo, ha enojado a Israel y gran parte de la comunidad internacional.<\/p>\n<div class=\"image-ct inline\">\n<div class=\"m\"><picture><source media=\"(max-width: 767px)\" srcset=\"https:\/\/a57.foxnews.com\/static.foxnews.com\/foxnews.com\/content\/uploads\/2022\/03\/343\/192\/turkey-0.jpg?ve=1&amp;tl=1, https:\/\/a57.foxnews.com\/static.foxnews.com\/foxnews.com\/content\/uploads\/2022\/03\/686\/384\/turkey-0.jpg?ve=1&amp;tl=1 2x\" height=\"192\" width=\"343\"><source media=\"(min-width: 768px) and (max-width: 1023px)\" srcset=\"https:\/\/a57.foxnews.com\/static.foxnews.com\/foxnews.com\/content\/uploads\/2022\/03\/672\/378\/turkey-0.jpg?ve=1&amp;tl=1, https:\/\/a57.foxnews.com\/static.foxnews.com\/foxnews.com\/content\/uploads\/2022\/03\/1344\/756\/turkey-0.jpg?ve=1&amp;tl=1 2x\" height=\"378\" width=\"672\"><source media=\"(min-width: 1024px) and (max-width: 1279px)\" srcset=\"https:\/\/a57.foxnews.com\/static.foxnews.com\/foxnews.com\/content\/uploads\/2022\/03\/931\/523\/turkey-0.jpg?ve=1&amp;tl=1, https:\/\/a57.foxnews.com\/static.foxnews.com\/foxnews.com\/content\/uploads\/2022\/03\/1862\/1046\/turkey-0.jpg?ve=1&amp;tl=1 2x\" height=\"523\" width=\"931\"><source media=\"(min-width: 1280px)\" srcset=\"https:\/\/a57.foxnews.com\/static.foxnews.com\/foxnews.com\/content\/uploads\/2022\/03\/720\/405\/turkey-0.jpg?ve=1&amp;tl=1, https:\/\/a57.foxnews.com\/static.foxnews.com\/foxnews.com\/content\/uploads\/2022\/03\/1440\/810\/turkey-0.jpg?ve=1&amp;tl=1 2x\" height=\"405\" width=\"720\"><img loading=\"lazy\" decoding=\"async\" src=\"https:\/\/a57.foxnews.com\/static.foxnews.com\/foxnews.com\/content\/uploads\/2022\/03\/1200\/675\/turkey-0.jpg?ve=1&amp;tl=1\" alt=\"El presidente turco, Recep Tayyip Erdogan, a la derecha, con el presidente israel\u00ed Isaac Herzog en marzo de 2022.\" width=\"1200\" height=\"675\"\/><\/source><\/source><\/source><\/source><\/picture><\/div>\n<div class=\"info\">\n<div class=\"caption\">\n<p><span>El presidente turco, Recep Tayyip Erdogan, a la derecha, con el presidente israel\u00ed Isaac Herzog en marzo de 2022.<\/span> <!----><\/p>\n<\/div>\n<\/div>\n<\/div>\n<p>La relaci\u00f3n diplom\u00e1tica entre Turqu\u00eda y Estados Unidos tambi\u00e9n ha estado bajo escrutinio. Si bien las acciones dom\u00e9sticas de Turqu\u00eda, como tomar medidas en\u00e9rgicas contra los oponentes pol\u00edticos, incluido el arresto del alcalde de Estanbul, Ekrem ienemoglu, han provocado protestas sin precedentes, los funcionarios estadounidenses est\u00e1n intentando estabilizar las relaciones. El 26 de marzo, el secretario de estado, Marco Rubio, se reuni\u00f3 con el ministro de Relaciones Exteriores turco, Hakan Fidan, discutiendo el apoyo potencial de Turqu\u00eda a un alto el fuego ruso-Ukraine y otros problemas geopol\u00edticos, a pesar de la reciente agitaci\u00f3n interna.<\/p>\n<p>\u00abEl hombre fuerte de Turqu\u00eda, Recep Tayyip Erdogan se enfrenta a la peor crisis pol\u00edtica interna de su carrera. Las calles est\u00e1n inundadas ahora con manifestantes que est\u00e1n indignados por el arresto del l\u00edder de la oposici\u00f3n Ekrem Imamoglu, Restricciones de Internet y otras maniobras autoritarias\u00bb, Jonathan Schanzer, director ejecutivo de la Fundaci\u00f3n para la Fundaci\u00f3n de la Fundaci\u00f3n de la Fundaci\u00f3n de Democraces, dijo NEWS DIGITIONES DIGITAL.<\/p>\n<p><strong>Trump coloc\u00f3 de manera \u00fanica para &#8216;susurrar&#8217; al o\u00eddo de Erdogan sobre las ambiciones regionales turcas: ministro de defensa griega<\/strong><\/p>\n<div class=\"image-ct inline\">\n<div class=\"m\"><picture><source media=\"(max-width: 767px)\" srcset=\"https:\/\/a57.foxnews.com\/static.foxnews.com\/foxnews.com\/content\/uploads\/2025\/03\/343\/192\/anti-erdogan-protests-scaled.jpg?ve=1&amp;tl=1, https:\/\/a57.foxnews.com\/static.foxnews.com\/foxnews.com\/content\/uploads\/2025\/03\/686\/384\/anti-erdogan-protests-scaled.jpg?ve=1&amp;tl=1 2x\" height=\"192\" width=\"343\"><source media=\"(min-width: 768px) and (max-width: 1023px)\" srcset=\"https:\/\/a57.foxnews.com\/static.foxnews.com\/foxnews.com\/content\/uploads\/2025\/03\/672\/378\/anti-erdogan-protests-scaled.jpg?ve=1&amp;tl=1, https:\/\/a57.foxnews.com\/static.foxnews.com\/foxnews.com\/content\/uploads\/2025\/03\/1344\/756\/anti-erdogan-protests-scaled.jpg?ve=1&amp;tl=1 2x\" height=\"378\" width=\"672\"><source media=\"(min-width: 1024px) and (max-width: 1279px)\" srcset=\"https:\/\/a57.foxnews.com\/static.foxnews.com\/foxnews.com\/content\/uploads\/2025\/03\/931\/523\/anti-erdogan-protests-scaled.jpg?ve=1&amp;tl=1, https:\/\/a57.foxnews.com\/static.foxnews.com\/foxnews.com\/content\/uploads\/2025\/03\/1862\/1046\/anti-erdogan-protests-scaled.jpg?ve=1&amp;tl=1 2x\" height=\"523\" width=\"931\"><source media=\"(min-width: 1280px)\" srcset=\"https:\/\/a57.foxnews.com\/static.foxnews.com\/foxnews.com\/content\/uploads\/2025\/03\/720\/405\/anti-erdogan-protests-scaled.jpg?ve=1&amp;tl=1, https:\/\/a57.foxnews.com\/static.foxnews.com\/foxnews.com\/content\/uploads\/2025\/03\/1440\/810\/anti-erdogan-protests-scaled.jpg?ve=1&amp;tl=1 2x\" height=\"405\" width=\"720\"><img loading=\"lazy\" decoding=\"async\" src=\"https:\/\/a57.foxnews.com\/static.foxnews.com\/foxnews.com\/content\/uploads\/2025\/03\/1200\/675\/anti-erdogan-protests-scaled.jpg?ve=1&amp;tl=1\" alt=\"Protestas anti-erdogan\" width=\"1200\" height=\"675\"\/><\/source><\/source><\/source><\/source><\/picture><\/div>\n<div class=\"info\">\n<div class=\"caption\">\n<p><span>Las personas cantan esl\u00f3ganes mientras protestan por el arresto del alcalde de Estambul Ekrem Imamoglu en Estambul el mi\u00e9rcoles 19 de marzo de 2025.<\/span> <span>(AP Photo\/Francisco Seco)<\/span><\/p>\n<\/div>\n<\/div>\n<\/div>\n<p>\u00abPara desviarse, Erdogan se ha dedicado a la ret\u00f3rica abrasadora contra Israel. Esto se produce en medio del inquebrantable apoyo financiero y pol\u00edtico de Erdogan para Hamas desde que estall\u00f3 la guerra del 7 de octubre, no mencionar el apoyo de Erdogan al gobierno de Al-Qaeda en Syria, que tambi\u00e9n una amenaza a Israel\u00bb, dijo Schanzer.<\/p>\n<p>Las tensiones entre Turqu\u00eda e Israel no se limitan al apoyo de Hamas. Las acciones de Erdogan en Siria, donde Turqu\u00eda ha respaldado a Hayat Tahrir al-Sham, quien derroc\u00f3 al r\u00e9gimen de Assad y obtuvo el control sobre partes del pa\u00eds, han tensado a\u00fan m\u00e1s las relaciones con Israel, lo que lleva a crecientes preocupaciones sobre el papel de Ankara en fomentar la inestabilidad en los bordes de Israel.<\/p>\n<div class=\"image-ct inline\">\n<div class=\"m\"><picture><source media=\"(max-width: 767px)\" srcset=\"https:\/\/a57.foxnews.com\/static.foxnews.com\/foxnews.com\/content\/uploads\/2023\/10\/343\/192\/GettyImages-1556348625.jpg?ve=1&amp;tl=1, https:\/\/a57.foxnews.com\/static.foxnews.com\/foxnews.com\/content\/uploads\/2023\/10\/686\/384\/GettyImages-1556348625.jpg?ve=1&amp;tl=1 2x\" height=\"192\" width=\"343\"><source media=\"(min-width: 768px) and (max-width: 1023px)\" srcset=\"https:\/\/a57.foxnews.com\/static.foxnews.com\/foxnews.com\/content\/uploads\/2023\/10\/672\/378\/GettyImages-1556348625.jpg?ve=1&amp;tl=1, https:\/\/a57.foxnews.com\/static.foxnews.com\/foxnews.com\/content\/uploads\/2023\/10\/1344\/756\/GettyImages-1556348625.jpg?ve=1&amp;tl=1 2x\" height=\"378\" width=\"672\"><source media=\"(min-width: 1024px) and (max-width: 1279px)\" srcset=\"https:\/\/a57.foxnews.com\/static.foxnews.com\/foxnews.com\/content\/uploads\/2023\/10\/931\/523\/GettyImages-1556348625.jpg?ve=1&amp;tl=1, https:\/\/a57.foxnews.com\/static.foxnews.com\/foxnews.com\/content\/uploads\/2023\/10\/1862\/1046\/GettyImages-1556348625.jpg?ve=1&amp;tl=1 2x\" height=\"523\" width=\"931\"><source media=\"(min-width: 1280px)\" srcset=\"https:\/\/a57.foxnews.com\/static.foxnews.com\/foxnews.com\/content\/uploads\/2023\/10\/720\/405\/GettyImages-1556348625.jpg?ve=1&amp;tl=1, https:\/\/a57.foxnews.com\/static.foxnews.com\/foxnews.com\/content\/uploads\/2023\/10\/1440\/810\/GettyImages-1556348625.jpg?ve=1&amp;tl=1 2x\" height=\"405\" width=\"720\"><img loading=\"lazy\" decoding=\"async\" src=\"https:\/\/a57.foxnews.com\/static.foxnews.com\/foxnews.com\/content\/uploads\/2023\/10\/1200\/675\/GettyImages-1556348625.jpg?ve=1&amp;tl=1\" alt=\"Erdogan se re\u00fane con l\u00edderes palestinos\" width=\"1200\" height=\"675\"\/><\/source><\/source><\/source><\/source><\/picture><\/div>\n<div class=\"info\">\n<div class=\"caption\">\n<p><span>El presidente turco, Recep Tayyip Erdogan, centro, se re\u00fane con el presidente de la Autoridad Palestina Mahmoud Abbas, a la izquierda, y el ex jefe de Hamas Terror Ismail Haniyeh en el complejo presidencial de Ankara, Turkiye, el 26 de julio de 2023.<\/span> <span>(Mostafa Famin \/ Anadolu Agency a trav\u00e9s de Getty Images)<\/span><\/p>\n<\/div>\n<\/div>\n<\/div>\n<p><strong>Haga clic aqu\u00ed para obtener la aplicaci\u00f3n Fox News<\/strong><\/p>\n<p>Antes de las amenazas m\u00e1s recientes de Erdogan contra Israel, los funcionarios de la administraci\u00f3n de Trump hab\u00edan indicado que pueden levantar restricciones a los contratos de defensa con Turqu\u00eda, incluida la posible restituci\u00f3n de la participaci\u00f3n del programa F-35 de Turqu\u00eda. Esto se produce despu\u00e9s de una llamada telef\u00f3nica entre los presidentes Trump y Erdogan el 21 de marzo, lo que puede allanar el camino para un cambio en la pol\u00edtica que podr\u00eda permitir la venta de los F-35 a Ankara.<\/p>\n<p>Como miembro de la OTAN, Turqu\u00eda desempe\u00f1a un papel fundamental en el marco de seguridad de la alianza. <\/p>\n<p> <!----> <\/p>\n<div class=\"article-meta\">\n<div class=\"author-bio\">\n<p>Efrat Lachter es un reportero de investigaci\u00f3n y corresponsal de guerra. Su trabajo la ha llevado a 40 pa\u00edses, incluidos Ucrania, Rusia, Irak, Siria, Sud\u00e1n y Afganist\u00e1n. Recibi\u00f3 la Comunidad para el Periodismo 2024 Knight-Wallace para periodismo. Lachter se puede seguir en x @efratlachter.<\/p>\n<\/div>\n<\/div>\n<\/div>\n\n","protected":false},"excerpt":{"rendered":"<p>Manitistas de spray de pimienta de la polic\u00eda turca en Estambul Los oficiales de polic\u00eda vieron a Pepper que pulverizan a los manifestantes mientras la gente se reun\u00eda en apoyo del alcalde de Estambul Ekrem Imamoglu, cerca del edificio del Municipio Metropolitano de Estambul, en Estambul, Turqu\u00eda, 23 de marzo de 2025. (Cr\u00e9dito: Reuters) Seg\u00fan &hellip;<\/p>\n","protected":false},"author":1,"featured_media":20960,"comment_status":"open","ping_status":"open","sticky":false,"template":"","format":"standard","meta":{"fifu_image_url":"https:\/\/static.foxnews.com\/foxnews.com\/content\/uploads\/2022\/03\/turkey-0.jpg","fifu_image_alt":"","footnotes":""},"categories":[13],"tags":[],"class_list":["post-20958","post","type-post","status-publish","format-standard","has-post-thumbnail","","category-mundo"],"_links":{"self":[{"href":"https:\/\/noticiasveraces.com\/index.php?rest_route=\/wp\/v2\/posts\/20958","targetHints":{"allow":["GET"]}}],"collection":[{"href":"https:\/\/noticiasveraces.com\/index.php?rest_route=\/wp\/v2\/posts"}],"about":[{"href":"https:\/\/noticiasveraces.com\/index.php?rest_route=\/wp\/v2\/types\/post"}],"author":[{"embeddable":true,"href":"https:\/\/noticiasveraces.com\/index.php?rest_route=\/wp\/v2\/users\/1"}],"replies":[{"embeddable":true,"href":"https:\/\/noticiasveraces.com\/index.php?rest_route=%2Fwp%2Fv2%2Fcomments&post=20958"}],"version-history":[{"count":0,"href":"https:\/\/noticiasveraces.com\/index.php?rest_route=\/wp\/v2\/posts\/20958\/revisions"}],"wp:featuredmedia":[{"embeddable":true,"href":"https:\/\/noticiasveraces.com\/index.php?rest_route=\/wp\/v2\/media\/20960"}],"wp:attachment":[{"href":"https:\/\/noticiasveraces.com\/index.php?rest_route=%2Fwp%2Fv2%2Fmedia&parent=20958"}],"wp:term":[{"taxonomy":"category","embeddable":true,"href":"https:\/\/noticiasveraces.com\/index.php?rest_route=%2Fwp%2Fv2%2Fcategories&post=20958"},{"taxonomy":"post_tag","embeddable":true,"href":"https:\/\/noticiasveraces.com\/index.php?rest_route=%2Fwp%2Fv2%2Ftags&post=20958"}],"curies":[{"name":"wp","href":"https:\/\/api.w.org\/{rel}","templated":true}]}}