{"id":20955,"date":"2025-03-31T08:40:41","date_gmt":"2025-03-31T12:40:41","guid":{"rendered":"https:\/\/noticiasveraces.com\/?p=20955"},"modified":"2025-03-31T08:40:41","modified_gmt":"2025-03-31T12:40:41","slug":"el-primer-ministro-de-groenlandia-dice-que-nosotros-no-obtendra-la-isla-del-atlantico","status":"publish","type":"post","link":"https:\/\/noticiasveraces.com\/?p=20955","title":{"rendered":"El primer ministro de Groenlandia dice que nosotros &#8216;no obtendr\u00e1&#8217; la isla del Atl\u00e1ntico"},"content":{"rendered":"<p> \n<\/p>\n<div>\n<p class=\"speakable\">El primer ministro de Groenlandia dijo el domingo que Estados Unidos \u00abno obtendr\u00e1\u00bb la isla rica en recursos en el Atl\u00e1ntico.<\/p>\n<p class=\"speakable\">El presidente Donald Trump quiere anexar el territorio aut\u00f3nomo de Dinamarca, un aliado de la OTAN de los Estados Unidos, alegando que es necesario para fines de seguridad nacional.<\/p>\n<p>\u00abEl presidente Trump dice que los Estados Unidos obtendr\u00e1n Groenlandia\u00bb. Perm\u00edtanme ser claro: Estados Unidos no lo obtendr\u00e1.<\/p>\n<p>El vicepresidente JD Vance, la segunda dama Usha Vance, el asesor de seguridad nacional Mike Waltz y el senador republicano de Utah, Mike Lee, visitaron el viernes la Base Espacial Pituffik, la instalaci\u00f3n militar m\u00e1s septentrional del Departamento de Defensa, en Groenlandia. <\/p>\n<p><strong>Trump libera un poderoso video que destaca el v\u00ednculo de los Estados Unidos en el Greenland despu\u00e9s del ataque nazi mortal<\/strong><\/p>\n<div class=\"image-ct inline\">\n<div class=\"m\"><picture><source media=\"(max-width: 767px)\" srcset=\"https:\/\/a57.foxnews.com\/static.foxnews.com\/foxnews.com\/content\/uploads\/2025\/03\/343\/192\/greenland-prime-minister-scaled.jpg?ve=1&amp;tl=1, https:\/\/a57.foxnews.com\/static.foxnews.com\/foxnews.com\/content\/uploads\/2025\/03\/686\/384\/greenland-prime-minister-scaled.jpg?ve=1&amp;tl=1 2x\" height=\"192\" width=\"343\"><source media=\"(min-width: 768px) and (max-width: 1023px)\" srcset=\"https:\/\/a57.foxnews.com\/static.foxnews.com\/foxnews.com\/content\/uploads\/2025\/03\/672\/378\/greenland-prime-minister-scaled.jpg?ve=1&amp;tl=1, https:\/\/a57.foxnews.com\/static.foxnews.com\/foxnews.com\/content\/uploads\/2025\/03\/1344\/756\/greenland-prime-minister-scaled.jpg?ve=1&amp;tl=1 2x\" height=\"378\" width=\"672\"><source media=\"(min-width: 1024px) and (max-width: 1279px)\" srcset=\"https:\/\/a57.foxnews.com\/static.foxnews.com\/foxnews.com\/content\/uploads\/2025\/03\/931\/523\/greenland-prime-minister-scaled.jpg?ve=1&amp;tl=1, https:\/\/a57.foxnews.com\/static.foxnews.com\/foxnews.com\/content\/uploads\/2025\/03\/1862\/1046\/greenland-prime-minister-scaled.jpg?ve=1&amp;tl=1 2x\" height=\"523\" width=\"931\"><source media=\"(min-width: 1280px)\" srcset=\"https:\/\/a57.foxnews.com\/static.foxnews.com\/foxnews.com\/content\/uploads\/2025\/03\/720\/405\/greenland-prime-minister-scaled.jpg?ve=1&amp;tl=1, https:\/\/a57.foxnews.com\/static.foxnews.com\/foxnews.com\/content\/uploads\/2025\/03\/1440\/810\/greenland-prime-minister-scaled.jpg?ve=1&amp;tl=1 2x\" height=\"405\" width=\"720\"><img loading=\"lazy\" decoding=\"async\" src=\"https:\/\/a57.foxnews.com\/static.foxnews.com\/foxnews.com\/content\/uploads\/2025\/03\/1200\/675\/greenland-prime-minister-scaled.jpg?ve=1&amp;tl=1\" alt=\"Jens-Frederik Nielsen Groenlandia\" width=\"1200\" height=\"675\"\/><\/source><\/source><\/source><\/source><\/picture><\/div>\n<div class=\"info\">\n<div class=\"caption\">\n<p><span>Jens-Frederik Nielsen, l\u00edder del Partido Demokraatit, participa en un debate televisado antes de las elecciones en Nuuk, Groenlandia, el 8 de marzo de 2025.<\/span> <span>(Evgeniy Maloletka)<\/span><\/p>\n<\/div>\n<\/div>\n<\/div>\n<p>En una entrevista del s\u00e1bado con NBC, Trump dijo que la fuerza militar no estaba fuera de la mesa con respecto a la adquisici\u00f3n de Groenlandia, seg\u00fan Associated Press.<\/p>\n<p>\u00abCreo que existe una buena posibilidad de que podamos hacerlo sin fuerza militar\u00bb, dijo Trump. \u00abEsta es la paz mundial, esta es la seguridad internacional\u00bb, dijo, pero agreg\u00f3: \u00abNo quito nada de la mesa\u00bb.<\/p>\n<p><strong>Por qu\u00e9 el impulso de Trump para fr\u00edgidos Groenlandia es sobre la glaseado de los adversarios estadounidenses<\/strong><\/p>\n<div class=\"image-ct inline\">\n<div class=\"m\"><picture><source media=\"(max-width: 767px)\" srcset=\"https:\/\/a57.foxnews.com\/static.foxnews.com\/foxnews.com\/content\/uploads\/2025\/03\/343\/192\/greenland-village-scaled.jpg?ve=1&amp;tl=1, https:\/\/a57.foxnews.com\/static.foxnews.com\/foxnews.com\/content\/uploads\/2025\/03\/686\/384\/greenland-village-scaled.jpg?ve=1&amp;tl=1 2x\" height=\"192\" width=\"343\"><source media=\"(min-width: 768px) and (max-width: 1023px)\" srcset=\"https:\/\/a57.foxnews.com\/static.foxnews.com\/foxnews.com\/content\/uploads\/2025\/03\/672\/378\/greenland-village-scaled.jpg?ve=1&amp;tl=1, https:\/\/a57.foxnews.com\/static.foxnews.com\/foxnews.com\/content\/uploads\/2025\/03\/1344\/756\/greenland-village-scaled.jpg?ve=1&amp;tl=1 2x\" height=\"378\" width=\"672\"><source media=\"(min-width: 1024px) and (max-width: 1279px)\" srcset=\"https:\/\/a57.foxnews.com\/static.foxnews.com\/foxnews.com\/content\/uploads\/2025\/03\/931\/523\/greenland-village-scaled.jpg?ve=1&amp;tl=1, https:\/\/a57.foxnews.com\/static.foxnews.com\/foxnews.com\/content\/uploads\/2025\/03\/1862\/1046\/greenland-village-scaled.jpg?ve=1&amp;tl=1 2x\" height=\"523\" width=\"931\"><source media=\"(min-width: 1280px)\" srcset=\"https:\/\/a57.foxnews.com\/static.foxnews.com\/foxnews.com\/content\/uploads\/2025\/03\/720\/405\/greenland-village-scaled.jpg?ve=1&amp;tl=1, https:\/\/a57.foxnews.com\/static.foxnews.com\/foxnews.com\/content\/uploads\/2025\/03\/1440\/810\/greenland-village-scaled.jpg?ve=1&amp;tl=1 2x\" height=\"405\" width=\"720\"><img loading=\"lazy\" decoding=\"async\" src=\"https:\/\/a57.foxnews.com\/static.foxnews.com\/foxnews.com\/content\/uploads\/2025\/03\/1200\/675\/greenland-village-scaled.jpg?ve=1&amp;tl=1\" alt=\"Nuuk, Groenlandia\" width=\"1200\" height=\"675\"\/><\/source><\/source><\/source><\/source><\/picture><\/div>\n<div class=\"info\">\n<div class=\"caption\">\n<p><span>La vivienda tradicional de Groenlandia se ve desde el punto de vista Myggedalen el 28 de marzo de 2025 en Nuuk, Groenlandia. <\/span> <span>(Leon Neal)<\/span><\/p>\n<\/div>\n<\/div>\n<\/div>\n<p>Aunque el territorio dan\u00e9s ha dicho que est\u00e1 buscando independencia de Copenhague, pero no est\u00e1 interesado en formar parte de los Estados Unidos, Trump ha flotado repetidamente, que se remonta a su primera administraci\u00f3n, un deseo de asegurar Groenlandia para los Estados Unidos. <u>como ruso<\/u> y la presencia china crece en el \u00c1rtico. <\/p>\n<div class=\"image-ct inline\">\n<div class=\"m\"><picture><source media=\"(max-width: 767px)\" srcset=\"https:\/\/a57.foxnews.com\/static.foxnews.com\/foxnews.com\/content\/uploads\/2025\/03\/343\/192\/greenland-protest-scaled.jpg?ve=1&amp;tl=1, https:\/\/a57.foxnews.com\/static.foxnews.com\/foxnews.com\/content\/uploads\/2025\/03\/686\/384\/greenland-protest-scaled.jpg?ve=1&amp;tl=1 2x\" height=\"192\" width=\"343\"><source media=\"(min-width: 768px) and (max-width: 1023px)\" srcset=\"https:\/\/a57.foxnews.com\/static.foxnews.com\/foxnews.com\/content\/uploads\/2025\/03\/672\/378\/greenland-protest-scaled.jpg?ve=1&amp;tl=1, https:\/\/a57.foxnews.com\/static.foxnews.com\/foxnews.com\/content\/uploads\/2025\/03\/1344\/756\/greenland-protest-scaled.jpg?ve=1&amp;tl=1 2x\" height=\"378\" width=\"672\"><source media=\"(min-width: 1024px) and (max-width: 1279px)\" srcset=\"https:\/\/a57.foxnews.com\/static.foxnews.com\/foxnews.com\/content\/uploads\/2025\/03\/931\/523\/greenland-protest-scaled.jpg?ve=1&amp;tl=1, https:\/\/a57.foxnews.com\/static.foxnews.com\/foxnews.com\/content\/uploads\/2025\/03\/1862\/1046\/greenland-protest-scaled.jpg?ve=1&amp;tl=1 2x\" height=\"523\" width=\"931\"><source media=\"(min-width: 1280px)\" srcset=\"https:\/\/a57.foxnews.com\/static.foxnews.com\/foxnews.com\/content\/uploads\/2025\/03\/720\/405\/greenland-protest-scaled.jpg?ve=1&amp;tl=1, https:\/\/a57.foxnews.com\/static.foxnews.com\/foxnews.com\/content\/uploads\/2025\/03\/1440\/810\/greenland-protest-scaled.jpg?ve=1&amp;tl=1 2x\" height=\"405\" width=\"720\"><img loading=\"lazy\" decoding=\"async\" src=\"https:\/\/a57.foxnews.com\/static.foxnews.com\/foxnews.com\/content\/uploads\/2025\/03\/1200\/675\/greenland-protest-scaled.jpg?ve=1&amp;tl=1\" alt=\"Manifestantes de Groenlandia\" width=\"1200\" height=\"675\"\/><\/source><\/source><\/source><\/source><\/picture><\/div>\n<div class=\"info\">\n<div class=\"caption\">\n<p><span>Los manifestantes tienen banderas de Groenlandia mientras protestan frente a la embajada de los Estados Unidos en Copenhague, Dinamarca, el s\u00e1bado 29 de marzo de 2025. <\/span> <span>(Nils meilvang\/ritzau scanpix)<\/span><\/p>\n<\/div>\n<\/div>\n<\/div>\n<p><strong><u>Haga clic aqu\u00ed para obtener la aplicaci\u00f3n Fox News<\/u><\/strong><strong> <\/strong><\/p>\n<p>Las encuestas han demostrado que casi todos los groenland\u00e9s se oponen a formar parte de los Estados Unidos. Los manifestantes antiamericanos, algunos que usan las gorras de \u00abhacer que Estados Unidos se vaya\u00bb y sosteniendo pancartas de \u00abYankees Go Home\u00bb, han organizado algunas de las manifestaciones m\u00e1s grandes jam\u00e1s vistas en Groenlandia.<\/p>\n<p><i>Michael Dorgan, Diana Stancy y The Associated Press y Reuters de Fox News Digital contribuyeron a este informe. <\/i><\/p>\n<p> <!----> <\/div>\n\n","protected":false},"excerpt":{"rendered":"<p>El primer ministro de Groenlandia dijo el domingo que Estados Unidos \u00abno obtendr\u00e1\u00bb la isla rica en recursos en el Atl\u00e1ntico. El presidente Donald Trump quiere anexar el territorio aut\u00f3nomo de Dinamarca, un aliado de la OTAN de los Estados Unidos, alegando que es necesario para fines de seguridad nacional. \u00abEl presidente Trump dice que &hellip;<\/p>\n","protected":false},"author":1,"featured_media":20957,"comment_status":"open","ping_status":"open","sticky":false,"template":"","format":"standard","meta":{"fifu_image_url":"https:\/\/static.foxnews.com\/foxnews.com\/content\/uploads\/2025\/03\/greenland-village-scaled.jpg","fifu_image_alt":"","footnotes":""},"categories":[13],"tags":[],"class_list":["post-20955","post","type-post","status-publish","format-standard","has-post-thumbnail","","category-mundo"],"_links":{"self":[{"href":"https:\/\/noticiasveraces.com\/index.php?rest_route=\/wp\/v2\/posts\/20955","targetHints":{"allow":["GET"]}}],"collection":[{"href":"https:\/\/noticiasveraces.com\/index.php?rest_route=\/wp\/v2\/posts"}],"about":[{"href":"https:\/\/noticiasveraces.com\/index.php?rest_route=\/wp\/v2\/types\/post"}],"author":[{"embeddable":true,"href":"https:\/\/noticiasveraces.com\/index.php?rest_route=\/wp\/v2\/users\/1"}],"replies":[{"embeddable":true,"href":"https:\/\/noticiasveraces.com\/index.php?rest_route=%2Fwp%2Fv2%2Fcomments&post=20955"}],"version-history":[{"count":0,"href":"https:\/\/noticiasveraces.com\/index.php?rest_route=\/wp\/v2\/posts\/20955\/revisions"}],"wp:featuredmedia":[{"embeddable":true,"href":"https:\/\/noticiasveraces.com\/index.php?rest_route=\/wp\/v2\/media\/20957"}],"wp:attachment":[{"href":"https:\/\/noticiasveraces.com\/index.php?rest_route=%2Fwp%2Fv2%2Fmedia&parent=20955"}],"wp:term":[{"taxonomy":"category","embeddable":true,"href":"https:\/\/noticiasveraces.com\/index.php?rest_route=%2Fwp%2Fv2%2Fcategories&post=20955"},{"taxonomy":"post_tag","embeddable":true,"href":"https:\/\/noticiasveraces.com\/index.php?rest_route=%2Fwp%2Fv2%2Ftags&post=20955"}],"curies":[{"name":"wp","href":"https:\/\/api.w.org\/{rel}","templated":true}]}}