{"id":20931,"date":"2025-03-31T04:54:15","date_gmt":"2025-03-31T08:54:15","guid":{"rendered":"https:\/\/noticiasveraces.com\/?p=20931"},"modified":"2025-03-31T04:54:15","modified_gmt":"2025-03-31T08:54:15","slug":"buscando-justicia-por-la-violencia-estatal-en-mexico","status":"publish","type":"post","link":"https:\/\/noticiasveraces.com\/?p=20931","title":{"rendered":"Buscando justicia por la violencia estatal en M\u00e9xico"},"content":{"rendered":"<p> \n<\/p>\n<div>\n<p>En la madrugada del 19 de marzo de 2010, Jorge Antonio Mercado Alonso y Javier Francisco Arredondo Verdugo, estudiantes de excelencia del Tecnol\u00f3gico de Monterrey, en Nuevo Le\u00f3n, al norte de M\u00e9xico, fueron ejecutados por elementos del Ej\u00e9rcito mexicano al salir de la universidad.<\/p>\n<p><strong>La versi\u00f3n oficial de lo ocurrido los present\u00f3 como sicarios<\/strong> armados abatidos en un enfrentamiento. Quince a\u00f1os despu\u00e9s, sus familias contin\u00faan exigiendo una justicia integral.<\/p>\n<p>Originario de Saltillo, Coahuila, cuando era peque\u00f1o, Jorge estaba apasionado por la gimnasia y luego se enfoc\u00f3 en la ingenier\u00eda en la preparatoria. Javier, quien naci\u00f3 en Todos los Santos, Baja California, era un estudiante meticuloso y dedicado.<\/p>\n<p>\u00abEl 18 de marzo habl\u00e9 con Jorge y me dijo: \u2018Mami, si no te hablo a la noche no te vayas a preocupar, tengo mucho trabajo, me va a acompa\u00f1ar Javier\u2019\u00bb, dijo Rosa Elvia Mercado Alonso, mam\u00e1 de Jorge.<\/p>\n<p>La ma\u00f1ana siguiente, la noticia de un enfrentamiento en las afueras de la universidad alarm\u00f3 a las familias.<\/p>\n<p><strong>\u201cA m\u00ed se me hizo un nudo en la garganta y en el pecho<\/strong>pero estaban anunciando que eran dos sicarios\u201d, dijo Joel Medina Salazar, padre de Jorge.<\/p>\n<p>Al no poder contactarlo, Medina Salazar y Mercado Alonso se trasladaron de Saltillo a Monterrey para buscar a su hijo.<\/p>\n<p>De manera similar, la familia de Javier comenz\u00f3 a buscarlo. <\/p>\n<div class=\"context-un_news_large_credit type-entermedia_image media media--type-entermedia-image media--view-mode-un-news-large-credit\">\n<div class=\"field field--name-thumbnail field--type-image field--label-hidden field__item\"><img decoding=\"async\" src=\"https:\/\/global.unitednations.entermediadb.net\/assets\/mediadb\/services\/module\/asset\/downloads\/preset\/Libraries\/Production%20Library\/27-03-25-MEXICO-OHCHR1.jpg\/image770x420cropped.jpg\" alt=\"Rosa Elvia Mercado Alonso y Joel Medina Salazar, madre y padre de Jorge, posan frente a un mural pintado en honor a los estudiantes Jorge y Javier, en Monterrey, Nuevo Le\u00f3n, M\u00e9xico.\" title=\"Rosa Elvia Mercado Alonso y Joel Medina Salazar, madre y padre de Jorge, posan frente a un mural pintado en honor a los estudiantes Jorge y Javier, en Monterrey, Nuevo Le\u00f3n, M\u00e9xico.\" loading=\"lazy\" width=\"770\" height=\"420\"\/>\n<\/div>\n<div class=\"field field--name-field-authors field--type-entity-reference field--label-hidden field__items\">\n<p>\u00a9 Agndh \/ Vincent Trempeau<\/p>\n<\/p><\/div>\n<\/div>\n<p>En la universidad no ten\u00edan m\u00e1s informaci\u00f3n, as\u00ed que su desesperaci\u00f3n los llev\u00f3 a buscar en hospitales. Finalmente, los encontraron en el Servicio M\u00e9dico Forense, donde <strong>sus cuerpos, golpeados y desfigurados, hab\u00edan sido entregados.<\/strong><\/p>\n<p>\u201cLos militares, despu\u00e9s de nueve a\u00f1os, fueron a la casa a ofrecernos lo de los gastos funerarios. Nos enojamos\u201d, dijo Mercado Alonso. \u201cYo lo que quer\u00eda era limpiar el nombre de Jorge y Javier, porque se hab\u00eda dicho que eran dos sicarios y que iban armados hasta los dientes\u201d.<\/p>\n<p>Gracias a la persistencia de las familias, al apoyo de grupos de activistas y a la labor de ONU Derechos Humanos en M\u00e9xico, e<strong>l gobierno emiti\u00f3 una disculpa p\u00fablica <\/strong>y, en diciembre de 2024, se confirm\u00f3 una sentencia contra cinco miembros del Ej\u00e9rcito responsables de la ejecuci\u00f3n extrajudicial y de alterar la escena del crimen. Para Jes\u00fas Arredondo Rodr\u00edguez, t\u00edo de Javier, la sentencia y la disculpa representaron un avance, pero no una justicia completa.<\/p>\n<div class=\"context-un_news_large_credit type-entermedia_image media media--type-entermedia-image media--view-mode-un-news-large-credit\">\n<div class=\"field field--name-thumbnail field--type-image field--label-hidden field__item\"><img decoding=\"async\" src=\"https:\/\/global.unitednations.entermediadb.net\/assets\/mediadb\/services\/module\/asset\/downloads\/preset\/Libraries\/Production%20Library\/27-03-25-MEXICO-OHCHR2.jpg\/image770x420cropped.jpg\" alt=\"Jes\u00fas Arredondo Rodr\u00edguez, t\u00edo de Javier posa frente a un mural pintado en honor a los estudiantes Jorge y Javier, en Monterrey, Nuevo Le\u00f3n, M\u00e9xico. \" title=\"Jes\u00fas Arredondo Rodr\u00edguez, t\u00edo de Javier posa frente a un mural pintado en honor a los estudiantes Jorge y Javier, en Monterrey, Nuevo Le\u00f3n, M\u00e9xico. \" loading=\"lazy\" width=\"770\" height=\"420\"\/>\n<\/div>\n<div class=\"field field--name-field-authors field--type-entity-reference field--label-hidden field__items\">\n<p>\u00a9 Agndh \/ Vincent Trempeau<\/p>\n<\/p><\/div>\n<\/div>\n<h3>Arriesgarlo todo<\/h3>\n<p>El despliegue de las Fuerzas Armadas en tareas de seguridad p\u00fablica tambi\u00e9n ha marcado el caso de Armando Humberto del Bosque Villarreal, desaparecido forzosamente en 2013 por elementos de la Marina en Nuevo Le\u00f3n. Su padre, Humberto del Bosque Guti\u00e9rrez, abogado y empresario minero, dej\u00f3 su vida profesional para dedicarse a buscar justicia.<\/p>\n<p><strong>\u201cDesde el primer d\u00eda que desapareci\u00f3 mi hijo, tuve amenazas de muerte<\/strong> de parte de quien comandaba ese regimiento que ahorita est\u00e1 en la c\u00e1rcel\u201d, dijo Del Bosque Guti\u00e9rrez.<\/p>\n<div class=\"context-un_news_large_credit type-entermedia_image media media--type-entermedia-image media--view-mode-un-news-large-credit\">\n<div class=\"field field--name-thumbnail field--type-image field--label-hidden field__item\"><img decoding=\"async\" src=\"https:\/\/global.unitednations.entermediadb.net\/assets\/mediadb\/services\/module\/asset\/downloads\/preset\/Libraries\/Production%20Library\/27-03-25-MEXICO-OHCHR3.jpg\/image770x420cropped.jpg\" alt=\"Humberto del Bosque Guti\u00e9rrez, pap\u00e1 de Armando, quien fue v\u00edctima de detenci\u00f3n arbitraria, desaparici\u00f3n forzada y ejecuci\u00f3n extrajudicial por elementos de la Marina mexicana en Monterrey, Nuevo Le\u00f3n, M\u00e9xico. \" title=\"Humberto del Bosque Guti\u00e9rrez, pap\u00e1 de Armando, quien fue v\u00edctima de detenci\u00f3n arbitraria, desaparici\u00f3n forzada y ejecuci\u00f3n extrajudicial por elementos de la Marina mexicana en Monterrey, Nuevo Le\u00f3n, M\u00e9xico. \" loading=\"lazy\" width=\"770\" height=\"420\"\/>\n<\/div>\n<div class=\"field field--name-field-authors field--type-entity-reference field--label-hidden field__items\">\n<p>\u00a9 Agndh \/ Vincent Trempeau<\/p>\n<\/p><\/div>\n<\/div>\n<p>Armando, quien trabajaba con su padre, denunci\u00f3 amenazas de un vecino sin saber que ten\u00eda conexiones con la polic\u00eda. Poco despu\u00e9s, elementos de la Marina lo detuvieron arbitrariamente frente a su padre, lo desaparecieron y ejecutaron.<\/p>\n<p><strong>\u201cLa Marina, en lugar de investigar, protegi\u00f3 a los delincuentes y desapareci\u00f3 a mi hijo\u201d<\/strong>dijo Del Bosque Guti\u00e9rrez.<\/p>\n<blockquote>\n<p>Nosotros, los ciudadanos de trabajo comunes, no usamos armas. Nuestra arma es la raz\u00f3n en la b\u00fasqueda de la justicia.<\/p>\n<\/p>\n<\/blockquote>\n<p>M\u00e1s de una d\u00e9cada despu\u00e9s, se dict\u00f3 sentencia por la desaparici\u00f3n forzada contra los oficiales de la Marina responsables, un logro significativo en un pa\u00eds con un \u00edndice de impunidad de 98%. <\/p>\n<p>\u201cEl Comit\u00e9 de Derechos Humanos de Nuevo Laredo me ha apoyado y la incidencia de la Oficina del Alto Comisionado en M\u00e9xico ha sido fundamental\u201d, dijo Del Bosque Guti\u00e9rrez.<\/p>\n<p> Jes\u00fas Pe\u00f1a Palacios, Representante Adjunto de ONU Derechos Humanos en M\u00e9xico, dijo que la Oficina ha desempe\u00f1ado un papel clave en ambos casos, aportando est\u00e1ndares internacionales de derechos humanos a las instancias judiciales y defendiendo los derechos de las familias de las v\u00edctimas, pero tambi\u00e9n utilizando su voz para amplificar la lucha de las familias por la justicia<\/p>\n<h2>Una guerra fallida contra el narco y sus v\u00edctimas <\/h2>\n<p>\u201cM\u00e9xico, y en particular Monterrey, durante los a\u00f1os de la guerra contra el narco eran espacios muy hostiles para las juventudes. Nos estaban matando de una forma en que no se hab\u00eda visto antes\u201d, dijo Alejandra Ortiz, originaria de Coahuila y activista del colectivo <em>Todxs somos Jorge y Javier. <\/em><\/p>\n<p>Este colectivo, conformado por exalumnos y ciudadanos solidarios, acompa\u00f1a la lucha de las familias con el lema: <strong>\u00abSin memoria no hay justicia, y sin justicia no hay paz\u00bb. <\/strong>Ortiz subray\u00f3 la importancia de recordar estos casos para evitar que la historia se repita.<\/p>\n<div class=\"context-un_news_large_credit type-entermedia_image media media--type-entermedia-image media--view-mode-un-news-large-credit\">\n<div class=\"field field--name-thumbnail field--type-image field--label-hidden field__item\"><img decoding=\"async\" src=\"https:\/\/global.unitednations.entermediadb.net\/assets\/mediadb\/services\/module\/asset\/downloads\/preset\/Libraries\/Production%20Library\/27-03-25-MEXICO-OHCHR6.jpg\/image770x420cropped.jpg\" alt=\"Alejandra Ortiz, defensora de derechos humanos integrante del colectivo Todxs somos Jorge y Javier, frente a un mural en honor a Jorge y Javier donde se lee \u201csin justicia no hay paz\u201d, en Monterrey, Nuevo Le\u00f3n, M\u00e9xico.\" title=\"Alejandra Ortiz, defensora de derechos humanos integrante del colectivo Todxs somos Jorge y Javier, frente a un mural en honor a Jorge y Javier donde se lee \u201csin justicia no hay paz\u201d, en Monterrey, Nuevo Le\u00f3n, M\u00e9xico.\" loading=\"lazy\" width=\"770\" height=\"420\"\/>\n<\/div>\n<div class=\"field field--name-field-authors field--type-entity-reference field--label-hidden field__items\">\n<p>\u00a9 Agndh \/ Vincent Trempeau<\/p>\n<\/p><\/div>\n<\/div>\n<p>Pe\u00f1a Palacios explic\u00f3 que la violencia en el Noreste de M\u00e9xico se intensific\u00f3 con el enfrentamiento entre los c\u00e1rteles que operan en la regi\u00f3n.<\/p>\n<p>\u201cEl gobierno despleg\u00f3 a las Fuerzas Armadas en tareas de seguridad p\u00fablica\u201d, dijo. \u201cSin embargo, <strong>lejos de reducir la violencia, esta estrategia ha provocado graves violaciones a derechos humanos.\u201d<\/strong><\/p>\n<p>De acuerdo con ONU Derechos Humanos, la falta de controles civiles y de mecanismos efectivos de rendici\u00f3n de cuentas ha permitido que la impunidad prevalezca en la gran mayor\u00eda de los casos.<\/p>\n<p>\u201cLa regi\u00f3n del Noreste de M\u00e9xico ha sido<strong> una de las m\u00e1s afectadas por un modelo de seguridad ampliamente cuestionado<\/strong> por diversos mecanismos internacionales de derechos humanos\u201d, dijo Pe\u00f1a Palacios. \u201cM\u00e9xico debe avanzar en la profesionalizaci\u00f3n de sus polic\u00edas y garantizar el repliegue gradual de las Fuerzas Armadas de las funciones de seguridad p\u00fablica.<\/p>\n<div class=\"context-un_news_large_credit type-entermedia_image media media--type-entermedia-image media--view-mode-un-news-large-credit\">\n<div class=\"field field--name-thumbnail field--type-image field--label-hidden field__item\"><img decoding=\"async\" src=\"https:\/\/global.unitednations.entermediadb.net\/assets\/mediadb\/services\/module\/asset\/downloads\/preset\/Libraries\/Production%20Library\/27-03-25-MEXICO-OHCHR4.jpg\/image770x420cropped.jpg\" alt=\"Vista a\u00e9rea de Monterrey, Nuevo Le\u00f3n, M\u00e9xico, con el emblem\u00e1tico Cerro de La Silla al fondo.\" title=\"Vista a\u00e9rea de Monterrey, Nuevo Le\u00f3n, M\u00e9xico, con el emblem\u00e1tico Cerro de La Silla al fondo.\" loading=\"lazy\" width=\"770\" height=\"420\"\/>\n<\/div>\n<div class=\"field field--name-field-authors field--type-entity-reference field--label-hidden field__items\">\n<p>\u00a9 Agndh \/ Vincent Trempeau<\/p>\n<\/p><\/div>\n<\/div>\n<h3>Luchar por justicia plena<\/h3>\n<p>En estos dos casos, los principales avances se registran en el \u00e1mbito de la justicia y en la perseverancia de la memoria, gracias a la admirable tenacidad de las familias, dijo Pe\u00f1a Palacios.<\/p>\n<p>\u201cSin embargo, <strong>los retos subsisten mientras las sentencias solamente alcanzan a los autores de menor rango<\/strong>a\u00fan no se brinda una reparaci\u00f3n integral y est\u00e1 pendiente la adopci\u00f3n de medidas efectivas de no repetici\u00f3n\u201d, a\u00f1adi\u00f3.<\/p>\n<p>De acuerdo con Pe\u00f1a Palacios, la b\u00fasqueda de justicia en M\u00e9xico presenta retos adicionales cuando integrantes de las Fuerzas Armadas cometen graves violaciones a los derechos humanos e incluso se ha observado cierta propensi\u00f3n para alterar la escena del crimen o encubrir a los elementos e instituciones responsables.<\/p>\n<p><strong>\u201cA menudo, las v\u00edctimas son estigmatizadas y criminalizadas,<\/strong> alegando que ten\u00edan v\u00ednculos con organizaciones delictivas\u201d, dijo Pe\u00f1a Palacios. \u201cLas investigaciones no se realizan con la debida diligencia, exhaustividad e independencia que amerita la gravedad de los hechos\u201d.<\/p>\n<p>Pe\u00f1a Palacios dijo que, en la b\u00fasqueda de justicia, las familias de Jorge, Javier y Armando han encontrado fuerza para exigir sus derechos enfrentando procesos judiciales largu\u00edsimos y, en ocasiones, la negligencia e indiferencia del Estado. <\/p>\n<\/div>\n\n","protected":false},"excerpt":{"rendered":"<p>En la madrugada del 19 de marzo de 2010, Jorge Antonio Mercado Alonso y Javier Francisco Arredondo Verdugo, estudiantes de excelencia del Tecnol\u00f3gico de Monterrey, en Nuevo Le\u00f3n, al norte de M\u00e9xico, fueron ejecutados por elementos del Ej\u00e9rcito mexicano al salir de la universidad. La versi\u00f3n oficial de lo ocurrido los present\u00f3 como sicarios armados &hellip;<\/p>\n","protected":false},"author":1,"featured_media":20933,"comment_status":"open","ping_status":"open","sticky":false,"template":"","format":"standard","meta":{"fifu_image_url":"https:\/\/global.unitednations.entermediadb.net\/assets\/mediadb\/services\/module\/asset\/downloads\/preset\/Libraries\/Production%20Library\/27-03-25-MEXICO-OHCHR5.jpg\/image770x420cropped.jpg","fifu_image_alt":"","footnotes":""},"categories":[3],"tags":[],"class_list":["post-20931","post","type-post","status-publish","format-standard","has-post-thumbnail","","category-negocio"],"_links":{"self":[{"href":"https:\/\/noticiasveraces.com\/index.php?rest_route=\/wp\/v2\/posts\/20931","targetHints":{"allow":["GET"]}}],"collection":[{"href":"https:\/\/noticiasveraces.com\/index.php?rest_route=\/wp\/v2\/posts"}],"about":[{"href":"https:\/\/noticiasveraces.com\/index.php?rest_route=\/wp\/v2\/types\/post"}],"author":[{"embeddable":true,"href":"https:\/\/noticiasveraces.com\/index.php?rest_route=\/wp\/v2\/users\/1"}],"replies":[{"embeddable":true,"href":"https:\/\/noticiasveraces.com\/index.php?rest_route=%2Fwp%2Fv2%2Fcomments&post=20931"}],"version-history":[{"count":0,"href":"https:\/\/noticiasveraces.com\/index.php?rest_route=\/wp\/v2\/posts\/20931\/revisions"}],"wp:featuredmedia":[{"embeddable":true,"href":"https:\/\/noticiasveraces.com\/index.php?rest_route=\/wp\/v2\/media\/20933"}],"wp:attachment":[{"href":"https:\/\/noticiasveraces.com\/index.php?rest_route=%2Fwp%2Fv2%2Fmedia&parent=20931"}],"wp:term":[{"taxonomy":"category","embeddable":true,"href":"https:\/\/noticiasveraces.com\/index.php?rest_route=%2Fwp%2Fv2%2Fcategories&post=20931"},{"taxonomy":"post_tag","embeddable":true,"href":"https:\/\/noticiasveraces.com\/index.php?rest_route=%2Fwp%2Fv2%2Ftags&post=20931"}],"curies":[{"name":"wp","href":"https:\/\/api.w.org\/{rel}","templated":true}]}}