{"id":20927,"date":"2025-03-31T04:36:52","date_gmt":"2025-03-31T08:36:52","guid":{"rendered":"https:\/\/noticiasveraces.com\/?p=20927"},"modified":"2025-03-31T04:36:52","modified_gmt":"2025-03-31T08:36:52","slug":"dimite-director-de-primark-tras-comportamiento-inapropiado-dw-31-03-2025","status":"publish","type":"post","link":"https:\/\/noticiasveraces.com\/?p=20927","title":{"rendered":"Dimite director de Primark tras \u00abcomportamiento inapropiado\u00bb \u2013 DW \u2013 31\/03\/2025"},"content":{"rendered":"<p> \n<\/p>\n<div>\n<p>El director ejecutivo de Primark, Paul Marchant, ha dimitido tras una investigaci\u00f3n de la compa\u00f1\u00eda sobre su comportamiento hacia una mujer \u00aben un entorno social\u00bb, anunci\u00f3 el lunes (31.03.2025) Associated British Foods, propietaria de la cadena de ropa de moda econ\u00f3mica, con sede en Irlanda pero muy popular en el Reino Unido y en toda Europa. Primark aporta aproximadamente la mitad de los beneficios del grupo ABF.<\/p>\n<p>La dimisi\u00f3n de Marchant, con efecto inmediato, se produce tras 16 a\u00f1os como director ejecutivo de Primark, supervisando su expansi\u00f3n en Europa y en Estados Unidos. \u00abMarchant cooper\u00f3 con la investigaci\u00f3n, reconoci\u00f3 su error de juicio y acepta que sus acciones no cumplieron con los est\u00e1ndares esperados por ABF\u00bb, declar\u00f3 la compa\u00f1\u00eda en un comunicado. \u00abSe ha disculpado con la persona en cuesti\u00f3n\u00bb, a\u00f1adi\u00f3 el grupo.<\/p>\n<p>ABF afirm\u00f3 que sigue ofreciendo apoyo a la persona que les inform\u00f3 sobre su comportamiento, sobre el que el grupo no proporcion\u00f3 m\u00e1s detalles. \u00abEstoy profundamente decepcionado\u00bb, declar\u00f3 George Weston, director ejecutivo de ABF, en el comunicado.<\/p>\n<p>\u00abActuar con responsabilidad es la \u00fanica manera de construir y gestionar un negocio a largo plazo. Los compa\u00f1eros y dem\u00e1s personas deben ser tratados con respeto y dignidad. Nuestra cultura debe ser, y es, m\u00e1s grande que cualquier individuo\u00bb, a\u00f1adi\u00f3. Marchant ser\u00e1 reemplazado de forma interina por Eoin Tonge, director financiero de ABF.<\/p>\n<p>LGC (AFP, RTR)<\/p>\n<\/div>\n\n","protected":false},"excerpt":{"rendered":"<p>El director ejecutivo de Primark, Paul Marchant, ha dimitido tras una investigaci\u00f3n de la compa\u00f1\u00eda sobre su comportamiento hacia una mujer \u00aben un entorno social\u00bb, anunci\u00f3 el lunes (31.03.2025) Associated British Foods, propietaria de la cadena de ropa de moda econ\u00f3mica, con sede en Irlanda pero muy popular en el Reino Unido y en toda &hellip;<\/p>\n","protected":false},"author":1,"featured_media":20928,"comment_status":"open","ping_status":"open","sticky":false,"template":"","format":"standard","meta":{"fifu_image_url":"https:\/\/static.dw.com\/image\/72093271_6.jpg","fifu_image_alt":"","footnotes":""},"categories":[13],"tags":[],"class_list":["post-20927","post","type-post","status-publish","format-standard","has-post-thumbnail","","category-mundo"],"_links":{"self":[{"href":"https:\/\/noticiasveraces.com\/index.php?rest_route=\/wp\/v2\/posts\/20927","targetHints":{"allow":["GET"]}}],"collection":[{"href":"https:\/\/noticiasveraces.com\/index.php?rest_route=\/wp\/v2\/posts"}],"about":[{"href":"https:\/\/noticiasveraces.com\/index.php?rest_route=\/wp\/v2\/types\/post"}],"author":[{"embeddable":true,"href":"https:\/\/noticiasveraces.com\/index.php?rest_route=\/wp\/v2\/users\/1"}],"replies":[{"embeddable":true,"href":"https:\/\/noticiasveraces.com\/index.php?rest_route=%2Fwp%2Fv2%2Fcomments&post=20927"}],"version-history":[{"count":0,"href":"https:\/\/noticiasveraces.com\/index.php?rest_route=\/wp\/v2\/posts\/20927\/revisions"}],"wp:featuredmedia":[{"embeddable":true,"href":"https:\/\/noticiasveraces.com\/index.php?rest_route=\/wp\/v2\/media\/20928"}],"wp:attachment":[{"href":"https:\/\/noticiasveraces.com\/index.php?rest_route=%2Fwp%2Fv2%2Fmedia&parent=20927"}],"wp:term":[{"taxonomy":"category","embeddable":true,"href":"https:\/\/noticiasveraces.com\/index.php?rest_route=%2Fwp%2Fv2%2Fcategories&post=20927"},{"taxonomy":"post_tag","embeddable":true,"href":"https:\/\/noticiasveraces.com\/index.php?rest_route=%2Fwp%2Fv2%2Ftags&post=20927"}],"curies":[{"name":"wp","href":"https:\/\/api.w.org\/{rel}","templated":true}]}}