{"id":20910,"date":"2025-03-31T01:17:28","date_gmt":"2025-03-31T05:17:28","guid":{"rendered":"https:\/\/noticiasveraces.com\/?p=20910"},"modified":"2025-03-31T01:17:28","modified_gmt":"2025-03-31T05:17:28","slug":"lorenzo-cotino-presidente-de-la-aepd-se-estan-generando-nuevos-colectivos-que-pueden-ser-victimas-de-la-ia-tecnologia","status":"publish","type":"post","link":"https:\/\/noticiasveraces.com\/?p=20910","title":{"rendered":"Lorenzo Cotino, presidente de la AEPD: \u201cSe est\u00e1n generando nuevos colectivos que pueden ser v\u00edctimas de la IA\u201d | Tecnolog\u00eda"},"content":{"rendered":"<p> \n<\/p>\n<div data-dtm-region=\"articulo_cuerpo\">\n<p class=\"\">Lorenzo Cotino (Valencia, 52 a\u00f1os) es, desde el pasado 26 de febrero, el nuevo presidente de la Agencia Espa\u00f1ola de Protecci\u00f3n de Datos (AEPD). Sustituye a Mar Espa\u00f1a, que dej\u00f3 el cargo por jubilaci\u00f3n tras dirigir el organismo durante nueve a\u00f1os, cuatro m\u00e1s de lo preceptivo debido a la falta de entendimiento de PP y PSOE para acordar su sustituto. Doctor y licenciado en Derecho por la Universidad de Valencia, donde es catedr\u00e1tico de Derecho Constitucional, Cotino es autor de 14 monograf\u00edas y coordinador de otras 26 relacionadas con la privacidad, la protecci\u00f3n de datos y la transparencia.<\/p>\n<p class=\"\">Cotino asume las riendas del organismo en un momento en el que se est\u00e1n desplegando normativas para regular el uso de la inteligencia artificial (IA) que atribuyen a la AEPD nuevas competencias en este terreno. \u201cNosotros somos, hemos sido y vamos a seguir siendo la autoridad responsable respecto de todo tratamiento de datos con IA\u201d, dice Cotino a EL PA\u00cdS en la primera entrevista que concede tras su nombramiento.<\/p>\n<p class=\"\"><b>Pregunta. <\/b>\u00bfCu\u00e1les ser\u00e1n las l\u00edneas maestras de su mandato?<\/p>\n<p class=\"\"><b>Respuesta. <\/b>Nos vamos a centrar mucho en las tecnolog\u00edas disruptivas, b\u00e1sicamente en la IA. Este es un tema que va a ser central porque la sociedad est\u00e1 cambiando con esta tecnolog\u00eda. De los datos ya hace mucho que se dice que son el petr\u00f3leo del siglo XXI, pero en Europa no acabamos de extraer ese valor, entre otras cosas porque hay que hacerlo protegiendo los datos personales. Intentaremos que se pueda avanzar ah\u00ed. Luego, hay un tema que tambi\u00e9n sabemos que puede eclosionar, que son las tecnolog\u00edas cu\u00e1nticas. No es nuestro objeto central, pero debemos estar preparados. Y, por supuesto, hay otros asuntos que en esta casa han sido muy exitosos, como la privacidad y protecci\u00f3n de datos de los menores.<\/p>\n<p class=\"\"><b>PAG. <\/b>\u00bfC\u00f3mo enfocan esta cuesti\u00f3n, la protecci\u00f3n de los menores, que fue central para su antecesora en el cargo?<\/p>\n<p class=\"\"><b>R. <\/b>Vamos a reorientar el foco. Los menores obviamente son muy importantes, pero tenemos que ampliar el espectro, porque ahora los vulnerables ya no son solo ellos, los mayores o las personas con discapacidad, sino que la IA va generando nuevos colectivos de afectados. Es lo que llamamos vulnerabilidad digital.<\/p>\n<p class=\"\"><b>PAG. <\/b>\u00bfA qu\u00e9 se refiere exactamente con vulnerabilidad digital?<\/p>\n<p class=\"\"><b>R. <\/b>Es un t\u00e9rmino nuevo, que aparece hasta 27 veces en el Reglamento Europeo de IA. Hoy en d\u00eda, los colectivos tradicionalmente vulnerables ya no son los \u00fanicos que pueden ser v\u00edctimas de impactos en sus derechos motivados por la IA. Seguiremos fij\u00e1ndonos en ellos, pero tambi\u00e9n vamos a intentar descubrir d\u00f3nde hay nuevos colectivos perjudicados por la tecnolog\u00eda, como por ejemplo ciertas agrupaciones profesionales, para intentar, en la medida de nuestras competencias, ver qu\u00e9 mecanismos preventivos podemos desarrollar. Hay entornos, como la salud, la asistencia o el uso de medios digitales, que pueden ser especialmente problem\u00e1ticos. Deberemos recurrir a nuevas t\u00e9cnicas para garantizar derechos, como puedan ser sistemas de evaluaci\u00f3n de impacto de las herramientas de IA antes de lanzarlas al mercado.<\/p>\n<figure class=\"a_m a_m-h \"><span class=\"_db a_m_w _pr lb_btn\"><img alt=\"Lorenzo Cotino, nuevo presidente de la AEPD.\" decoding=\"auto\" class=\"_re lazyload a_m-h\" height=\"292\" srcset=\"https:\/\/imagenes.elpais.com\/resizer\/v2\/OIPTVQJQ3ZCFBGBA7BPY3DSVJU.jpg?auth=cd4832a364711fc1d9ed4b70ee31dc5301eda87e38e63a075ea1dea1a93e1169&amp;width=414 414w,https:\/\/imagenes.elpais.com\/resizer\/v2\/OIPTVQJQ3ZCFBGBA7BPY3DSVJU.jpg?auth=cd4832a364711fc1d9ed4b70ee31dc5301eda87e38e63a075ea1dea1a93e1169&amp;width=828 640w,https:\/\/imagenes.elpais.com\/resizer\/v2\/OIPTVQJQ3ZCFBGBA7BPY3DSVJU.jpg?auth=cd4832a364711fc1d9ed4b70ee31dc5301eda87e38e63a075ea1dea1a93e1169&amp;width=980 1000w,https:\/\/imagenes.elpais.com\/resizer\/v2\/OIPTVQJQ3ZCFBGBA7BPY3DSVJU.jpg?auth=cd4832a364711fc1d9ed4b70ee31dc5301eda87e38e63a075ea1dea1a93e1169&amp;width=1960 1960w\" width=\"414\" sizes=\"auto, (min-width:1199px) 1155px,(min-width:1001px) calc(100vw - 44px),(min-width:768px) 767px, 100vw\" src=\"https:\/\/imagenes.elpais.com\/resizer\/v2\/OIPTVQJQ3ZCFBGBA7BPY3DSVJU.jpg?auth=cd4832a364711fc1d9ed4b70ee31dc5301eda87e38e63a075ea1dea1a93e1169&amp;width=414\" loading=\"lazy\"\/><svg aria-hidden=\"true\" class=\"icon_multimedia_ampliar | _pa a_m_i a_m_i-a _dn\" viewbox=\"0 0 40 40\"><use xlink:href=\"#svg-ampliar\"\/><\/svg><\/span><figcaption class=\"a_m_p\" aria-hidden=\"true\"><span>Lorenzo Cotino, nuevo presidente de la AEPD.<\/span><span class=\"a_m_m\">\u00c1lvaro Garc\u00eda<\/span><\/figcaption><\/figure>\n<p class=\"\"><b>PAG. <\/b>La AEPD cuenta con una plantilla de 228 profesionales. \u00bfEs suficiente para afrontar las tareas de supervisi\u00f3n de IA que les encomienda el anteproyecto de ley de IA?<\/p>\n<p class=\"\"><b>R. <\/b>La realidad es que ganas tenemos todas, pero capacidades las tenemos limitadas. El crecimiento de todos estos temas viene desde hace 30 a\u00f1os. La bola de nieve que supone la protecci\u00f3n de datos en el entorno tecnol\u00f3gico no para de crecer. Si encima nos a\u00f1aden nuevas atribuciones, pues literalmente vamos a necesitar crecer, porque si no no podremos dar respuesta a algunas de las cosas que se nos exigen.<\/p>\n<p class=\"\"><b>PAG. <\/b>\u00bfHa logrado alg\u00fan compromiso para ampliar plantilla?<\/p>\n<p class=\"\"><b>R. <\/b>Yo llevo aqu\u00ed un mes y puedo decir que este es un tema capital en el que estamos actuando en las instancias oportunas. Estamos intent\u00e1ndolo, de momento tratamos de que se nos tenga en cuenta.<\/p>\n<p class=\"\"><b>PAG. <\/b>En caso de que no se reforzara la plantilla, \u00bfve factible desarrollar las responsabilidades que les atribuye el anteproyecto de ley?<\/p>\n<p class=\"\"><b>R. <\/b>Ganas no nos faltan. Con lo que haya, haremos frente a nuestras obligaciones en la medida de nuestras posibilidades.<\/p>\n<blockquote class=\"a_q\">\n<p>Es muy dif\u00edcil que un ciudadano pueda cuestionar si se est\u00e1n tratando bien sus datos con IA si no sabe que existes esos sistemas<\/p>\n<\/blockquote>\n<p class=\"\"><b>PAG. <\/b>\u00bfPodr\u00eda avanzar alguna actuaci\u00f3n prevista en el terreno de las nuevas tecnolog\u00edas?<\/p>\n<p class=\"\"><b>R. <\/b>Somos la autoridad de control en materia de tratamientos de datos con IA, y ese sigue siendo nuestro n\u00facleo duro. Tenemos que actuar como hasta ahora: centr\u00e1ndonos en la prevenci\u00f3n, la evangelizaci\u00f3n, en hacer ver a la sociedad que hay muchos usos de la IA que son una maravilla, pero que tambi\u00e9n tiene una cara B que hay que tener en cuenta. Desde un punto de vista m\u00e1s pr\u00e1ctico, puede no resultar nada f\u00e1cil para una startup o para una peque\u00f1a o mediana empresa cumplir el Reglamento General de Protecci\u00f3n de Datos en materia de IA. Tenemos que acompa\u00f1arles sacando gu\u00edas y notas t\u00e9cnicas.<\/p>\n<p class=\"\"><b>PAG. <\/b>Estos d\u00edas, un grupo de colectivos de la sociedad civil ha pedido que se haga una especie de registro de algoritmos p\u00fablicos que puedan incidir sobre la vida de los ciudadanos. \u00bfLe parece una buena iniciativa?<\/p>\n<p class=\"\"><b>R. <\/b>He publicado dos libros sobre transparencia algor\u00edtmica y dos gu\u00edas sobre c\u00f3mo implantar los registros de algoritmos p\u00fablicos. Tenemos una primera experiencia en la Comunidad Valenciana, donde se aprob\u00f3 una de las primeras leyes de Europa sobre registros de algoritmos p\u00fablicos. Creo que s\u00ed, la Ley de Gobernanza de Inteligencia Artificial deber\u00eda tener en cuenta estos mecanismos. Es muy dif\u00edcil que un ciudadano pueda cuestionar si se est\u00e1n tratando bien sus datos con IA si no sabe que existen esos sistemas que se est\u00e1n utilizando en salud, en educaci\u00f3n, para resolver subvenciones p\u00fablicas o en temas de seguridad.<\/p>\n<p class=\"\"><b>PAG. <\/b>\u00bfQu\u00e9 le parece el proyecto de ley org\u00e1nica para la protecci\u00f3n de personas menores de edad en los entornos digitales? \u00bfCree que los derechos de los ni\u00f1os quedan bien protegidos con esta normativa?<\/p>\n<p class=\"\"><b>R. <\/b>La agencia ha participado en comit\u00e9s de redacci\u00f3n de esta normativa y elaborando una serie de informes previos. Creo que en general es una mejora.<\/p>\n<p class=\"\"><b>PAG. <\/b>El texto obliga a verificar la edad de los menores. El desarrollo de la herramienta de verificaci\u00f3n no es competencia suya, sino del Ministerio de Transici\u00f3n Digital y Funci\u00f3n P\u00fablica, aunque la agencia colabora en el proceso. \u00bfHa habido alg\u00fan avance?<\/p>\n<p class=\"\"><b>R. <\/b>No le puedo hablar del desarrollo de la herramienta porque no lo hacemos nosotros. Pero s\u00ed le puedo decir que el Comit\u00e9 Europeo de Protecci\u00f3n de Datos ha establecido en enero de este a\u00f1o una opini\u00f3n de los mecanismos de verificaci\u00f3n de edad que casa con nuestra idea. Esa opini\u00f3n europea, que ahora ya es para los 27 Estados miembros, ha seguido esencialmente los criterios de Espa\u00f1a.<\/p>\n<p class=\"\"><b>PAG. <\/b>Su antecesora en el cargo, Mar Espa\u00f1a, dijo en una entrevista en este peri\u00f3dico que no tendr\u00eda que haber pantallas en las escuelas para ni\u00f1os menores de seis a\u00f1os. \u00bfConsidera correcta esa l\u00ednea roja?<\/p>\n<p class=\"\"><b>R. <\/b>Creo que no es misi\u00f3n de la agencia determinar cuestiones que no est\u00e9n directamente centradas en temas de privacidad y protecci\u00f3n de datos. Dicho esto, parece que hoy por hoy se est\u00e1 demostrando que realmente se generan da\u00f1os, que esperemos que no sean irreparables, por el uso de pantallas antes de los seis a\u00f1os. S\u00ed que es asunto de la agencia detectar que alguna red social utiliza alg\u00fan algoritmo que genera pautas adictivas. Eso s\u00ed est\u00e1 muy relacionado con el da\u00f1o que hacen las pantallas a los menores.<\/p>\n<blockquote class=\"a_q\">\n<p>Hay preocupaci\u00f3n con EE UU. Nos llega que la Casa Blanca est\u00e1 vigilando qu\u00e9 se hace desde Europa tambi\u00e9n en materia de protecci\u00f3n de datos<\/p>\n<\/blockquote>\n<p class=\"\"><b>PAG. <\/b>La agencia present\u00f3 el a\u00f1o pasado un informe precisamente sobre los patrones adictivos de algunas aplicaciones, y anunci\u00f3 que se estaba investigando a algunas empresas sobre eso. \u00bfHa habido alguna evoluci\u00f3n en esa investigaci\u00f3n?<\/p>\n<p class=\"\"><b>R. <\/b>No puedo comentar nada sobre expedientes que lleve la agencia en el marco de su funci\u00f3n de inspecci\u00f3n y sanci\u00f3n.<\/p>\n<p class=\"\"><b>PAG. <\/b>23andme, empresa a la que la AEPD le abri\u00f3 un expediente el a\u00f1o pasado, se acaba de declarar en quiebra. \u00bfLos datos gen\u00e9ticos de sus clientes espa\u00f1oles est\u00e1n a salvo?<\/p>\n<p class=\"\"><b>R. <\/b>Como ha dicho, hay expediente abierto, por lo que no podemos comentarlo. Pero es cierto que se ha generado cierto revuelo porque es una empresa que maneja ni m\u00e1s ni menos que datos gen\u00e9ticos. Vamos a intentar ver realmente cu\u00e1nto impacto puede tener en Espa\u00f1a, de cu\u00e1ntas personas estamos hablando, y, si es que la empresa llega a desaparecer, veremos en qu\u00e9 situaci\u00f3n quedan sus datos. Se va a hacer todo lo posible para que se cumpla la normativa europea, que incluye en su caso la supresi\u00f3n de datos y vigilar si hay una cesi\u00f3n por una sucesi\u00f3n de empresas.<\/p>\n<p class=\"\"><b>PAG. <\/b>La compa\u00f1\u00eda es estadounidense. \u00bfHasta qu\u00e9 punto dificulta estas gestiones la actitud beligerante con Europa del actual presidente de EE UU?<\/p>\n<p class=\"\"><b>R. <\/b>Lo que hay es preocupaci\u00f3n. La protecci\u00f3n de datos es muy importante, pero quiz\u00e1s no est\u00e9 en el ojo del hurac\u00e1n del problema geoestrat\u00e9gico y geopol\u00edtico que hay actualmente, que se est\u00e1 centrando m\u00e1s en otra normativa como es la Ley de Servicios Digitales, que afecta a las plataformas. No obstante, nos llega que el gobierno de Estados Unidos est\u00e1, entre comillas, vigilando qu\u00e9 se hace desde Europa tambi\u00e9n en materia de protecci\u00f3n de datos. En este sentido, nosotros somos una agencia muy peque\u00f1a, pero las 27 autoridades de protecci\u00f3n de datos no somos tan peque\u00f1as. Tenemos que estar m\u00e1s unidos que nunca para reaccionar e intentar hacer valer el cumplimiento de la normativa europea.<\/p>\n<\/div>\n\n","protected":false},"excerpt":{"rendered":"<p>Lorenzo Cotino (Valencia, 52 a\u00f1os) es, desde el pasado 26 de febrero, el nuevo presidente de la Agencia Espa\u00f1ola de Protecci\u00f3n de Datos (AEPD). Sustituye a Mar Espa\u00f1a, que dej\u00f3 el cargo por jubilaci\u00f3n tras dirigir el organismo durante nueve a\u00f1os, cuatro m\u00e1s de lo preceptivo debido a la falta de entendimiento de PP y &hellip;<\/p>\n","protected":false},"author":1,"featured_media":20911,"comment_status":"open","ping_status":"open","sticky":false,"template":"","format":"standard","meta":{"fifu_image_url":"https:\/\/imagenes.elpais.com\/resizer\/v2\/F246432MNJBXRK5JJ6KUCELCVU.jpg?auth=fedf9422769b155175b30e39effa3d96a7e71ec3e868e695a65abe3f301ebe18&width=1200","fifu_image_alt":"","footnotes":""},"categories":[2],"tags":[],"class_list":["post-20910","post","type-post","status-publish","format-standard","has-post-thumbnail","","category-tecnologia"],"_links":{"self":[{"href":"https:\/\/noticiasveraces.com\/index.php?rest_route=\/wp\/v2\/posts\/20910","targetHints":{"allow":["GET"]}}],"collection":[{"href":"https:\/\/noticiasveraces.com\/index.php?rest_route=\/wp\/v2\/posts"}],"about":[{"href":"https:\/\/noticiasveraces.com\/index.php?rest_route=\/wp\/v2\/types\/post"}],"author":[{"embeddable":true,"href":"https:\/\/noticiasveraces.com\/index.php?rest_route=\/wp\/v2\/users\/1"}],"replies":[{"embeddable":true,"href":"https:\/\/noticiasveraces.com\/index.php?rest_route=%2Fwp%2Fv2%2Fcomments&post=20910"}],"version-history":[{"count":0,"href":"https:\/\/noticiasveraces.com\/index.php?rest_route=\/wp\/v2\/posts\/20910\/revisions"}],"wp:featuredmedia":[{"embeddable":true,"href":"https:\/\/noticiasveraces.com\/index.php?rest_route=\/wp\/v2\/media\/20911"}],"wp:attachment":[{"href":"https:\/\/noticiasveraces.com\/index.php?rest_route=%2Fwp%2Fv2%2Fmedia&parent=20910"}],"wp:term":[{"taxonomy":"category","embeddable":true,"href":"https:\/\/noticiasveraces.com\/index.php?rest_route=%2Fwp%2Fv2%2Fcategories&post=20910"},{"taxonomy":"post_tag","embeddable":true,"href":"https:\/\/noticiasveraces.com\/index.php?rest_route=%2Fwp%2Fv2%2Ftags&post=20910"}],"curies":[{"name":"wp","href":"https:\/\/api.w.org\/{rel}","templated":true}]}}