{"id":20898,"date":"2025-03-30T22:22:57","date_gmt":"2025-03-31T02:22:57","guid":{"rendered":"https:\/\/noticiasveraces.com\/?p=20898"},"modified":"2025-03-30T22:22:57","modified_gmt":"2025-03-31T02:22:57","slug":"tokio-pekin-y-seul-acuerdan-impulsar-el-libre-comercio-dw-30-03-2025","status":"publish","type":"post","link":"https:\/\/noticiasveraces.com\/?p=20898","title":{"rendered":"Tokio, Pek\u00edn y Se\u00fal acuerdan impulsar el libre comercio \u2013 DW \u2013 30\/03\/2025"},"content":{"rendered":"<p> \n<\/p>\n<div>\n<p>Los ministros de la industria y el comercio de Jap\u00f3n, China y Corea del Sur acordaron este domingo (30.03.2025) fortalecer su cooperaci\u00f3n para promover el libre comercio, en una reuni\u00f3n en Se\u00fal que tuvo lugar en plena guerra comercial desencadenada por la pol\u00edtica arancelaria de Estados Unidos. Los ministros de los tres pa\u00edses tambi\u00e9n acordaron la creaci\u00f3n de \u00abun entorno predecible de negocios e inversiones\u00bb.<\/p>\n<p>En un comunicado conjunto al t\u00e9rmino de la reuni\u00f3n, expresaron su acuerdo para aumentar los esfuerzos de cara a lograr un \u00abterreno de juego global que permita un entorno de comercio e inversiones libre, abierto, justo, no discriminatorio, transparente, inclusivo y predecible\u00bb. El comunicado afirma que los tres pa\u00edses est\u00e1n listos para \u00abacelerar\u00bb las negociaciones de un \u00abacuerdo de libre comercio trilateral\u00bb. Las tres econom\u00edas asi\u00e1ticas, que aglutinan el 25\u00a0% del producto interior bruto global y el 21\u00a0% del volumen comercial, destacaron la necesidad de una mayor cooperaci\u00f3n econ\u00f3mica y comercial.<\/p>\n<p>Los tres ministros celebraron en la capital surcoreana la primera reuni\u00f3n de este tipo en seis a\u00f1os, en el marco de la cooperaci\u00f3n trilateral que mantienen en diversos \u00e1mbitos. La reuni\u00f3n se da en medio de la guerra de aranceles del presidente de Estados Unidos, Donald Trump, que afecta a una amplia gama de productos, los \u00faltimos a veh\u00edculos, camiones y autopartes. Corea del Sur y Jap\u00f3n son importantes exportadores de veh\u00edculos, mientras que China se ha visto fuertemente afectada por las tarifas de Trump a productos agr\u00edcolas, el acero y el aluminio. Jap\u00f3n ya anunci\u00f3 que responder\u00eda a los aranceles.<\/p>\n<p><span data-slot-id=\"Article_InContent-1\" class=\"rich-text-ad\"\/><\/p>\n<h2>Restauraci\u00f3n del papel de la OMC<\/h2>\n<p>El encuentro cont\u00f3 con la participaci\u00f3n del ministro surcoreano de Industria y Energ\u00eda, Ahn Duk-geun, el ministro de Comercio chino, Wang Wentao, y el ministro nip\u00f3n de Econom\u00eda, Comercio e Industria, Yoji Muto. \u00abEn medio del entorno econ\u00f3mico y comercial global en r\u00e1pida evoluci\u00f3n, la reuni\u00f3n de los ministros de comercio de los tres pa\u00edses por primera vez en seis a\u00f1os tiene un significado importante no solo para las tres naciones, sino tambi\u00e9n para la comunidad internacional\u00bb, dijo Ahn en sus declaraciones al inicio del encuentro, recogidas por la agencia surcoreana Yonhap.<\/p>\n<p>El ministro surcoreano llam\u00f3 a crear un entorno \u00abestable\u00bb para el comercio global mediante la restauraci\u00f3n del papel de la Organizaci\u00f3n Mundial del Comercio (OMC). Ahn tambi\u00e9n inst\u00f3 a los tres pa\u00edses a unir esfuerzos para abordar los problemas actuales en el mercado global, como el auge de nuevas tecnolog\u00edas, incluida la inteligencia artificial (IA), la transformaci\u00f3n digital de las econom\u00edas y la cooperaci\u00f3n en la cadena de suministro de minerales cr\u00edticos.<\/p>\n<p>LGC (EFE, AFP)<\/p>\n<\/div>\n\n","protected":false},"excerpt":{"rendered":"<p>Los ministros de la industria y el comercio de Jap\u00f3n, China y Corea del Sur acordaron este domingo (30.03.2025) fortalecer su cooperaci\u00f3n para promover el libre comercio, en una reuni\u00f3n en Se\u00fal que tuvo lugar en plena guerra comercial desencadenada por la pol\u00edtica arancelaria de Estados Unidos. Los ministros de los tres pa\u00edses tambi\u00e9n acordaron &hellip;<\/p>\n","protected":false},"author":1,"featured_media":20899,"comment_status":"open","ping_status":"open","sticky":false,"template":"","format":"standard","meta":{"fifu_image_url":"https:\/\/static.dw.com\/image\/72085750_6.jpg","fifu_image_alt":"","footnotes":""},"categories":[13],"tags":[],"class_list":["post-20898","post","type-post","status-publish","format-standard","has-post-thumbnail","","category-mundo"],"_links":{"self":[{"href":"https:\/\/noticiasveraces.com\/index.php?rest_route=\/wp\/v2\/posts\/20898","targetHints":{"allow":["GET"]}}],"collection":[{"href":"https:\/\/noticiasveraces.com\/index.php?rest_route=\/wp\/v2\/posts"}],"about":[{"href":"https:\/\/noticiasveraces.com\/index.php?rest_route=\/wp\/v2\/types\/post"}],"author":[{"embeddable":true,"href":"https:\/\/noticiasveraces.com\/index.php?rest_route=\/wp\/v2\/users\/1"}],"replies":[{"embeddable":true,"href":"https:\/\/noticiasveraces.com\/index.php?rest_route=%2Fwp%2Fv2%2Fcomments&post=20898"}],"version-history":[{"count":0,"href":"https:\/\/noticiasveraces.com\/index.php?rest_route=\/wp\/v2\/posts\/20898\/revisions"}],"wp:featuredmedia":[{"embeddable":true,"href":"https:\/\/noticiasveraces.com\/index.php?rest_route=\/wp\/v2\/media\/20899"}],"wp:attachment":[{"href":"https:\/\/noticiasveraces.com\/index.php?rest_route=%2Fwp%2Fv2%2Fmedia&parent=20898"}],"wp:term":[{"taxonomy":"category","embeddable":true,"href":"https:\/\/noticiasveraces.com\/index.php?rest_route=%2Fwp%2Fv2%2Fcategories&post=20898"},{"taxonomy":"post_tag","embeddable":true,"href":"https:\/\/noticiasveraces.com\/index.php?rest_route=%2Fwp%2Fv2%2Ftags&post=20898"}],"curies":[{"name":"wp","href":"https:\/\/api.w.org\/{rel}","templated":true}]}}