{"id":20876,"date":"2025-03-30T19:29:52","date_gmt":"2025-03-30T23:29:52","guid":{"rendered":"https:\/\/noticiasveraces.com\/?p=20876"},"modified":"2025-03-30T19:29:52","modified_gmt":"2025-03-30T23:29:52","slug":"dani-alves-demandaria-a-pumas-su-ultimo-equipo-tras-supuesta-rescision-de-manera-injustificada-curiosidades-de-futbol","status":"publish","type":"post","link":"https:\/\/noticiasveraces.com\/?p=20876","title":{"rendered":"Dani Alves demandar\u00eda a Pumas, su \u00faltimo equipo, tras supuesta rescisi\u00f3n de manera injustificada | Curiosidades de f\u00fatbol"},"content":{"rendered":"<p> \n<br \/><img decoding=\"async\" src=\"https:\/\/www.futbolred.com\/files\/article_graphic\/uploads\/2024\/03\/25\/66019d38a0007.png\" \/><\/p>\n<div id=\"cuerpoArticulo\">\n<p class=\"texto intro\" id=\"p240504-m464-463-465\">Dani Alves contin\u00faa llamando la atenci\u00f3n a nivel internacional. Luego de ocupar los principales titulares en la prensa tras conocerse su absoluci\u00f3n de las acusaciones por agresi\u00f3n sexual, ahora, el exjugador de Barcelona sorprendi\u00f3 con su m\u00e1s reciente decisi\u00f3n. <\/p>\n<p>Ya en libertad, Dani Alves alista una demanda contra Pumas de M\u00e9xico, que es el \u00faltimo equipo donde tuvo la oportunidad de jugar. <\/p>\n<p class=\"texto contenido-parrafo-articulo\" id=\"p240504-m540-3-541\">\u00bfPor qu\u00e9 la demanda de Dani Alves a Pumas? Todo arranca cuando acusaron al brasile\u00f1o de la presunta agresi\u00f3n sexual, pues desde ese momento, el club rescindi\u00f3 del contrato, manifestando que \u201cno estaba cumpliendo con sus obligaciones debido a su delicada situaci\u00f3n legal en Espa\u00f1a\u201d, seg\u00fan se lee en un informe publicado por el diario Marca. <\/p>\n<p>Ante la situaci\u00f3n, se estar\u00eda alegando una rescisi\u00f3n injustificada del contrato. As\u00ed lo dio a conocer el periodista Ignacio Su\u00e1rez, quien dio detalles de la situaci\u00f3n. <\/p>\n<p>\u201cDemanda civil por da\u00f1o moral, denuncia penal por difamaci\u00f3n y la demanda laboral por despido injustificado, m\u00e1s pagos de salarios\u201d, ser\u00edan las principales razones de esta demanda. <\/p>\n<p>As\u00ed las cosas, seg\u00fan el portal espa\u00f1ol anteriormente citado, \u201cPumas deber\u00eda abonar la cantidad de dos millones de d\u00f3lares al exjugador en concepto de compensaci\u00f3n\u201d. <\/p>\n<p>Cabe recordar que ante el TAS, Pumas ya perdi\u00f3 el primer cap\u00edtulo de esta disputa legal, pues se determin\u00f3 que el equipo hab\u00eda rescindido del contrato unilateralmente. <\/p>\n<p>Por ahora, se adelantan las respectivas gestiones y se est\u00e1 a la espera de lo que pueda ocurrir en esta demanda de Dani Alves contra Pumas. <\/p>\n<\/p><\/div>\n\n","protected":false},"excerpt":{"rendered":"<p>Dani Alves contin\u00faa llamando la atenci\u00f3n a nivel internacional. Luego de ocupar los principales titulares en la prensa tras conocerse su absoluci\u00f3n de las acusaciones por agresi\u00f3n sexual, ahora, el exjugador de Barcelona sorprendi\u00f3 con su m\u00e1s reciente decisi\u00f3n. Ya en libertad, Dani Alves alista una demanda contra Pumas de M\u00e9xico, que es el \u00faltimo &hellip;<\/p>\n","protected":false},"author":1,"featured_media":20878,"comment_status":"open","ping_status":"open","sticky":false,"template":"","format":"standard","meta":{"fifu_image_url":"https:\/\/www.futbolred.com\/files\/og_thumbnail\/uploads\/2024\/03\/25\/66019d38a0007.png","fifu_image_alt":"","footnotes":""},"categories":[6],"tags":[],"class_list":["post-20876","post","type-post","status-publish","format-standard","has-post-thumbnail","","category-deportes"],"_links":{"self":[{"href":"https:\/\/noticiasveraces.com\/index.php?rest_route=\/wp\/v2\/posts\/20876","targetHints":{"allow":["GET"]}}],"collection":[{"href":"https:\/\/noticiasveraces.com\/index.php?rest_route=\/wp\/v2\/posts"}],"about":[{"href":"https:\/\/noticiasveraces.com\/index.php?rest_route=\/wp\/v2\/types\/post"}],"author":[{"embeddable":true,"href":"https:\/\/noticiasveraces.com\/index.php?rest_route=\/wp\/v2\/users\/1"}],"replies":[{"embeddable":true,"href":"https:\/\/noticiasveraces.com\/index.php?rest_route=%2Fwp%2Fv2%2Fcomments&post=20876"}],"version-history":[{"count":0,"href":"https:\/\/noticiasveraces.com\/index.php?rest_route=\/wp\/v2\/posts\/20876\/revisions"}],"wp:featuredmedia":[{"embeddable":true,"href":"https:\/\/noticiasveraces.com\/index.php?rest_route=\/wp\/v2\/media\/20878"}],"wp:attachment":[{"href":"https:\/\/noticiasveraces.com\/index.php?rest_route=%2Fwp%2Fv2%2Fmedia&parent=20876"}],"wp:term":[{"taxonomy":"category","embeddable":true,"href":"https:\/\/noticiasveraces.com\/index.php?rest_route=%2Fwp%2Fv2%2Fcategories&post=20876"},{"taxonomy":"post_tag","embeddable":true,"href":"https:\/\/noticiasveraces.com\/index.php?rest_route=%2Fwp%2Fv2%2Ftags&post=20876"}],"curies":[{"name":"wp","href":"https:\/\/api.w.org\/{rel}","templated":true}]}}