{"id":20865,"date":"2025-03-30T17:14:46","date_gmt":"2025-03-30T21:14:46","guid":{"rendered":"https:\/\/noticiasveraces.com\/?p=20865"},"modified":"2025-03-30T17:14:46","modified_gmt":"2025-03-30T21:14:46","slug":"un-lugar-peligroso-para-los-periodistas-dw-30-03-2025","status":"publish","type":"post","link":"https:\/\/noticiasveraces.com\/?p=20865","title":{"rendered":"un lugar peligroso para los periodistas \u2013 DW \u2013 30\/03\/2025"},"content":{"rendered":"<p> \n<\/p>\n<div>\n<p>El conflicto en la Franja de Gaza, desencadenado\u00a0por los ataques terroristas liderados por el movimiento islamista\u00a0Ham\u00e1s contra Israel el 7 de octubre de 2023, ha convertido al peque\u00f1o territorio en uno de los lugares m\u00e1s peligrosos del mundo para informar, seg\u00fan el Comit\u00e9 para la Protecci\u00f3n de los Periodistas (CPJ), un organismo de vigilancia de la libertad de prensa con sede en Nueva York.<\/p>\n<p>El CPJ afirm\u00f3 que m\u00e1s de 170 periodistas y trabajadores de medios han muerto en Gaza desde el inicio del conflicto. Reporteros sin Fronteras (RSF), otra organizaci\u00f3n defensora de la libertad de prensa con sede en Par\u00eds, eleva la cifra a m\u00e1s de doscientos\u00a0periodistas.<\/p>\n<p>Carlos Mart\u00ednez, director de programa del CPJ, conden\u00f3 los \u00faltimos ataques y declar\u00f3: \u00abEsta pesadilla en Gaza tiene que terminar\u00bb. La comunidad internacional debe actuar con rapidez para garantizar la seguridad de los periodistas y exigir responsabilidades a Israel por la muerte de Hossam Shabat y Mohammed Mansour, que podr\u00edan haber sido v\u00edctimas de asesinatos selectivos. Los periodistas son civiles y es ilegal atacarlos en una zona de guerra, contin\u00faa el comunicado.<\/p>\n<p>Las Fuerzas de Defensa de Israel (FDI) declararon el martes que hab\u00edan \u00abeliminado\u00bb a Shabat, acus\u00e1ndolo de ser un \u00abfrancotirador terrorista\u00bb afiliado a las Brigadas Qassem, el brazo militar de Ham\u00e1s. Las FDI tambi\u00e9n acusaron al periodista de \u00abllevar a cabo ataques contra tropas de las FDI y civiles israel\u00edes\u00bb sin aportar m\u00e1s pruebas.<\/p>\n<p>Al Jazeera, cadena de noticias con sede en Qatar, prohibida en Israel y por la Autoridad Palestina en la Cisjordania ocupada, conden\u00f3 en\u00e9rgicamente lo que calific\u00f3 como el asesinato de su corresponsal. Tambi\u00e9n inst\u00f3 a la comunidad internacional a condenar el \u00abasesinato sistem\u00e1tico de periodistas\u00bb por parte de Israel.<\/p>\n<h2>Periodistas acusados de terroristas<\/h2>\n<p>En octubre de 2024, las FDI acusaron a Shabat y a otros cinco periodistas que trabajaban para Al Jazeera en Gaza de ser miembros de Ham\u00e1s y de la Yihad Isl\u00e1mica, otro grupo militante palestino. Shabat y Al Jazeera negaron las acusaciones y afirmaron que esta pr\u00e1ctica pon\u00eda en la mira al periodista.<\/p>\n<p>RSF protest\u00f3 por las acusaciones<svg xmlns=\"http:\/\/www.w3.org\/2000\/svg\" width=\"20\" height=\"20\" viewbox=\"0 0 20 20\"><path d=\"M11.5 3.5 11.5 4.233C14.342 4.233 15.167 4.245 15.167 4.258L8.984 10.467 10.033 11.516C14.826 6.725 16.228 5.333 16.242 5.333L16.267 9 17.733 9 17.733 2.767 11.5 2.767 11.5 3.5M2.267 11 2.267 17.233 16.733 17.233 16.733 12 15.267 12 15.25 15.75 9.5 15.75 3.75 15.75 3.75 6.25 9.5 6.233 9.5 4.767 2.267 4.767 2.267 11 \"\/><\/svg>  y sostuvo que las alegaciones no constitu\u00edan \u00abninguna prueba concluyente de afiliaci\u00f3n, ni un permiso para matar\u00bb. Shabat declar\u00f3 al CPJ en ese momento que \u00abno era miembro de Ham\u00e1s\u00bb.\u00a0\u00abSomos ciudadanos y transmitimos sus voces. Nuestro \u00fanico delito es transmitir la imagen y la verdad\u00bb, declar\u00f3 Shabat.<\/p>\n<figure class=\"placeholder-image master_landscape big\"><img data-format=\"MASTER_LANDSCAPE\" data-id=\"72074285\" data-url=\"https:\/\/static.dw.com\/image\/72074285_${formatId}.jpg\" data-aspect-ratio=\"16\/9\" alt=\"Una multitud llora la muerte de Hossam Shabat durante sus funerales\" style=\"padding-bottom: 56.25%; height: 0; max-height: 0;\"\/><figcaption class=\"img-caption\">Una multitud llora la muerte de Hossam Shabat durante sus funerales<small class=\"copyright\">Imagen: Ahmed Al-Arini\/Anadolu\/picture alliance <\/small><\/figcaption><\/figure>\n<p>El CPJ exigi\u00f3 una investigaci\u00f3n para determinar si las FDI asesinaron deliberadamente a los periodistas. La organizaci\u00f3n sin fines de lucro public\u00f3 un informe en febrero que documenta al menos diez casos en Gaza y L\u00edbano donde periodistas fueron \u00abatacados deliberadamente\u00bb por las fuerzas israel\u00edes, y a\u00f1adi\u00f3 que estaba investigando m\u00e1s asesinatos. En diciembre pasado, otro periodista de Al Jazeera muri\u00f3 en un ataque israel\u00ed. Televisoras locales tambi\u00e9n han denunciado la muerte de sus periodistas.<\/p>\n<p>Las FDI rechazaron las acusaciones del CPJ en ese momento en una declaraci\u00f3n a DW, afirmando que \u00abnunca han atacado ni atacar\u00e1n deliberadamente a periodistas\u00bb. Las declaraciones contin\u00faan\u00a0afirmando que las Fuerzas de Defensa de Israel (FDI) \u00abno atacan a civiles ni a objetos civiles, incluyendo medios de comunicaci\u00f3n y periodistas como tales\u00bb.<\/p>\n<p>Varios grupos de defensa de la libertad de prensa han cuestionado etiquetar a los periodistas como \u00abterroristas\u00bb y las implicaciones que esto tiene para su seguridad.<\/p>\n<p>\u00abEn muchos pa\u00edses, hay periodistas que act\u00faan como portavoces de las autoridades, la oposici\u00f3n pol\u00edtica o, en algunos casos, grupos militantes\u00bb, declar\u00f3 a DW la directora ejecutiva del CPJ, Jodie Ginsburg. \u00abA menos que inciten directamente a la violencia o formen parte de una actividad militante, eso no los convierte en blancos de asesinato\u00bb.<\/p>\n<p><span data-slot-id=\"Article_InContent-1\" class=\"rich-text-ad\"\/><\/p>\n<h2>Contin\u00faa la prohibici\u00f3n a periodistas extranjeros<\/h2>\n<p>Los periodistas palestinos locales han sido responsables de informar sobre la guerra a una audiencia global. Esto se debe a que el gobierno israel\u00ed ha mantenido una prohibici\u00f3n de entrada a Gaza a los periodistas extranjeros, a pesar de los llamamientos de medios de comunicaci\u00f3n y organizaciones de libertad de prensa de todo el mundo para que se les permita el acceso sin restricciones.<\/p>\n<p>El Tribunal Supremo de Israel a\u00fan no se ha pronunciado sobre una petici\u00f3n presentada por la Asociaci\u00f3n de Prensa Extranjera en el pa\u00eds que exige que se permita acceso independiente a los medios extranjeros. Hasta ahora, el Ej\u00e9rcito israel\u00ed solo ha permitido la entrada a Gaza de algunos periodistas extranjeros e israel\u00edes incrustados en visitas militares, las cuales est\u00e1n estrictamente controladas y no permiten a los periodistas desplazarse de forma independiente.<\/p>\n<p>\u00abEse nivel de restricci\u00f3n no tiene precedentes\u00bb, declar\u00f3 Ginsburg. \u00abCiertamente, cuando se habla con corresponsales de guerra que han cubierto todo, desde Chechenia hasta Sud\u00e1n, no poder tener acceso alguno es completamente inaudito\u00bb. <\/p>\n<figure class=\"placeholder-image master_landscape big\"><img data-format=\"MASTER_LANDSCAPE\" data-id=\"72074230\" data-url=\"https:\/\/static.dw.com\/image\/72074230_${formatId}.jpg\" data-aspect-ratio=\"16\/9\" alt=\"Periodistas en Gaza y organizaciones de prensa piensan que los reporteros est\u00e1n injustamente siendo etiquetados como &quot;terroristas&quot;\" style=\"padding-bottom: 56.25%; height: 0; max-height: 0;\"\/><figcaption class=\"img-caption\">Periodistas en Gaza y organizaciones de prensa piensan que los reporteros est\u00e1n injustamente siendo etiquetados como \u00abterroristas\u00bb<small class=\"copyright\">Imagen: Dawoud Abo Alkas\/Anadolu\/Picture Alliance <\/small><\/figcaption><\/figure>\n<p>Ginsburg a\u00f1adi\u00f3 que, debido a esto, toda la presi\u00f3n recae sobre los periodistas palestinos locales para que informen sobre lo que est\u00e1 sucediendo. \u00abY como muchos de ellos han sido acusados \u200b\u200bde parcialidad y complicidad por ser periodistas palestinos y locales, se les plantea una duda adicional sobre lo que informan; adem\u00e1s, por supuesto, informan sobre las condiciones de la guerra\u00bb.<\/p>\n<p>La guerra en Gaza ha desplazado a casi todos los 2,3 millones de habitantes del enclave. Informar sobre el conflicto ha sido un desaf\u00edo debido a la falta de comunicaci\u00f3n y electricidad. Algunos periodistas han perdido a familiares, amigos y hogares. Las presiones internas en el territorio gobernado por Ham\u00e1s, aislado por Israel y Egipto, han agravado el dif\u00edcil entorno en el que deben trabajar los periodistas.<\/p>\n<p>Todo esto ha tenido un impacto enorme, seg\u00fan declararon periodistas a DW por tel\u00e9fono antes de que Israel reanudara los ataques contra el enclave este mes tras un breve alto el fuego.<\/p>\n<p>\u00abEs dif\u00edcil describir lo que se siente al estar en Gaza. El ruido constante de los bombardeos, las explosiones, la cantidad de muertos\u2026 es indescriptible\u00bb, declar\u00f3 a DW Safinaz al-Louh, una joven periodista independiente en Gaza. Ella perdi\u00f3 a su hermano, camar\u00f3grafo, en la guerra.<\/p>\n<p>Otra periodista palestina, Salma al Qaddoumi, coment\u00f3 que el desplazamiento y la separaci\u00f3n de su familia hab\u00edan sido dif\u00edciles de afrontar durante los 15 meses de guerra. \u00abComo los desplazamientos eran frecuentes, llegabas para asentarte en un lugar y luego ten\u00edas que empezar de cero, sabiendo que ning\u00fan lugar era realmente seguro\u00bb, explic\u00f3 a DW por WhatsApp desde Gaza.<\/p>\n<p>Al Qaddoumi result\u00f3 herida mientras informaba en el sur de Gaza durante la guerra, en un incidente en el que muri\u00f3 su compa\u00f1ero.<\/p>\n<p>Todo vuelve a empezar, con el Ej\u00e9rcito israel\u00ed emitiendo m\u00e1s \u00ab\u00f3rdenes de evacuaci\u00f3n\u00bb en Gaza cada d\u00eda. Depende de los periodistas palestinos seguir cubriendo la guerra.<\/p>\n<p>(LGC\/)<\/p>\n<\/div>\n\n","protected":false},"excerpt":{"rendered":"<p>El conflicto en la Franja de Gaza, desencadenado\u00a0por los ataques terroristas liderados por el movimiento islamista\u00a0Ham\u00e1s contra Israel el 7 de octubre de 2023, ha convertido al peque\u00f1o territorio en uno de los lugares m\u00e1s peligrosos del mundo para informar, seg\u00fan el Comit\u00e9 para la Protecci\u00f3n de los Periodistas (CPJ), un organismo de vigilancia de &hellip;<\/p>\n","protected":false},"author":1,"featured_media":20866,"comment_status":"open","ping_status":"open","sticky":false,"template":"","format":"standard","meta":{"fifu_image_url":"https:\/\/static.dw.com\/image\/72074215_6.jpg","fifu_image_alt":"","footnotes":""},"categories":[13],"tags":[],"class_list":["post-20865","post","type-post","status-publish","format-standard","has-post-thumbnail","","category-mundo"],"_links":{"self":[{"href":"https:\/\/noticiasveraces.com\/index.php?rest_route=\/wp\/v2\/posts\/20865","targetHints":{"allow":["GET"]}}],"collection":[{"href":"https:\/\/noticiasveraces.com\/index.php?rest_route=\/wp\/v2\/posts"}],"about":[{"href":"https:\/\/noticiasveraces.com\/index.php?rest_route=\/wp\/v2\/types\/post"}],"author":[{"embeddable":true,"href":"https:\/\/noticiasveraces.com\/index.php?rest_route=\/wp\/v2\/users\/1"}],"replies":[{"embeddable":true,"href":"https:\/\/noticiasveraces.com\/index.php?rest_route=%2Fwp%2Fv2%2Fcomments&post=20865"}],"version-history":[{"count":0,"href":"https:\/\/noticiasveraces.com\/index.php?rest_route=\/wp\/v2\/posts\/20865\/revisions"}],"wp:featuredmedia":[{"embeddable":true,"href":"https:\/\/noticiasveraces.com\/index.php?rest_route=\/wp\/v2\/media\/20866"}],"wp:attachment":[{"href":"https:\/\/noticiasveraces.com\/index.php?rest_route=%2Fwp%2Fv2%2Fmedia&parent=20865"}],"wp:term":[{"taxonomy":"category","embeddable":true,"href":"https:\/\/noticiasveraces.com\/index.php?rest_route=%2Fwp%2Fv2%2Fcategories&post=20865"},{"taxonomy":"post_tag","embeddable":true,"href":"https:\/\/noticiasveraces.com\/index.php?rest_route=%2Fwp%2Fv2%2Ftags&post=20865"}],"curies":[{"name":"wp","href":"https:\/\/api.w.org\/{rel}","templated":true}]}}