{"id":20860,"date":"2025-03-30T15:10:12","date_gmt":"2025-03-30T19:10:12","guid":{"rendered":"https:\/\/noticiasveraces.com\/?p=20860"},"modified":"2025-03-30T15:10:12","modified_gmt":"2025-03-30T19:10:12","slug":"el-papa-francisco-se-pierde-el-domingo-angelus-oracion-para-la-septima-semana","status":"publish","type":"post","link":"https:\/\/noticiasveraces.com\/?p=20860","title":{"rendered":"El Papa Francisco se pierde el domingo Angelus Oraci\u00f3n para la S\u00e9ptima Semana"},"content":{"rendered":"<p> \n<\/p>\n<div>\n<p class=\"speakable\">El Papa Francisco reconoci\u00f3 p\u00fablicamente que esta temporada de Cuaresma es un momento de curaci\u00f3n para su alma y cuerpo.<\/p>\n<p class=\"speakable\">El domingo, el Vaticano lanz\u00f3 el texto de la oraci\u00f3n del Sunday Angelus preparada de Francis. Es el s\u00e9ptimo domingo consecutivo que su enfermedad le ha impedido entregar la bendici\u00f3n desde una ventana sobre la Plaza de San Pedro como de costumbre. <\/p>\n<p>\u00abQueridos amigos, vivamos esta Cuaresma como un momento de curaci\u00f3n, a\u00fan m\u00e1s como es el Jubileo\u00bb, dijo Francis. \u00abYo tambi\u00e9n lo estoy experimentando de esta manera, en mi alma y en mi cuerpo\u00bb.<\/p>\n<p>\u00abEs por eso que agradezco sincero a todos aquellos que, a imagen del Salvador, son instrumentos de curaci\u00f3n para su vecino con su palabra y su conocimiento, con amabilidad y oraci\u00f3n\u00bb, continu\u00f3. \u00abLa fragilidad y la enfermedad son experiencias que todos tenemos en com\u00fan; sin embargo, somos hermanos en la salvaci\u00f3n que Cristo nos ha dado\u00bb.<\/p>\n<p><strong>Los m\u00e9dicos del Papa Francisco consideraron terminar con el tratamiento, dijeron: \u00abHab\u00eda un riesgo real de que no pudiera hacerlo\u00bb: Informe<\/strong><\/p>\n<div class=\"image-ct inline\">\n<div class=\"m\"><picture><source media=\"(max-width: 767px)\" srcset=\"https:\/\/a57.foxnews.com\/static.foxnews.com\/foxnews.com\/content\/uploads\/2025\/03\/343\/192\/pope-francis-in-vehicle.jpg?ve=1&amp;tl=1, https:\/\/a57.foxnews.com\/static.foxnews.com\/foxnews.com\/content\/uploads\/2025\/03\/686\/384\/pope-francis-in-vehicle.jpg?ve=1&amp;tl=1 2x\" height=\"192\" width=\"343\"><source media=\"(min-width: 768px) and (max-width: 1023px)\" srcset=\"https:\/\/a57.foxnews.com\/static.foxnews.com\/foxnews.com\/content\/uploads\/2025\/03\/672\/378\/pope-francis-in-vehicle.jpg?ve=1&amp;tl=1, https:\/\/a57.foxnews.com\/static.foxnews.com\/foxnews.com\/content\/uploads\/2025\/03\/1344\/756\/pope-francis-in-vehicle.jpg?ve=1&amp;tl=1 2x\" height=\"378\" width=\"672\"><source media=\"(min-width: 1024px) and (max-width: 1279px)\" srcset=\"https:\/\/a57.foxnews.com\/static.foxnews.com\/foxnews.com\/content\/uploads\/2025\/03\/931\/523\/pope-francis-in-vehicle.jpg?ve=1&amp;tl=1, https:\/\/a57.foxnews.com\/static.foxnews.com\/foxnews.com\/content\/uploads\/2025\/03\/1862\/1046\/pope-francis-in-vehicle.jpg?ve=1&amp;tl=1 2x\" height=\"523\" width=\"931\"><source media=\"(min-width: 1280px)\" srcset=\"https:\/\/a57.foxnews.com\/static.foxnews.com\/foxnews.com\/content\/uploads\/2025\/03\/720\/405\/pope-francis-in-vehicle.jpg?ve=1&amp;tl=1, https:\/\/a57.foxnews.com\/static.foxnews.com\/foxnews.com\/content\/uploads\/2025\/03\/1440\/810\/pope-francis-in-vehicle.jpg?ve=1&amp;tl=1 2x\" height=\"405\" width=\"720\"><img loading=\"lazy\" decoding=\"async\" src=\"https:\/\/a57.foxnews.com\/static.foxnews.com\/foxnews.com\/content\/uploads\/2025\/03\/1200\/675\/pope-francis-in-vehicle.jpg?ve=1&amp;tl=1\" alt=\"Papa Francisco en el coche\" width=\"1200\" height=\"675\"\/><\/source><\/source><\/source><\/source><\/picture><\/div>\n<div class=\"info\">\n<div class=\"caption\">\n<p><span>El Papa Francisco se va en un autom\u00f3vil despu\u00e9s de aparecer en una ventana del Policl\u00ednico de Agostino Gemelli en Roma, domingo 23 de marzo de 2025, donde estaba siendo tratado.<\/span> <span>(AP\/Stefano Costantino)<\/span><\/p>\n<\/div>\n<\/div>\n<\/div>\n<p>Sus comentarios luego se convirtieron en conflictos mundiales, con un enfoque en Sud\u00e1n del Sur, donde dijo: \u00abLa guerra contin\u00faa reclamando v\u00edctimas inocentes\u00bb.<\/p>\n<p>\u00abInsto a las partes interesadas en el conflicto a poner primero la salvaguardia de la vida de sus hermanos y hermanas civiles; y espero que las nuevas negociaciones comiencen lo antes posible, capaz de asegurar una soluci\u00f3n duradera a la crisis\u00bb, dijo. \u00abQue la comunidad internacional aumente sus esfuerzos para abordar la terrible cat\u00e1strofe humanitaria\u00bb.<\/p>\n<p><strong><u>El Papa Francisco hace la primera aparici\u00f3n p\u00fablica en cinco semanas<\/u><\/strong><strong> <\/strong><\/p>\n<div class=\"image-ct inline\">\n<div class=\"m\"><picture><source media=\"(max-width: 767px)\" srcset=\"https:\/\/a57.foxnews.com\/static.foxnews.com\/foxnews.com\/content\/uploads\/2025\/03\/343\/192\/ap25082410160366.jpg?ve=1&amp;tl=1, https:\/\/a57.foxnews.com\/static.foxnews.com\/foxnews.com\/content\/uploads\/2025\/03\/686\/384\/ap25082410160366.jpg?ve=1&amp;tl=1 2x\" height=\"192\" width=\"343\"><source media=\"(min-width: 768px) and (max-width: 1023px)\" srcset=\"https:\/\/a57.foxnews.com\/static.foxnews.com\/foxnews.com\/content\/uploads\/2025\/03\/672\/378\/ap25082410160366.jpg?ve=1&amp;tl=1, https:\/\/a57.foxnews.com\/static.foxnews.com\/foxnews.com\/content\/uploads\/2025\/03\/1344\/756\/ap25082410160366.jpg?ve=1&amp;tl=1 2x\" height=\"378\" width=\"672\"><source media=\"(min-width: 1024px) and (max-width: 1279px)\" srcset=\"https:\/\/a57.foxnews.com\/static.foxnews.com\/foxnews.com\/content\/uploads\/2025\/03\/931\/523\/ap25082410160366.jpg?ve=1&amp;tl=1, https:\/\/a57.foxnews.com\/static.foxnews.com\/foxnews.com\/content\/uploads\/2025\/03\/1862\/1046\/ap25082410160366.jpg?ve=1&amp;tl=1 2x\" height=\"523\" width=\"931\"><source media=\"(min-width: 1280px)\" srcset=\"https:\/\/a57.foxnews.com\/static.foxnews.com\/foxnews.com\/content\/uploads\/2025\/03\/720\/405\/ap25082410160366.jpg?ve=1&amp;tl=1, https:\/\/a57.foxnews.com\/static.foxnews.com\/foxnews.com\/content\/uploads\/2025\/03\/1440\/810\/ap25082410160366.jpg?ve=1&amp;tl=1 2x\" height=\"405\" width=\"720\"><img loading=\"lazy\" decoding=\"async\" src=\"https:\/\/a57.foxnews.com\/static.foxnews.com\/foxnews.com\/content\/uploads\/2025\/03\/1200\/675\/ap25082410160366.jpg?ve=1&amp;tl=1\" alt=\"Papa Francisco en una silla de ruedas junto a la ventana del hospital\" width=\"1200\" height=\"675\"\/><\/source><\/source><\/source><\/source><\/picture><\/div>\n<div class=\"info\">\n<div class=\"caption\">\n<p><span>Los fieles y los peregrinos se re\u00fanen en la Plaza de San Pedro en el Vaticano para seguir en las pantallas gigantes una transmisi\u00f3n en vivo de la Policiclinic de Agostino Gemelli de Roma, el domingo 23 de marzo de 2025, donde el Papa Francisco hizo su primera aparici\u00f3n p\u00fablica desde que fue hospitalizado el 14 de febrero con neumon\u00eda bilateral. <\/span> <span>(Photo AP\/Gregorio Borgia)<\/span><\/p>\n<\/div>\n<\/div>\n<\/div>\n<p>El pont\u00edfice de 88 a\u00f1os todav\u00eda se est\u00e1 recuperando de una infecci\u00f3n respiratoria, seg\u00fan la Oficina de Prensa de Holy Sede. Sigue siendo destetado del apoyo de ox\u00edgeno durante el d\u00eda y la noche, y sus niveles de sangre son normales. Sin embargo, su equipo m\u00e9dico orden\u00f3 un estricto per\u00edodo de convalecencia de al menos dos meses despu\u00e9s de su liberaci\u00f3n del hospital la semana pasada. <\/p>\n<p>Francis ha demostrado \u00abuna mejora verdaderamente sorprendente\u00bb, el Doctor Who coordin\u00f3 la hospitalizaci\u00f3n de cinco semanas del pont\u00edfice dijo el s\u00e1bado.<\/p>\n<div class=\"image-ct inline\">\n<div class=\"m\"><picture><source media=\"(max-width: 767px)\" srcset=\"https:\/\/a57.foxnews.com\/static.foxnews.com\/foxnews.com\/content\/uploads\/2025\/03\/343\/192\/ap25081620964408.jpg?ve=1&amp;tl=1, https:\/\/a57.foxnews.com\/static.foxnews.com\/foxnews.com\/content\/uploads\/2025\/03\/686\/384\/ap25081620964408.jpg?ve=1&amp;tl=1 2x\" height=\"192\" width=\"343\"><source media=\"(min-width: 768px) and (max-width: 1023px)\" srcset=\"https:\/\/a57.foxnews.com\/static.foxnews.com\/foxnews.com\/content\/uploads\/2025\/03\/672\/378\/ap25081620964408.jpg?ve=1&amp;tl=1, https:\/\/a57.foxnews.com\/static.foxnews.com\/foxnews.com\/content\/uploads\/2025\/03\/1344\/756\/ap25081620964408.jpg?ve=1&amp;tl=1 2x\" height=\"378\" width=\"672\"><source media=\"(min-width: 1024px) and (max-width: 1279px)\" srcset=\"https:\/\/a57.foxnews.com\/static.foxnews.com\/foxnews.com\/content\/uploads\/2025\/03\/931\/523\/ap25081620964408.jpg?ve=1&amp;tl=1, https:\/\/a57.foxnews.com\/static.foxnews.com\/foxnews.com\/content\/uploads\/2025\/03\/1862\/1046\/ap25081620964408.jpg?ve=1&amp;tl=1 2x\" height=\"523\" width=\"931\"><source media=\"(min-width: 1280px)\" srcset=\"https:\/\/a57.foxnews.com\/static.foxnews.com\/foxnews.com\/content\/uploads\/2025\/03\/720\/405\/ap25081620964408.jpg?ve=1&amp;tl=1, https:\/\/a57.foxnews.com\/static.foxnews.com\/foxnews.com\/content\/uploads\/2025\/03\/1440\/810\/ap25081620964408.jpg?ve=1&amp;tl=1 2x\" height=\"405\" width=\"720\"><img loading=\"lazy\" decoding=\"async\" src=\"https:\/\/a57.foxnews.com\/static.foxnews.com\/foxnews.com\/content\/uploads\/2025\/03\/1200\/675\/ap25081620964408.jpg?ve=1&amp;tl=1\" alt=\"El cirujano del hospital de Roma da un anuncio sobre el Papa\" width=\"1200\" height=\"675\"\/><\/source><\/source><\/source><\/source><\/picture><\/div>\n<div class=\"info\">\n<div class=\"caption\">\n<p><span>El cirujano Sergio Alfieri habla con los periodistas el s\u00e1bado 22 de marzo de 2025, en el Sal\u00f3n de Entrada de la Policicl\u00ednica Agostino Gemelli de Roma, donde el Papa Francisco ha sido tratado por neumon\u00eda bilateral desde el 14 de febrero de 2025.<\/span> <span>(Photo AP\/Gregorio Borgia)<\/span><\/p>\n<\/div>\n<\/div>\n<\/div>\n<p><strong><u>Haga clic aqu\u00ed para obtener la aplicaci\u00f3n Fox News<\/u><\/strong><strong> <\/strong><\/p>\n<p>\u00abLo encuentro muy animado\u00bb, dijo el Dr. Sergio Alfieri, despu\u00e9s de visitar al Papa en su departamento en el Santa Marta Domus el mi\u00e9rcoles, tres d\u00edas despu\u00e9s de su liberaci\u00f3n del Hospital Gemelli de Roma. \u00abCreo que regresar\u00e1 si no al 100%, el 90% de donde estaba antes\u00bb.<\/p>\n<p><i>Associated Press contribuy\u00f3 a este informe.<\/i><\/p>\n<p> <!----> <\/div>\n\n","protected":false},"excerpt":{"rendered":"<p>El Papa Francisco reconoci\u00f3 p\u00fablicamente que esta temporada de Cuaresma es un momento de curaci\u00f3n para su alma y cuerpo. El domingo, el Vaticano lanz\u00f3 el texto de la oraci\u00f3n del Sunday Angelus preparada de Francis. Es el s\u00e9ptimo domingo consecutivo que su enfermedad le ha impedido entregar la bendici\u00f3n desde una ventana sobre la &hellip;<\/p>\n","protected":false},"author":1,"featured_media":20862,"comment_status":"open","ping_status":"open","sticky":false,"template":"","format":"standard","meta":{"fifu_image_url":"https:\/\/static.foxnews.com\/foxnews.com\/content\/uploads\/2025\/03\/pope-francis-march-25-scaled.jpg","fifu_image_alt":"","footnotes":""},"categories":[13],"tags":[],"class_list":["post-20860","post","type-post","status-publish","format-standard","has-post-thumbnail","","category-mundo"],"_links":{"self":[{"href":"https:\/\/noticiasveraces.com\/index.php?rest_route=\/wp\/v2\/posts\/20860","targetHints":{"allow":["GET"]}}],"collection":[{"href":"https:\/\/noticiasveraces.com\/index.php?rest_route=\/wp\/v2\/posts"}],"about":[{"href":"https:\/\/noticiasveraces.com\/index.php?rest_route=\/wp\/v2\/types\/post"}],"author":[{"embeddable":true,"href":"https:\/\/noticiasveraces.com\/index.php?rest_route=\/wp\/v2\/users\/1"}],"replies":[{"embeddable":true,"href":"https:\/\/noticiasveraces.com\/index.php?rest_route=%2Fwp%2Fv2%2Fcomments&post=20860"}],"version-history":[{"count":0,"href":"https:\/\/noticiasveraces.com\/index.php?rest_route=\/wp\/v2\/posts\/20860\/revisions"}],"wp:featuredmedia":[{"embeddable":true,"href":"https:\/\/noticiasveraces.com\/index.php?rest_route=\/wp\/v2\/media\/20862"}],"wp:attachment":[{"href":"https:\/\/noticiasveraces.com\/index.php?rest_route=%2Fwp%2Fv2%2Fmedia&parent=20860"}],"wp:term":[{"taxonomy":"category","embeddable":true,"href":"https:\/\/noticiasveraces.com\/index.php?rest_route=%2Fwp%2Fv2%2Fcategories&post=20860"},{"taxonomy":"post_tag","embeddable":true,"href":"https:\/\/noticiasveraces.com\/index.php?rest_route=%2Fwp%2Fv2%2Ftags&post=20860"}],"curies":[{"name":"wp","href":"https:\/\/api.w.org\/{rel}","templated":true}]}}