{"id":20842,"date":"2025-03-30T12:57:35","date_gmt":"2025-03-30T16:57:35","guid":{"rendered":"https:\/\/noticiasveraces.com\/?p=20842"},"modified":"2025-03-30T12:57:35","modified_gmt":"2025-03-30T16:57:35","slug":"venecia-dice-que-organizara-la-boda-de-bezos-y-negara-informes-de-posibles-interrupciones-para-la-ciudad","status":"publish","type":"post","link":"https:\/\/noticiasveraces.com\/?p=20842","title":{"rendered":"Venecia dice que organizar\u00e1 la boda de Bezos y negar\u00e1 informes de posibles interrupciones para la ciudad"},"content":{"rendered":"<p> \n<br \/><img decoding=\"async\" src=\"https:\/\/media-cldnry.s-nbcnews.com\/image\/upload\/t_fit_1500w\/rockcms\/2023-05\/230523-Lauren-Sanchez-Jeff-Bezos-al-1123-04e8d1.jpg\" \/><\/p>\n<div>\n<p class=\"body-graf\">ROMA-La ciudad de Venecia confirm\u00f3 el s\u00e1bado que organizar\u00e1 la boda del multimillonario Jeff Bezos y la prometida Lauren S\u00e1nchez, negando informes de que la famosa ciudad italiana ser\u00eda invadida por cientos de celebridades y posibles interrupciones para ciudadanos y turistas.<\/p>\n<p class=\"body-graf\">La ciudad en una breve declaraci\u00f3n no dio una fecha para la boda. Los medios italianos han informado que ser\u00e1 entre el 24 al 26 de junio, con unos d\u00edas de celebraciones.<\/p>\n<p class=\"body-graf\">\u00abLas muchas especulaciones y las noticias falsas que circulan sobre la boda de Jeff Bezos son completamente infundadas\u00bb, dijo el comunicado.<\/p>\n<p class=\"body-graf\">Bezos es el propietario del Washington Post y el fundador y mayor accionista individual de Amazon. Entre otros, George y Amal Clooney celebraron su boda en Venecia en 2014.<\/p>\n<p class=\"body-graf\">La ciudad dijo que solo se invitar\u00edan a 200 invitados, un n\u00famero f\u00e1cilmente acomodado sin ninguna interrupci\u00f3n en la ciudad, sus residentes y visitantes. Se\u00f1al\u00f3 que tiene una amplia experiencia en el manejo de eventos internacionales \u00abmucho m\u00e1s grandes que esto\u00bb.<\/p>\n<p class=\"body-graf\">\u00abVenecia est\u00e1 acostumbrada a ser el escenario de eventos y espect\u00e1culos cada semana, sin impactos significativos\u00bb, dijo la ciudad, citando las cumbres G20 y G7, las Bienales de Arquitectura y Cinema, as\u00ed como eventos privados y bodas VIP.<\/p>\n<p class=\"body-graf\">Varios informes en los medios de comunicaci\u00f3n italianos e internacionales sugirieron que los organizadores de la boda de Bezos ya hab\u00edan reservado habitaciones en los principales hoteles de lujo de Venecia y reservados durante unos d\u00edas a fines de junio, un gran n\u00famero de g\u00f3ndolas y taxis acu\u00e1ticos, que los locales y turistas utilizan principalmente para el transporte diario.<\/p>\n<p class=\"body-graf\">La ciudad neg\u00f3 esos informes, diciendo que \u00abes su m\u00e1xima prioridad asegurarse de que la ciudad funcione como normal, para todos, sin interrupciones anormales para nadie\u00bb.<\/p>\n<p class=\"endmark body-graf\">\u00abEstamos trabajando mutuamente y apoyando a los organizadores, para garantizar que el evento sea absolutamente respetuoso con la fragilidad y la singularidad de la ciudad\u00bb, dijo el alcalde Luigi Brugnaro.<\/p>\n<\/div>\n\n","protected":false},"excerpt":{"rendered":"<p>ROMA-La ciudad de Venecia confirm\u00f3 el s\u00e1bado que organizar\u00e1 la boda del multimillonario Jeff Bezos y la prometida Lauren S\u00e1nchez, negando informes de que la famosa ciudad italiana ser\u00eda invadida por cientos de celebridades y posibles interrupciones para ciudadanos y turistas. La ciudad en una breve declaraci\u00f3n no dio una fecha para la boda. Los &hellip;<\/p>\n","protected":false},"author":1,"featured_media":20844,"comment_status":"open","ping_status":"open","sticky":false,"template":"","format":"standard","meta":{"fifu_image_url":"https:\/\/media-cldnry.s-nbcnews.com\/image\/upload\/t_nbcnews-fp-1200-630,f_auto,q_auto:best\/rockcms\/2023-05\/230523-Lauren-Sanchez-Jeff-Bezos-al-1123-04e8d1.jpg","fifu_image_alt":"","footnotes":""},"categories":[4],"tags":[],"class_list":["post-20842","post","type-post","status-publish","format-standard","has-post-thumbnail","","category-historias-destacadas"],"_links":{"self":[{"href":"https:\/\/noticiasveraces.com\/index.php?rest_route=\/wp\/v2\/posts\/20842","targetHints":{"allow":["GET"]}}],"collection":[{"href":"https:\/\/noticiasveraces.com\/index.php?rest_route=\/wp\/v2\/posts"}],"about":[{"href":"https:\/\/noticiasveraces.com\/index.php?rest_route=\/wp\/v2\/types\/post"}],"author":[{"embeddable":true,"href":"https:\/\/noticiasveraces.com\/index.php?rest_route=\/wp\/v2\/users\/1"}],"replies":[{"embeddable":true,"href":"https:\/\/noticiasveraces.com\/index.php?rest_route=%2Fwp%2Fv2%2Fcomments&post=20842"}],"version-history":[{"count":0,"href":"https:\/\/noticiasveraces.com\/index.php?rest_route=\/wp\/v2\/posts\/20842\/revisions"}],"wp:featuredmedia":[{"embeddable":true,"href":"https:\/\/noticiasveraces.com\/index.php?rest_route=\/wp\/v2\/media\/20844"}],"wp:attachment":[{"href":"https:\/\/noticiasveraces.com\/index.php?rest_route=%2Fwp%2Fv2%2Fmedia&parent=20842"}],"wp:term":[{"taxonomy":"category","embeddable":true,"href":"https:\/\/noticiasveraces.com\/index.php?rest_route=%2Fwp%2Fv2%2Fcategories&post=20842"},{"taxonomy":"post_tag","embeddable":true,"href":"https:\/\/noticiasveraces.com\/index.php?rest_route=%2Fwp%2Fv2%2Ftags&post=20842"}],"curies":[{"name":"wp","href":"https:\/\/api.w.org\/{rel}","templated":true}]}}