{"id":20818,"date":"2025-03-30T10:03:12","date_gmt":"2025-03-30T14:03:12","guid":{"rendered":"https:\/\/noticiasveraces.com\/?p=20818"},"modified":"2025-03-30T10:03:12","modified_gmt":"2025-03-30T14:03:12","slug":"el-funcionario-danes-responde-a-los-comentarios-de-groenlandia-de-vance","status":"publish","type":"post","link":"https:\/\/noticiasveraces.com\/?p=20818","title":{"rendered":"El funcionario dan\u00e9s responde a los comentarios de Groenlandia de Vance"},"content":{"rendered":"<p> \n<\/p>\n<div>\n<p class=\"speakable\">Dinamarca respondi\u00f3 el \u00abtono\u00bb de la administraci\u00f3n Trump con respecto a Groenlandia el viernes, diciendo \u00abNo es as\u00ed como se habla con sus aliados cercanos\u00bb.<\/p>\n<p class=\"speakable\">El ministro de Relaciones Exteriores dan\u00e9s, Lars Lokke Rasmussen, public\u00f3 el mensaje en un video grabado solo unas horas despu\u00e9s de que el vicepresidente JD Vance visit\u00f3 una base militar estadounidense en Groenlandia, donde el vicepresidente critic\u00f3 a Dinamarca.<\/p>\n<p>\u00abTengo un mensaje para nuestros amigos estadounidenses y todos los dem\u00e1s que est\u00e1n escuchando\u00bb, dijo Rasmussen. \u00abSe dice mucho en estos d\u00edas. Muchas acusaciones y muchas acusaciones se han hecho. Y, por supuesto, estamos abiertos a las cr\u00edticas. Pero d\u00e9jenme ser completamente honesto: no apreciamos el tono en el que se est\u00e1 entregando. No es as\u00ed como se habla con sus aliados cercanos. Y todav\u00eda considero que Dinamarca y los Estados Unidos son aliados cercanos\u00bb.<\/p>\n<p>La administraci\u00f3n Trump ha argumentado que Dinamarca no est\u00e1 protegiendo a Groenlandia de la agresi\u00f3n rusa y china, y Vance le dice a los soldados estadounidenses en la base espacial Pituffik de los Estados Unidos en el noroeste de Groenlandia que \u00abDinamarca no ha hecho un buen trabajo en mantener a Groenlandia segura\u00bb.<\/p>\n<p><strong>Dinamarca en la mira de Trump mientras Vance hace un llamamiento ambicioso a Groenlandia<\/strong><\/p>\n<div class=\"image-ct inline\">\n<div class=\"m\"><picture><source media=\"(max-width: 767px)\" srcset=\"https:\/\/a57.foxnews.com\/static.foxnews.com\/foxnews.com\/content\/uploads\/2025\/03\/343\/192\/rasmussen.jpg?ve=1&amp;tl=1, https:\/\/a57.foxnews.com\/static.foxnews.com\/foxnews.com\/content\/uploads\/2025\/03\/686\/384\/rasmussen.jpg?ve=1&amp;tl=1 2x\" height=\"192\" width=\"343\"><source media=\"(min-width: 768px) and (max-width: 1023px)\" srcset=\"https:\/\/a57.foxnews.com\/static.foxnews.com\/foxnews.com\/content\/uploads\/2025\/03\/672\/378\/rasmussen.jpg?ve=1&amp;tl=1, https:\/\/a57.foxnews.com\/static.foxnews.com\/foxnews.com\/content\/uploads\/2025\/03\/1344\/756\/rasmussen.jpg?ve=1&amp;tl=1 2x\" height=\"378\" width=\"672\"><source media=\"(min-width: 1024px) and (max-width: 1279px)\" srcset=\"https:\/\/a57.foxnews.com\/static.foxnews.com\/foxnews.com\/content\/uploads\/2025\/03\/931\/523\/rasmussen.jpg?ve=1&amp;tl=1, https:\/\/a57.foxnews.com\/static.foxnews.com\/foxnews.com\/content\/uploads\/2025\/03\/1862\/1046\/rasmussen.jpg?ve=1&amp;tl=1 2x\" height=\"523\" width=\"931\"><source media=\"(min-width: 1280px)\" srcset=\"https:\/\/a57.foxnews.com\/static.foxnews.com\/foxnews.com\/content\/uploads\/2025\/03\/720\/405\/rasmussen.jpg?ve=1&amp;tl=1, https:\/\/a57.foxnews.com\/static.foxnews.com\/foxnews.com\/content\/uploads\/2025\/03\/1440\/810\/rasmussen.jpg?ve=1&amp;tl=1 2x\" height=\"405\" width=\"720\"><img loading=\"lazy\" decoding=\"async\" src=\"https:\/\/a57.foxnews.com\/static.foxnews.com\/foxnews.com\/content\/uploads\/2025\/03\/1200\/675\/rasmussen.jpg?ve=1&amp;tl=1\" alt=\"Ministro de Relaciones Exteriores de Dinamarca Lars Lokke Rasmussen hablando en la reuni\u00f3n de la ONU\" width=\"1200\" height=\"675\"\/><\/source><\/source><\/source><\/source><\/picture><\/div>\n<div class=\"info\">\n<div class=\"caption\">\n<p><span>El ministro de Relaciones Exteriores dan\u00e9s, Lars Lokke Rasmussen, dice que el \u00abtono\u00bb de la administraci\u00f3n Trump hacia Groenlandia \u00abno es c\u00f3mo se habla con sus aliados cercanos\u00bb.<\/span> <span>(Reuters\/Mike Fresh, archivo)<\/span><\/p>\n<\/div>\n<\/div>\n<\/div>\n<p>\u00abNuestro mensaje a Dinamarca es muy simple: la gente de Groenlandia no ha hecho un buen trabajo\u00bb, dijo Vance. \u00abTe has inundado en la gente de Groenlandia, y has invertido en la arquitectura de seguridad de esta incre\u00edble y hermosa masa de tierra llena de personas incre\u00edbles. Eso tiene que cambiar\u00bb.<\/p>\n<div class=\"image-ct inline\">\n<div class=\"m\"><picture><source media=\"(max-width: 767px)\" srcset=\"https:\/\/a57.foxnews.com\/static.foxnews.com\/foxnews.com\/content\/uploads\/2025\/03\/343\/192\/aa0071b1-vance-greenland.jpg?ve=1&amp;tl=1, https:\/\/a57.foxnews.com\/static.foxnews.com\/foxnews.com\/content\/uploads\/2025\/03\/686\/384\/aa0071b1-vance-greenland.jpg?ve=1&amp;tl=1 2x\" height=\"192\" width=\"343\"><source media=\"(min-width: 768px) and (max-width: 1023px)\" srcset=\"https:\/\/a57.foxnews.com\/static.foxnews.com\/foxnews.com\/content\/uploads\/2025\/03\/672\/378\/aa0071b1-vance-greenland.jpg?ve=1&amp;tl=1, https:\/\/a57.foxnews.com\/static.foxnews.com\/foxnews.com\/content\/uploads\/2025\/03\/1344\/756\/aa0071b1-vance-greenland.jpg?ve=1&amp;tl=1 2x\" height=\"378\" width=\"672\"><source media=\"(min-width: 1024px) and (max-width: 1279px)\" srcset=\"https:\/\/a57.foxnews.com\/static.foxnews.com\/foxnews.com\/content\/uploads\/2025\/03\/931\/523\/aa0071b1-vance-greenland.jpg?ve=1&amp;tl=1, https:\/\/a57.foxnews.com\/static.foxnews.com\/foxnews.com\/content\/uploads\/2025\/03\/1862\/1046\/aa0071b1-vance-greenland.jpg?ve=1&amp;tl=1 2x\" height=\"523\" width=\"931\"><source media=\"(min-width: 1280px)\" srcset=\"https:\/\/a57.foxnews.com\/static.foxnews.com\/foxnews.com\/content\/uploads\/2025\/03\/720\/405\/aa0071b1-vance-greenland.jpg?ve=1&amp;tl=1, https:\/\/a57.foxnews.com\/static.foxnews.com\/foxnews.com\/content\/uploads\/2025\/03\/1440\/810\/aa0071b1-vance-greenland.jpg?ve=1&amp;tl=1 2x\" height=\"405\" width=\"720\"><img loading=\"lazy\" decoding=\"async\" src=\"https:\/\/a57.foxnews.com\/static.foxnews.com\/foxnews.com\/content\/uploads\/2025\/03\/1200\/675\/aa0071b1-vance-greenland.jpg?ve=1&amp;tl=1\" alt=\"Vicepresidente JD Vance saludando en Groenlandia\" width=\"1200\" height=\"675\"\/><\/source><\/source><\/source><\/source><\/picture><\/div>\n<div class=\"info\">\n<div class=\"caption\">\n<p><span>El vicepresidente JD Vance recorri\u00f3 la base espacial Pituffik del ej\u00e9rcito estadounidense en Groenlandia el viernes, donde dijo que \u00abDinamarca no ha hecho un buen trabajo en mantener a Groenland a salvo\u00bb.<\/span> <span>(Jim Watson\/Pool a trav\u00e9s de Reuters)<\/span><\/p>\n<\/div>\n<\/div>\n<\/div>\n<p>Trump ha hecho que sea una misi\u00f3n hacerse cargo de Groenlandia desde Dinamarca en su segunda administraci\u00f3n.<\/p>\n<p>Rasmussen dijo que \u00abrespetamos\u00bb la necesidad de que Estados Unidos tenga una mayor presencia militar en Groenlandia, y cree que se puede hacer \u00abmucho m\u00e1s\u00bb dentro del marco existente del Acuerdo de Defensa de 1951 con los Estados Unidos.<\/p>\n<p>\u00abHagamos uso de eso y lo hagamos juntos\u00bb, dijo el ministro de Relaciones Exteriores.<\/p>\n<p><strong>Estados Unidos acusa a Dinamarca de tratar a Groenlanders como \u00abciudadanos de segunda clase\u00bb durante la visita de Vance a la base del \u00c1rtico<\/strong><\/p>\n<p>Rasmussen se\u00f1al\u00f3 que Vance dijo que tanto Dinamarca como los Estados Unidos han hecho poco en el \u00c1rtico. En su mensaje, Rasmussen dijo que ambos pa\u00edses han estado \u00abcosechando el dividendo de paz\u00bb y actuando seg\u00fan el supuesto de que el \u00c1rtico deber\u00eda ser \u00abun \u00e1rea de bajo cambio\u00bb.<\/p>\n<p>\u00abPero ese tiempo ha terminado\u00bb, dijo. \u00abEl status quo no es una opci\u00f3n. Y es por eso que tambi\u00e9n hemos intentado\u00bb.<\/p>\n<p>Rasmussen detall\u00f3 c\u00f3mo Copenhague invirti\u00f3 mil millones de d\u00f3lares en seguridad del \u00c1rtico hace unas semanas para proporcionar m\u00e1s drones, barcos y personal en el \u00e1rea. <\/p>\n<p>El ministro de Relaciones Exteriores tambi\u00e9n se\u00f1al\u00f3 que Groenlandia es parte de la OTAN y dio la bienvenida a todos los aliados para que desempe\u00f1en \u00abun papel m\u00e1s importante en el \u00c1rtico\u00bb, aunque Copenhague dar\u00eda un paso adelante para hacer su parte.<\/p>\n<p><strong><u>Haga clic para obtener la aplicaci\u00f3n Fox News<\/u><\/strong><\/p>\n<p>\u00abAsumiremos nuestra parte de la responsabilidad. Nadie deber\u00eda dudar de eso\u00bb, dijo Rasmussen.<\/p>\n<p><i>Caitlin McFall y Morgan Phillips de Fox News Digital contribuyeron a este informe.<\/i><\/p>\n<p> <!----> <\/div>\n\n","protected":false},"excerpt":{"rendered":"<p>Dinamarca respondi\u00f3 el \u00abtono\u00bb de la administraci\u00f3n Trump con respecto a Groenlandia el viernes, diciendo \u00abNo es as\u00ed como se habla con sus aliados cercanos\u00bb. El ministro de Relaciones Exteriores dan\u00e9s, Lars Lokke Rasmussen, public\u00f3 el mensaje en un video grabado solo unas horas despu\u00e9s de que el vicepresidente JD Vance visit\u00f3 una base militar &hellip;<\/p>\n","protected":false},"author":1,"featured_media":20820,"comment_status":"open","ping_status":"open","sticky":false,"template":"","format":"standard","meta":{"fifu_image_url":"https:\/\/static.foxnews.com\/foxnews.com\/content\/uploads\/2025\/03\/rasmussen-vance-split.jpg","fifu_image_alt":"","footnotes":""},"categories":[13],"tags":[],"class_list":["post-20818","post","type-post","status-publish","format-standard","has-post-thumbnail","","category-mundo"],"_links":{"self":[{"href":"https:\/\/noticiasveraces.com\/index.php?rest_route=\/wp\/v2\/posts\/20818","targetHints":{"allow":["GET"]}}],"collection":[{"href":"https:\/\/noticiasveraces.com\/index.php?rest_route=\/wp\/v2\/posts"}],"about":[{"href":"https:\/\/noticiasveraces.com\/index.php?rest_route=\/wp\/v2\/types\/post"}],"author":[{"embeddable":true,"href":"https:\/\/noticiasveraces.com\/index.php?rest_route=\/wp\/v2\/users\/1"}],"replies":[{"embeddable":true,"href":"https:\/\/noticiasveraces.com\/index.php?rest_route=%2Fwp%2Fv2%2Fcomments&post=20818"}],"version-history":[{"count":0,"href":"https:\/\/noticiasveraces.com\/index.php?rest_route=\/wp\/v2\/posts\/20818\/revisions"}],"wp:featuredmedia":[{"embeddable":true,"href":"https:\/\/noticiasveraces.com\/index.php?rest_route=\/wp\/v2\/media\/20820"}],"wp:attachment":[{"href":"https:\/\/noticiasveraces.com\/index.php?rest_route=%2Fwp%2Fv2%2Fmedia&parent=20818"}],"wp:term":[{"taxonomy":"category","embeddable":true,"href":"https:\/\/noticiasveraces.com\/index.php?rest_route=%2Fwp%2Fv2%2Fcategories&post=20818"},{"taxonomy":"post_tag","embeddable":true,"href":"https:\/\/noticiasveraces.com\/index.php?rest_route=%2Fwp%2Fv2%2Ftags&post=20818"}],"curies":[{"name":"wp","href":"https:\/\/api.w.org\/{rel}","templated":true}]}}