{"id":20815,"date":"2025-03-30T09:01:09","date_gmt":"2025-03-30T13:01:09","guid":{"rendered":"https:\/\/noticiasveraces.com\/?p=20815"},"modified":"2025-03-30T09:01:09","modified_gmt":"2025-03-30T13:01:09","slug":"el-ataque-con-drones-a-ucrania-muestra-una-nueva-ofensiva-rusa","status":"publish","type":"post","link":"https:\/\/noticiasveraces.com\/?p=20815","title":{"rendered":"El ataque con drones a Ucrania muestra una nueva ofensiva rusa"},"content":{"rendered":"<p> \n<\/p>\n<div>\n<p class=\"speakable\">Dos personas murieron y otras 35 resultaron heridas despu\u00e9s de que un ataque de drones ruso golpe\u00f3 un hospital militar y un centro comercial en Ucrania el s\u00e1bado por la noche, dicen funcionarios ucranianos.<\/p>\n<p class=\"speakable\">El gobernador regional Oleh Syniehubov conden\u00f3 el ataque a Jharkiv en un comunicado el domingo, diciendo que un hombre de 67 a\u00f1os y una mujer de 70 a\u00f1os fueron asesinadas. El ataque se produce cuando la agresi\u00f3n de Rusia en Ucrania no muestra signos de detenerse a pesar de los esfuerzos de la administraci\u00f3n del presidente Donald Trump para acelerar las conversaciones de paz.<\/p>\n<p>Ucrania dice que muchas de las v\u00edctimas eran militares en tratamiento en el hospital militar.<\/p>\n<p>La Fuerza A\u00e9rea de Ucrania dice que el ataque consisti\u00f3 en 111 drones rusos, 65 de los cuales fueron derribados y otros 35 de los cuales fueron discapacitados electr\u00f3nicamente o fracasaron por su propia cuenta.<\/p>\n<div class=\"image-ct inline\">\n<div class=\"m\"><picture><source media=\"(max-width: 767px)\" srcset=\"https:\/\/a57.foxnews.com\/static.foxnews.com\/foxnews.com\/content\/uploads\/2025\/03\/343\/192\/gettyimages-2207075409.jpg?ve=1&amp;tl=1, https:\/\/a57.foxnews.com\/static.foxnews.com\/foxnews.com\/content\/uploads\/2025\/03\/686\/384\/gettyimages-2207075409.jpg?ve=1&amp;tl=1 2x\" height=\"192\" width=\"343\"><source media=\"(min-width: 768px) and (max-width: 1023px)\" srcset=\"https:\/\/a57.foxnews.com\/static.foxnews.com\/foxnews.com\/content\/uploads\/2025\/03\/672\/378\/gettyimages-2207075409.jpg?ve=1&amp;tl=1, https:\/\/a57.foxnews.com\/static.foxnews.com\/foxnews.com\/content\/uploads\/2025\/03\/1344\/756\/gettyimages-2207075409.jpg?ve=1&amp;tl=1 2x\" height=\"378\" width=\"672\"><source media=\"(min-width: 1024px) and (max-width: 1279px)\" srcset=\"https:\/\/a57.foxnews.com\/static.foxnews.com\/foxnews.com\/content\/uploads\/2025\/03\/931\/523\/gettyimages-2207075409.jpg?ve=1&amp;tl=1, https:\/\/a57.foxnews.com\/static.foxnews.com\/foxnews.com\/content\/uploads\/2025\/03\/1862\/1046\/gettyimages-2207075409.jpg?ve=1&amp;tl=1 2x\" height=\"523\" width=\"931\"><source media=\"(min-width: 1280px)\" srcset=\"https:\/\/a57.foxnews.com\/static.foxnews.com\/foxnews.com\/content\/uploads\/2025\/03\/720\/405\/gettyimages-2207075409.jpg?ve=1&amp;tl=1, https:\/\/a57.foxnews.com\/static.foxnews.com\/foxnews.com\/content\/uploads\/2025\/03\/1440\/810\/gettyimages-2207075409.jpg?ve=1&amp;tl=1 2x\" height=\"405\" width=\"720\"><img loading=\"lazy\" decoding=\"async\" src=\"https:\/\/a57.foxnews.com\/static.foxnews.com\/foxnews.com\/content\/uploads\/2025\/03\/1200\/675\/gettyimages-2207075409.jpg?ve=1&amp;tl=1\" alt=\"Kharkiv, Ucrania - 29 de marzo: un autom\u00f3vil, destruido por un dron ruso, en el centro de Jharkiv, Ucrania, el 29 de marzo de 2025. Dos personas fueron asesinadas en un ataque masivo contra la ciudad por la noche. (Foto de Sofiia Bobok\/Anadolu a trav\u00e9s de Getty Images)\" width=\"1200\" height=\"675\"\/><\/source><\/source><\/source><\/source><\/picture><\/div>\n<div class=\"info\">\n<div class=\"caption\">\n<p><span>Un autom\u00f3vil, destruido por un dron ruso, en el centro de Jharkiv, Ucrania, el 29 de marzo de 2025. Dos personas murieron en un ataque masivo contra la ciudad por la noche.<\/span> <span>(Foto de Sofiia Bobok\/Anadolu a trav\u00e9s de Getty Images)<\/span><\/p>\n<\/div>\n<\/div>\n<\/div>\n<p>El presidente ucraniano, Volodymyr Zelenskyy, predijo a fines de la semana pasada que las fuerzas rusas aumentar\u00edan sus ataques en las pr\u00f3ximas semanas en un esfuerzo por reforzar su posici\u00f3n de negociaci\u00f3n para las conversaciones de paz.<\/p>\n<p>\u00abEst\u00e1n arrastrando las conversaciones e intentan atrapar a los Estados Unidos en discusiones interminables e in\u00fatiles sobre &#8216;condiciones&#8217; falsas solo para comprar tiempo y luego tratar de tomar m\u00e1s tierras\u00bb, dijo Zelenskyy en una visita del jueves a Par\u00eds.<\/p>\n<div class=\"image-ct inline\">\n<div class=\"m\"><picture><source media=\"(max-width: 767px)\" srcset=\"https:\/\/a57.foxnews.com\/static.foxnews.com\/foxnews.com\/content\/uploads\/2024\/12\/343\/192\/zelenskyy.jpg?ve=1&amp;tl=1, https:\/\/a57.foxnews.com\/static.foxnews.com\/foxnews.com\/content\/uploads\/2024\/12\/686\/384\/zelenskyy.jpg?ve=1&amp;tl=1 2x\" height=\"192\" width=\"343\"><source media=\"(min-width: 768px) and (max-width: 1023px)\" srcset=\"https:\/\/a57.foxnews.com\/static.foxnews.com\/foxnews.com\/content\/uploads\/2024\/12\/672\/378\/zelenskyy.jpg?ve=1&amp;tl=1, https:\/\/a57.foxnews.com\/static.foxnews.com\/foxnews.com\/content\/uploads\/2024\/12\/1344\/756\/zelenskyy.jpg?ve=1&amp;tl=1 2x\" height=\"378\" width=\"672\"><source media=\"(min-width: 1024px) and (max-width: 1279px)\" srcset=\"https:\/\/a57.foxnews.com\/static.foxnews.com\/foxnews.com\/content\/uploads\/2024\/12\/931\/523\/zelenskyy.jpg?ve=1&amp;tl=1, https:\/\/a57.foxnews.com\/static.foxnews.com\/foxnews.com\/content\/uploads\/2024\/12\/1862\/1046\/zelenskyy.jpg?ve=1&amp;tl=1 2x\" height=\"523\" width=\"931\"><source media=\"(min-width: 1280px)\" srcset=\"https:\/\/a57.foxnews.com\/static.foxnews.com\/foxnews.com\/content\/uploads\/2024\/12\/720\/405\/zelenskyy.jpg?ve=1&amp;tl=1, https:\/\/a57.foxnews.com\/static.foxnews.com\/foxnews.com\/content\/uploads\/2024\/12\/1440\/810\/zelenskyy.jpg?ve=1&amp;tl=1 2x\" height=\"405\" width=\"720\"><img loading=\"lazy\" decoding=\"async\" src=\"https:\/\/a57.foxnews.com\/static.foxnews.com\/foxnews.com\/content\/uploads\/2024\/12\/1200\/675\/zelenskyy.jpg?ve=1&amp;tl=1\" alt=\"Presidente ucraniano Volodymyr Zelenksyy\" width=\"1200\" height=\"675\"\/><\/source><\/source><\/source><\/source><\/picture><\/div>\n<div class=\"info\">\n<div class=\"caption\">\n<p><span>Zelenskyy dice que Rusia est\u00e1 impulsando su ofensiva antes de las conversaciones de paz.<\/span> <span>(Imagen Pier Marco Water\/Getty)<\/span><\/p>\n<\/div>\n<\/div>\n<\/div>\n<p>El ataque del s\u00e1bado por la noche se produjo despu\u00e9s de que cuatro personas murieron y 24 resultaron heridas el viernes por la noche despu\u00e9s de que los drones rusos golpearon a Dnipro en el este del pa\u00eds, seg\u00fan el gobernador regional Serhii Lysak y el servicio de emergencia de Ucrania. Al menos ocho personas m\u00e1s resultaron heridas cuando un misil bal\u00edstico ruso golpe\u00f3 a Kryvyi Rih, la ciudad natal de Zelenskyy, inform\u00f3 el gobernador Lysak.<\/p>\n<p>El presidente ruso Vladimir Putin elogi\u00f3 la \u00abiniciativa estrat\u00e9gica\u00bb de sus fuerzas el jueves.<\/p>\n<p>\u00abNuestras tropas, nuestros muchachos est\u00e1n avanzando y liberando un territorio tras otro, un asentamiento tras otro, todos los d\u00edas\u00bb, dijo en un foro p\u00fablico.<\/p>\n<div class=\"image-ct inline\">\n<div class=\"m\"><picture><source media=\"(max-width: 767px)\" srcset=\"https:\/\/a57.foxnews.com\/static.foxnews.com\/foxnews.com\/content\/uploads\/2025\/03\/343\/192\/putin.jpg?ve=1&amp;tl=1, https:\/\/a57.foxnews.com\/static.foxnews.com\/foxnews.com\/content\/uploads\/2025\/03\/686\/384\/putin.jpg?ve=1&amp;tl=1 2x\" height=\"192\" width=\"343\"><source media=\"(min-width: 768px) and (max-width: 1023px)\" srcset=\"https:\/\/a57.foxnews.com\/static.foxnews.com\/foxnews.com\/content\/uploads\/2025\/03\/672\/378\/putin.jpg?ve=1&amp;tl=1, https:\/\/a57.foxnews.com\/static.foxnews.com\/foxnews.com\/content\/uploads\/2025\/03\/1344\/756\/putin.jpg?ve=1&amp;tl=1 2x\" height=\"378\" width=\"672\"><source media=\"(min-width: 1024px) and (max-width: 1279px)\" srcset=\"https:\/\/a57.foxnews.com\/static.foxnews.com\/foxnews.com\/content\/uploads\/2025\/03\/931\/523\/putin.jpg?ve=1&amp;tl=1, https:\/\/a57.foxnews.com\/static.foxnews.com\/foxnews.com\/content\/uploads\/2025\/03\/1862\/1046\/putin.jpg?ve=1&amp;tl=1 2x\" height=\"523\" width=\"931\"><source media=\"(min-width: 1280px)\" srcset=\"https:\/\/a57.foxnews.com\/static.foxnews.com\/foxnews.com\/content\/uploads\/2025\/03\/720\/405\/putin.jpg?ve=1&amp;tl=1, https:\/\/a57.foxnews.com\/static.foxnews.com\/foxnews.com\/content\/uploads\/2025\/03\/1440\/810\/putin.jpg?ve=1&amp;tl=1 2x\" height=\"405\" width=\"720\"><img loading=\"lazy\" decoding=\"async\" src=\"https:\/\/a57.foxnews.com\/static.foxnews.com\/foxnews.com\/content\/uploads\/2025\/03\/1200\/675\/putin.jpg?ve=1&amp;tl=1\" alt=\"Putin artic\" width=\"1200\" height=\"675\"\/><\/source><\/source><\/source><\/source><\/picture><\/div>\n<div class=\"info\">\n<div class=\"caption\">\n<p><span>Putin elogi\u00f3 la \u00abiniciativa estrat\u00e9gica\u00bb de sus tropas durante un foro p\u00fablico la semana pasada.<\/span> <span>(Foto de Gavriil Grigorov\/Pool\/AFP a trav\u00e9s de Getty Images)<\/span><\/p>\n<\/div>\n<\/div>\n<\/div>\n<p>Zelenskyy suplic\u00f3 a la administraci\u00f3n de Trump que no cediera a las demandas de Putin en la mesa de negociaciones.<\/p>\n<p><strong><u>Haga clic aqu\u00ed para obtener la aplicaci\u00f3n Fox News<\/u><\/strong><\/p>\n<p>El jueves, Zelenskyy se reuni\u00f3 con el presidente franc\u00e9s Emmanuel Macron antes de una cumbre en Par\u00eds de unas 30 naciones sobre c\u00f3mo fortalecer la mano de Kiev y sus militares, ya que empuja el alto el fuego con Rusia. Tambi\u00e9n se est\u00e1n discutiendo propuestas para desplegar tropas europeas en el pa\u00eds en conjunto con cualquier acuerdo de paz.<\/p>\n<p><i>Michael Dorgan y The Associated Press contribuyeron a este informe.<\/i><\/p>\n<p> <!----> <\/p>\n<div class=\"article-meta\">\n<div class=\"author-bio\">\n<p>Anders Hagstrom es un reportero de Fox News Digital que cubre la pol\u00edtica nacional y los principales eventos de noticias de \u00faltima hora. Env\u00ede consejos a Anders.hagstrom@fox.com, o en Twitter: @hagstrom_anders.<\/p>\n<\/div>\n<\/div>\n<\/div>\n\n","protected":false},"excerpt":{"rendered":"<p>Dos personas murieron y otras 35 resultaron heridas despu\u00e9s de que un ataque de drones ruso golpe\u00f3 un hospital militar y un centro comercial en Ucrania el s\u00e1bado por la noche, dicen funcionarios ucranianos. El gobernador regional Oleh Syniehubov conden\u00f3 el ataque a Jharkiv en un comunicado el domingo, diciendo que un hombre de 67 &hellip;<\/p>\n","protected":false},"author":1,"featured_media":20817,"comment_status":"open","ping_status":"open","sticky":false,"template":"","format":"standard","meta":{"fifu_image_url":"https:\/\/static.foxnews.com\/foxnews.com\/content\/uploads\/2025\/03\/gettyimages-2207075409.jpg","fifu_image_alt":"","footnotes":""},"categories":[13],"tags":[],"class_list":["post-20815","post","type-post","status-publish","format-standard","has-post-thumbnail","","category-mundo"],"_links":{"self":[{"href":"https:\/\/noticiasveraces.com\/index.php?rest_route=\/wp\/v2\/posts\/20815","targetHints":{"allow":["GET"]}}],"collection":[{"href":"https:\/\/noticiasveraces.com\/index.php?rest_route=\/wp\/v2\/posts"}],"about":[{"href":"https:\/\/noticiasveraces.com\/index.php?rest_route=\/wp\/v2\/types\/post"}],"author":[{"embeddable":true,"href":"https:\/\/noticiasveraces.com\/index.php?rest_route=\/wp\/v2\/users\/1"}],"replies":[{"embeddable":true,"href":"https:\/\/noticiasveraces.com\/index.php?rest_route=%2Fwp%2Fv2%2Fcomments&post=20815"}],"version-history":[{"count":0,"href":"https:\/\/noticiasveraces.com\/index.php?rest_route=\/wp\/v2\/posts\/20815\/revisions"}],"wp:featuredmedia":[{"embeddable":true,"href":"https:\/\/noticiasveraces.com\/index.php?rest_route=\/wp\/v2\/media\/20817"}],"wp:attachment":[{"href":"https:\/\/noticiasveraces.com\/index.php?rest_route=%2Fwp%2Fv2%2Fmedia&parent=20815"}],"wp:term":[{"taxonomy":"category","embeddable":true,"href":"https:\/\/noticiasveraces.com\/index.php?rest_route=%2Fwp%2Fv2%2Fcategories&post=20815"},{"taxonomy":"post_tag","embeddable":true,"href":"https:\/\/noticiasveraces.com\/index.php?rest_route=%2Fwp%2Fv2%2Ftags&post=20815"}],"curies":[{"name":"wp","href":"https:\/\/api.w.org\/{rel}","templated":true}]}}