{"id":20813,"date":"2025-03-30T08:00:14","date_gmt":"2025-03-30T12:00:14","guid":{"rendered":"https:\/\/noticiasveraces.com\/?p=20813"},"modified":"2025-03-30T08:00:14","modified_gmt":"2025-03-30T12:00:14","slug":"lider-paramilitar-sudanes-reconoce-la-retirada-en-jartum-dw-30-03-2025","status":"publish","type":"post","link":"https:\/\/noticiasveraces.com\/?p=20813","title":{"rendered":"L\u00edder paramilitar sudan\u00e9s reconoce la retirada en Jartum \u2013 DW \u2013 30\/03\/2025"},"content":{"rendered":"<p> \n<\/p>\n<div>\n<p>El l\u00edder del grupo paramilitar Fuerzas de Apoyo R\u00e1pido (FAR), Mohamed Hamdan Dagalo, alias Hemedti, reconoci\u00f3 este domingo (30.03.2025) que han \u00abdejado\u00bb Jartum, la capital de Sud\u00e1n, ahora controlada por el Ej\u00e9rcito sudan\u00e9s, pero prometi\u00f3 que regresar\u00e1n y cerr\u00f3 la puerta a negociaciones. \u00abLa guerra no ha terminado\u00bb, insisti\u00f3.<\/p>\n<p>\u00abLes aseguramos que hemos abandonado Jartum pero, por la voluntad de Dios, volveremos. Volveremos m\u00e1s fuertes, m\u00e1s poderosos y victoriosos, si Dios quiere\u00bb, indic\u00f3 Hemedti en un mensaje de voz publicado en redes sociales. En ese clip de audio, que dura unos 4 minutos y publicado con motivo de la fiesta del A\u00edd al Fitr (que pone fin al mes sagrado musulm\u00e1n de ramad\u00e1n), afirm\u00f3 que \u00aben estos \u00faltimos d\u00edas, hubo un repliegue estrat\u00e9gico\u00bb de sus fuerzas, \u00abuna decisi\u00f3n t\u00e1ctica tomada por el liderazgo y el comando de operaciones, una decisi\u00f3n colectiva\u00bb.<\/p>\n<p>Se trata de las primeras palabras de Hemedti despu\u00e9s de que el pasado mi\u00e9rcoles, el l\u00edder militar sudan\u00e9s, Abdelfatah al Burhan, declarara Jartum \u00ablibre\u00bb de la manos de los paramilitares, que ocupaban la capital sudanesa desde pr\u00e1cticamente el inicio de la guerra entre las partes beligerantes, el 15 de abril de 2023.<\/p>\n<p>Sud\u00e1n, un empobrecido pa\u00eds del este de \u00c1frica, lleva en guerra desde entonces, cuando fracasaron\u00a0las negociaciones entre las FAR y el Ej\u00e9rcito para integrar a los paramilitares en la instituci\u00f3n castrense. Tras casi dos a\u00f1os de guerra, decenas de miles de personas han muerto y m\u00e1s de 12 millones se han visto desplazados en medio de una grave crisis humanitaria, seg\u00fan la ONU. Despu\u00e9s de un a\u00f1o y medio acumulando derrotas, el ej\u00e9rcito del general Abdel Fatah al Burhan empez\u00f3 a finales de 2024 a recuperar terreno por el centro del pa\u00eds hacia Jartum.<\/p>\n<p>LGC (EFE, AFP, RTR)<\/p>\n<\/div>\n\n","protected":false},"excerpt":{"rendered":"<p>El l\u00edder del grupo paramilitar Fuerzas de Apoyo R\u00e1pido (FAR), Mohamed Hamdan Dagalo, alias Hemedti, reconoci\u00f3 este domingo (30.03.2025) que han \u00abdejado\u00bb Jartum, la capital de Sud\u00e1n, ahora controlada por el Ej\u00e9rcito sudan\u00e9s, pero prometi\u00f3 que regresar\u00e1n y cerr\u00f3 la puerta a negociaciones. \u00abLa guerra no ha terminado\u00bb, insisti\u00f3. \u00abLes aseguramos que hemos abandonado Jartum &hellip;<\/p>\n","protected":false},"author":1,"featured_media":20814,"comment_status":"open","ping_status":"open","sticky":false,"template":"","format":"standard","meta":{"fifu_image_url":"https:\/\/static.dw.com\/image\/65385160_6.jpg","fifu_image_alt":"","footnotes":""},"categories":[13],"tags":[],"class_list":["post-20813","post","type-post","status-publish","format-standard","has-post-thumbnail","","category-mundo"],"_links":{"self":[{"href":"https:\/\/noticiasveraces.com\/index.php?rest_route=\/wp\/v2\/posts\/20813","targetHints":{"allow":["GET"]}}],"collection":[{"href":"https:\/\/noticiasveraces.com\/index.php?rest_route=\/wp\/v2\/posts"}],"about":[{"href":"https:\/\/noticiasveraces.com\/index.php?rest_route=\/wp\/v2\/types\/post"}],"author":[{"embeddable":true,"href":"https:\/\/noticiasveraces.com\/index.php?rest_route=\/wp\/v2\/users\/1"}],"replies":[{"embeddable":true,"href":"https:\/\/noticiasveraces.com\/index.php?rest_route=%2Fwp%2Fv2%2Fcomments&post=20813"}],"version-history":[{"count":0,"href":"https:\/\/noticiasveraces.com\/index.php?rest_route=\/wp\/v2\/posts\/20813\/revisions"}],"wp:featuredmedia":[{"embeddable":true,"href":"https:\/\/noticiasveraces.com\/index.php?rest_route=\/wp\/v2\/media\/20814"}],"wp:attachment":[{"href":"https:\/\/noticiasveraces.com\/index.php?rest_route=%2Fwp%2Fv2%2Fmedia&parent=20813"}],"wp:term":[{"taxonomy":"category","embeddable":true,"href":"https:\/\/noticiasveraces.com\/index.php?rest_route=%2Fwp%2Fv2%2Fcategories&post=20813"},{"taxonomy":"post_tag","embeddable":true,"href":"https:\/\/noticiasveraces.com\/index.php?rest_route=%2Fwp%2Fv2%2Ftags&post=20813"}],"curies":[{"name":"wp","href":"https:\/\/api.w.org\/{rel}","templated":true}]}}