{"id":20810,"date":"2025-03-30T07:28:23","date_gmt":"2025-03-30T11:28:23","guid":{"rendered":"https:\/\/noticiasveraces.com\/?p=20810"},"modified":"2025-03-30T07:28:23","modified_gmt":"2025-03-30T11:28:23","slug":"asi-es-juan-fernando-quintero-hermano-revela-detalles-y-cuenta-que-es-tranquilo-y-no-le-gusta-salir-curiosidades-de-futbol","status":"publish","type":"post","link":"https:\/\/noticiasveraces.com\/?p=20810","title":{"rendered":"As\u00ed es Juan Fernando Quintero: hermano revela detalles y cuenta que es tranquilo y no le gusta salir | Curiosidades de f\u00fatbol"},"content":{"rendered":"<p> \n<br \/><img decoding=\"async\" src=\"https:\/\/www.futbolred.com\/files\/article_graphic\/uploads\/2025\/03\/26\/67e4a69c9d1f4.jpeg\" \/><\/p>\n<div id=\"cuerpoArticulo\">\n<p class=\"texto intro\" id=\"p240304-m625-624-626\">Uno de los jugadores que brilla en el f\u00fatbol colombiano, es Juan Fernando Quintero, quien actualmente viste la camiseta del Am\u00e9rica de Cali. <\/p>\n<p>El mediocampista estuvo presente en la convocatoria de N\u00e9stor Lorenzo para los duelos de Eliminatorias y aunque no sum\u00f3 minutos, su nombre hizo eco ante la ausencia. <\/p>\n<p>Juanfer se destaca en las canchas, pero tambi\u00e9n, en el \u00e1mbito familiar, pues es padre, esposo hijo y hermano. <\/p>\n<p class=\"texto contenido-parrafo-articulo\" id=\"p240304-m688-3-689\">Precisamente, Mateo Gonz\u00e1lez Paniagua, es el hermano del antioque\u00f1o y en di\u00e1logo con Gol Caracol, dio detalles de su vida personal. <\/p>\n<p>\u00abJuanfer es una persona muy tranquila, que se levanta a entrenar y del entreno a la casa, es una persona que siempre dice que no le gusta salir\u00bb, indic\u00f3. <\/p>\n<p>As\u00ed mismo, resalt\u00f3 algunas actividades que practica en sus tiempos libres. \u00abLe gusta jugar domin\u00f3, parqu\u00e9s, siempre es en casa y cuid\u00e1ndose, aliment\u00e1ndose bien para entrenar, es muy centrado\u201d, a\u00f1adi\u00f3. <\/p>\n<p>Al ser cuestionado sobre la importancia de la Selecci\u00f3n Colombia para Quintero, su hermano afirm\u00f3 que: \u00ab\u00c9l se siente muy orgulloso y creo que muchos futbolistas trabajan para ser llamados a la Selecci\u00f3n, ac\u00e1 est\u00e1n los mejores jugadores de Colombia, a \u00e9l lo motiva mucho eso, lleva como 13 a\u00f1os si no estoy mal, entonces nunca se le pierde esa alegr\u00eda y honor de representar a los colombianos, la camiseta de la Selecci\u00f3n es todo para Juanfer\u201d. <\/p>\n<p>Adem\u00e1s, tambi\u00e9n enfatiz\u00f3 sobre tenerlo de nuevo en el f\u00fatbol profesional colombiano. \u201cEs muy bonito porque entiendes, est\u00e1 en Cali y est\u00e1 cerca a Medell\u00edn, uno puede verlo y volver a Medell\u00edn. Es lindo verlo con la camiseta del Am\u00e9rica y est\u00e1 feliz, siempre es una bendici\u00f3n que reciban con ese amor a mi hermano\u201d, expres\u00f3 en charla con el medio anteriormente citado. <\/p>\n<\/p><\/div>\n\n","protected":false},"excerpt":{"rendered":"<p>Uno de los jugadores que brilla en el f\u00fatbol colombiano, es Juan Fernando Quintero, quien actualmente viste la camiseta del Am\u00e9rica de Cali. El mediocampista estuvo presente en la convocatoria de N\u00e9stor Lorenzo para los duelos de Eliminatorias y aunque no sum\u00f3 minutos, su nombre hizo eco ante la ausencia. Juanfer se destaca en las &hellip;<\/p>\n","protected":false},"author":1,"featured_media":20812,"comment_status":"open","ping_status":"open","sticky":false,"template":"","format":"standard","meta":{"fifu_image_url":"https:\/\/www.futbolred.com\/files\/og_thumbnail\/uploads\/2025\/03\/26\/67e4a69c9d1f4.jpeg","fifu_image_alt":"","footnotes":""},"categories":[6],"tags":[],"class_list":["post-20810","post","type-post","status-publish","format-standard","has-post-thumbnail","","category-deportes"],"_links":{"self":[{"href":"https:\/\/noticiasveraces.com\/index.php?rest_route=\/wp\/v2\/posts\/20810","targetHints":{"allow":["GET"]}}],"collection":[{"href":"https:\/\/noticiasveraces.com\/index.php?rest_route=\/wp\/v2\/posts"}],"about":[{"href":"https:\/\/noticiasveraces.com\/index.php?rest_route=\/wp\/v2\/types\/post"}],"author":[{"embeddable":true,"href":"https:\/\/noticiasveraces.com\/index.php?rest_route=\/wp\/v2\/users\/1"}],"replies":[{"embeddable":true,"href":"https:\/\/noticiasveraces.com\/index.php?rest_route=%2Fwp%2Fv2%2Fcomments&post=20810"}],"version-history":[{"count":0,"href":"https:\/\/noticiasveraces.com\/index.php?rest_route=\/wp\/v2\/posts\/20810\/revisions"}],"wp:featuredmedia":[{"embeddable":true,"href":"https:\/\/noticiasveraces.com\/index.php?rest_route=\/wp\/v2\/media\/20812"}],"wp:attachment":[{"href":"https:\/\/noticiasveraces.com\/index.php?rest_route=%2Fwp%2Fv2%2Fmedia&parent=20810"}],"wp:term":[{"taxonomy":"category","embeddable":true,"href":"https:\/\/noticiasveraces.com\/index.php?rest_route=%2Fwp%2Fv2%2Fcategories&post=20810"},{"taxonomy":"post_tag","embeddable":true,"href":"https:\/\/noticiasveraces.com\/index.php?rest_route=%2Fwp%2Fv2%2Ftags&post=20810"}],"curies":[{"name":"wp","href":"https:\/\/api.w.org\/{rel}","templated":true}]}}