{"id":20806,"date":"2025-03-30T06:58:52","date_gmt":"2025-03-30T10:58:52","guid":{"rendered":"https:\/\/noticiasveraces.com\/?p=20806"},"modified":"2025-03-30T06:58:52","modified_gmt":"2025-03-30T10:58:52","slug":"netanyahu-viajara-a-hungria-pese-a-orden-de-arresto-del-cpi-dw-30-03-2025","status":"publish","type":"post","link":"https:\/\/noticiasveraces.com\/?p=20806","title":{"rendered":"Netanyahu viajar\u00e1 a Hungr\u00eda pese a orden de arresto del CPI \u2013 DW \u2013 30\/03\/2025"},"content":{"rendered":"<p> \n<\/p>\n<div>\n<p>El primer ministro israel\u00ed viajar\u00e1 a Hungr\u00eda esta semana, anunci\u00f3 su oficina el domingo (30.03.2025), pese a la orden de arresto de la Corte Penal Internacional (CPI) por posibles cr\u00edmenes de guerra y de lesa humanidad en Gaza. \u00abEl mi\u00e9rcoles 2 de abril de 2025, el primer ministro, Benjam\u00edn Netanyahu, visitar\u00e1 Hungr\u00eda, donde se reunir\u00e1, entre otras cosas, con el primer ministro de Hungr\u00eda, Viktor Orb\u00e1n\u00bb, dijo la oficina del mandatario israel\u00ed en un escueto comunicado. Regresar\u00e1 a Israel el 6 de abril.<\/p>\n<p>El anuncio se produce poco despu\u00e9s de que Israel acogiera en Jerusal\u00e9n una pol\u00e9mica conferencia internacional contra el antisemitismo con numerosos asistentes de la extrema derecha europea, entre ellos Kinga Gal, eurodiputada del Fidezs, el partido de Orb\u00e1n.<\/p>\n<h2>Invitado desde que se emiti\u00f3 la orden de la CPI<\/h2>\n<p>LaCPI emiti\u00f3 \u00f3rdenes de arresto contra Netanyahu y su entonces ministro de Defensa, Yoav Gallant, por supuestos cr\u00edmenes contra la humanidad y cr\u00edmenes de guerra en el conflicto de Israel contra Ham\u00e1s en Gaza, desatado tras el ataque del movimiento islamista palestino, considerado una organizaci\u00f3n terrorista, en territorio israel\u00ed el 7 de octubre de 2023.<\/p>\n<p>El dirigente h\u00fangaro conden\u00f3 duramente entonces la decisi\u00f3n de la corte y la tach\u00f3 de \u00abvergonzosa\u00bb. \u00abNo hay otra alternativa que oponerse a esta decisi\u00f3n. Hoy mismo invitar\u00e9 al primer ministro israel\u00ed a visitar Hungr\u00eda\u00bb, dijo entonces el l\u00edder derechista h\u00fangaro, asegurando que la orden de arresto no tendr\u00eda ning\u00fan efecto en su pa\u00eds.<\/p>\n<p>Hungr\u00eda firm\u00f3 el Estatuto de Roma, el tratado internacional con el que se cre\u00f3 la CPI, en 1999 y lo ratific\u00f3 dos a\u00f1os despu\u00e9s, durante el primer mandato de Orb\u00e1n. Pero Budapest nunca promulg\u00f3 la convenci\u00f3n asociada al Estatuto de Roma, por razones de conformidad con su Constituci\u00f3n. Por ello, afirma que no est\u00e1 obligada a cumplir las decisiones de la CPI.<\/p>\n<p>LGC (AFP, EFE)<\/p>\n<\/div>\n\n","protected":false},"excerpt":{"rendered":"<p>El primer ministro israel\u00ed viajar\u00e1 a Hungr\u00eda esta semana, anunci\u00f3 su oficina el domingo (30.03.2025), pese a la orden de arresto de la Corte Penal Internacional (CPI) por posibles cr\u00edmenes de guerra y de lesa humanidad en Gaza. \u00abEl mi\u00e9rcoles 2 de abril de 2025, el primer ministro, Benjam\u00edn Netanyahu, visitar\u00e1 Hungr\u00eda, donde se reunir\u00e1, &hellip;<\/p>\n","protected":false},"author":1,"featured_media":20807,"comment_status":"open","ping_status":"open","sticky":false,"template":"","format":"standard","meta":{"fifu_image_url":"https:\/\/static.dw.com\/image\/71959154_6.jpg","fifu_image_alt":"","footnotes":""},"categories":[13],"tags":[],"class_list":["post-20806","post","type-post","status-publish","format-standard","has-post-thumbnail","","category-mundo"],"_links":{"self":[{"href":"https:\/\/noticiasveraces.com\/index.php?rest_route=\/wp\/v2\/posts\/20806","targetHints":{"allow":["GET"]}}],"collection":[{"href":"https:\/\/noticiasveraces.com\/index.php?rest_route=\/wp\/v2\/posts"}],"about":[{"href":"https:\/\/noticiasveraces.com\/index.php?rest_route=\/wp\/v2\/types\/post"}],"author":[{"embeddable":true,"href":"https:\/\/noticiasveraces.com\/index.php?rest_route=\/wp\/v2\/users\/1"}],"replies":[{"embeddable":true,"href":"https:\/\/noticiasveraces.com\/index.php?rest_route=%2Fwp%2Fv2%2Fcomments&post=20806"}],"version-history":[{"count":0,"href":"https:\/\/noticiasveraces.com\/index.php?rest_route=\/wp\/v2\/posts\/20806\/revisions"}],"wp:featuredmedia":[{"embeddable":true,"href":"https:\/\/noticiasveraces.com\/index.php?rest_route=\/wp\/v2\/media\/20807"}],"wp:attachment":[{"href":"https:\/\/noticiasveraces.com\/index.php?rest_route=%2Fwp%2Fv2%2Fmedia&parent=20806"}],"wp:term":[{"taxonomy":"category","embeddable":true,"href":"https:\/\/noticiasveraces.com\/index.php?rest_route=%2Fwp%2Fv2%2Fcategories&post=20806"},{"taxonomy":"post_tag","embeddable":true,"href":"https:\/\/noticiasveraces.com\/index.php?rest_route=%2Fwp%2Fv2%2Ftags&post=20806"}],"curies":[{"name":"wp","href":"https:\/\/api.w.org\/{rel}","templated":true}]}}