{"id":20775,"date":"2025-03-30T01:52:38","date_gmt":"2025-03-30T05:52:38","guid":{"rendered":"https:\/\/noticiasveraces.com\/?p=20775"},"modified":"2025-03-30T01:52:38","modified_gmt":"2025-03-30T05:52:38","slug":"a-trump-le-trae-sin-cuidado-si-suben-precios-de-los-autos-dw-30-03-2025","status":"publish","type":"post","link":"https:\/\/noticiasveraces.com\/?p=20775","title":{"rendered":"A Trump le \u00abtrae sin cuidado\u00bb si suben precios de los autos \u2013 DW \u2013 30\/03\/2025"},"content":{"rendered":"<p> \n<\/p>\n<div>\n<p>El presidente estadounidense Donald Trump dijo el s\u00e1bado (29.03.2025) que\u00a0\u00able tra\u00eda sin cuidado\u00bb si los fabricantes de autos suben los precios en su pa\u00eds, en medio de una ola de nuevos aranceles a las importaciones.<\/p>\n<p>Seg\u00fan reportes, Trump amenaz\u00f3 a los ejecutivos del sector automotriz con represalias si los precios se disparan, pero dijo a NBC News que unos precios en alza solo beneficiar\u00edan a los fabricantes en territorio estadounidense.<\/p>\n<p>\u00abMe importa un bledo. Espero que suban sus precios porque si lo hacen, la gente va a comprar autos hechos en Estados Unidos. Estamos repletos\u00bb, dijo a la presentadora de NBC Kristen Welker.<\/p>\n<p>El jueves, Trump impuso un arancel de importaci\u00f3n general del 25% a los autom\u00f3viles y camionetas fabricados fuera del pa\u00eds, que se aplicar\u00e1 desde el 3 de abril.<\/p>\n<p>Los aranceles para las autopartes tendr\u00e1n un plazo si vienen de M\u00e9xico o Canad\u00e1, en el marco de su tratado comercial con Estados Unidos (T-MEC).<\/p>\n<p>Sin embargo, las acciones de los mayores fabricantes de Estados Unidos fueron golpeadas por la medida y los expertos advierten que los aumentos de precios afectar\u00e1n a los consumidores.<\/p>\n<p>JC (AFP, NBC News)<\/p>\n<\/p>\n<\/div>\n\n","protected":false},"excerpt":{"rendered":"<p>El presidente estadounidense Donald Trump dijo el s\u00e1bado (29.03.2025) que\u00a0\u00able tra\u00eda sin cuidado\u00bb si los fabricantes de autos suben los precios en su pa\u00eds, en medio de una ola de nuevos aranceles a las importaciones. Seg\u00fan reportes, Trump amenaz\u00f3 a los ejecutivos del sector automotriz con represalias si los precios se disparan, pero dijo a &hellip;<\/p>\n","protected":false},"author":1,"featured_media":20776,"comment_status":"open","ping_status":"open","sticky":false,"template":"","format":"standard","meta":{"fifu_image_url":"https:\/\/static.dw.com\/image\/71867225_6.jpg","fifu_image_alt":"","footnotes":""},"categories":[13],"tags":[],"class_list":["post-20775","post","type-post","status-publish","format-standard","has-post-thumbnail","","category-mundo"],"_links":{"self":[{"href":"https:\/\/noticiasveraces.com\/index.php?rest_route=\/wp\/v2\/posts\/20775","targetHints":{"allow":["GET"]}}],"collection":[{"href":"https:\/\/noticiasveraces.com\/index.php?rest_route=\/wp\/v2\/posts"}],"about":[{"href":"https:\/\/noticiasveraces.com\/index.php?rest_route=\/wp\/v2\/types\/post"}],"author":[{"embeddable":true,"href":"https:\/\/noticiasveraces.com\/index.php?rest_route=\/wp\/v2\/users\/1"}],"replies":[{"embeddable":true,"href":"https:\/\/noticiasveraces.com\/index.php?rest_route=%2Fwp%2Fv2%2Fcomments&post=20775"}],"version-history":[{"count":0,"href":"https:\/\/noticiasveraces.com\/index.php?rest_route=\/wp\/v2\/posts\/20775\/revisions"}],"wp:featuredmedia":[{"embeddable":true,"href":"https:\/\/noticiasveraces.com\/index.php?rest_route=\/wp\/v2\/media\/20776"}],"wp:attachment":[{"href":"https:\/\/noticiasveraces.com\/index.php?rest_route=%2Fwp%2Fv2%2Fmedia&parent=20775"}],"wp:term":[{"taxonomy":"category","embeddable":true,"href":"https:\/\/noticiasveraces.com\/index.php?rest_route=%2Fwp%2Fv2%2Fcategories&post=20775"},{"taxonomy":"post_tag","embeddable":true,"href":"https:\/\/noticiasveraces.com\/index.php?rest_route=%2Fwp%2Fv2%2Ftags&post=20775"}],"curies":[{"name":"wp","href":"https:\/\/api.w.org\/{rel}","templated":true}]}}