{"id":20772,"date":"2025-03-30T01:26:26","date_gmt":"2025-03-30T05:26:26","guid":{"rendered":"https:\/\/noticiasveraces.com\/?p=20772"},"modified":"2025-03-30T01:26:26","modified_gmt":"2025-03-30T05:26:26","slug":"mal-momento-para-kevin-serna-en-fluminense-lo-sacaron-al-minuto-13","status":"publish","type":"post","link":"https:\/\/noticiasveraces.com\/?p=20772","title":{"rendered":"Mal momento para Kevin Serna en Fluminense: lo sacaron al minuto 13"},"content":{"rendered":"<p> \n<br \/><img decoding=\"async\" src=\"https:\/\/www.futbolred.com\/files\/article_graphic\/files\/crop\/uploads\/2024\/10\/10\/6707c43130a08.r_1332120.74-9-1024-484.jpeg\" \/><\/p>\n<header>\n<h3>\n<p>                Colombianos en el Exterior<br \/>\n            <\/h3>\n<h1>\n<p>            Mal momento para Kevin Serna en Fluminense: lo sacaron al minuto 13<br \/>\n        <\/h1>\n<address>\n            <a>Juan Pablo Ar\u00e9valo<br \/>\n        <\/address>\n<p>            29 de marzo de 2025, 07:04 p. metro.<\/p>\n<\/header>\n<p>Ins\u00f3lita salida del colombiano en primera fecha del Brasileir\u00e3o 2025. Su t\u00e9cnico se disculp\u00f3.<\/p>\n<p>El delantero colombiano vivi\u00f3 un dram\u00e1tico momento en el debut del Fluminense en el Brasileirao 2025, pues su entrenador, Mano Menezes, lo sac\u00f3 al minuto 13 de comenzado el partido contra Fortaleza.<\/p>\n<p>La ins\u00f3lita salida del cafetero fue por decisi\u00f3n de su t\u00e9cnico, pues entendi\u00f3 que se equivoc\u00f3 en el planteamiento inicial y por eso Fortaleza ya ganaba 1-0 desde el minuto 4. As\u00ed, el sacrificado fue Serna, quien sali\u00f3 desconsolado hacia el banco de suplentes, en donde encontr\u00f3 el respaldo de sus compa\u00f1eros.<\/p>\n<p>Serna no lo pod\u00eda creer, pero se retir\u00f3 con la cabeza gacha, triste por la poca oportunidad. AL momento de salir, Mano Menezes lo abraz\u00f3 y se disculp\u00f3 con el colombiano, pues reconoci\u00f3 que \u201cyo err\u00e9\u201d en la formaci\u00f3n titular, y que debi\u00f3 defender mejor.<\/p>\n<p>Sin embargo, en las redes sociales hay mucha furia con el DT de Fluminense, porque fue una \u201ccobard\u00eda\u201d lo que hizo al sacar a Serna\u2026 de todos modos su equipo jug\u00f3 mal y perdi\u00f3.<\/p>\n\n","protected":false},"excerpt":{"rendered":"<p>Colombianos en el Exterior Mal momento para Kevin Serna en Fluminense: lo sacaron al minuto 13 Juan Pablo Ar\u00e9valo 29 de marzo de 2025, 07:04 p. metro. Ins\u00f3lita salida del colombiano en primera fecha del Brasileir\u00e3o 2025. Su t\u00e9cnico se disculp\u00f3. El delantero colombiano vivi\u00f3 un dram\u00e1tico momento en el debut del Fluminense en el &hellip;<\/p>\n","protected":false},"author":1,"featured_media":20774,"comment_status":"open","ping_status":"open","sticky":false,"template":"","format":"standard","meta":{"fifu_image_url":"https:\/\/www.futbolred.com\/files\/og_thumbnail\/uploads\/2024\/10\/10\/6707c43130a08.jpeg","fifu_image_alt":"","footnotes":""},"categories":[6],"tags":[],"class_list":["post-20772","post","type-post","status-publish","format-standard","has-post-thumbnail","","category-deportes"],"_links":{"self":[{"href":"https:\/\/noticiasveraces.com\/index.php?rest_route=\/wp\/v2\/posts\/20772","targetHints":{"allow":["GET"]}}],"collection":[{"href":"https:\/\/noticiasveraces.com\/index.php?rest_route=\/wp\/v2\/posts"}],"about":[{"href":"https:\/\/noticiasveraces.com\/index.php?rest_route=\/wp\/v2\/types\/post"}],"author":[{"embeddable":true,"href":"https:\/\/noticiasveraces.com\/index.php?rest_route=\/wp\/v2\/users\/1"}],"replies":[{"embeddable":true,"href":"https:\/\/noticiasveraces.com\/index.php?rest_route=%2Fwp%2Fv2%2Fcomments&post=20772"}],"version-history":[{"count":0,"href":"https:\/\/noticiasveraces.com\/index.php?rest_route=\/wp\/v2\/posts\/20772\/revisions"}],"wp:featuredmedia":[{"embeddable":true,"href":"https:\/\/noticiasveraces.com\/index.php?rest_route=\/wp\/v2\/media\/20774"}],"wp:attachment":[{"href":"https:\/\/noticiasveraces.com\/index.php?rest_route=%2Fwp%2Fv2%2Fmedia&parent=20772"}],"wp:term":[{"taxonomy":"category","embeddable":true,"href":"https:\/\/noticiasveraces.com\/index.php?rest_route=%2Fwp%2Fv2%2Fcategories&post=20772"},{"taxonomy":"post_tag","embeddable":true,"href":"https:\/\/noticiasveraces.com\/index.php?rest_route=%2Fwp%2Fv2%2Ftags&post=20772"}],"curies":[{"name":"wp","href":"https:\/\/api.w.org\/{rel}","templated":true}]}}