{"id":20755,"date":"2025-03-29T21:45:14","date_gmt":"2025-03-30T01:45:14","guid":{"rendered":"https:\/\/noticiasveraces.com\/?p=20755"},"modified":"2025-03-29T21:45:14","modified_gmt":"2025-03-30T01:45:14","slug":"daniel-noboa-vuelve-a-nombrar-vicepresidenta-a-gellibert-dw-30-03-2025","status":"publish","type":"post","link":"https:\/\/noticiasveraces.com\/?p=20755","title":{"rendered":"Daniel Noboa vuelve a nombrar vicepresidenta a Gellibert \u2013 DW \u2013 30\/03\/2025"},"content":{"rendered":"<p> \n<\/p>\n<div>\n<p>El presidente de Ecuador y candidato a la reelecci\u00f3n, Daniel Noboa, design\u00f3 este s\u00e1bado (29.03.2025) a Cynthia Gellibert, como vicepresidenta, luego de que el Tribunal Contencioso Electoral (TCE) determinase que la suspensi\u00f3n por dos a\u00f1os de los derechos pol\u00edticos impuesta a la vicepresidenta electa en las urnas, Ver\u00f3nica Abad, implica su inmediata inhabilitaci\u00f3n para ejercer cualquier cargo p\u00fablico.<\/p>\n<p>Gellibert, Secretaria General de la Administraci\u00f3n P\u00fablica y Gabinete de la Presidencia (con rango de ministra), ya fue designada como vicepresidenta encargada durante la campa\u00f1a de la primera vuelta para las elecciones del pasado 9 de febrero.<\/p>\n<p>En un decreto suscrito en Estados Unidos -a donde viaj\u00f3 para, entre otras actividades, reunirse con su hom\u00f3logo, Donald Trump- Noboa anota que Gellibert ser\u00e1 \u00abvicepresidenta constitucional\u00bb\u00a0 durante el periodo que dure \u00abla ausencia temporal\u00bb de Abad.<\/p>\n<p>Abad, con quien Noboa mantiene un enconado enfrentamiento, se refiri\u00f3 este s\u00e1bado a la decisi\u00f3n del TCE en un mensaje en X, usando la etiqueta \u00abGolpe de Estado Judicial\u00bb.<\/p>\n<p>En el decreto Noboa justifica la designaci\u00f3n basado en que la Constituci\u00f3n determina que, en caso de ausencia temporal de quien ejerza la Vicepresidencia, corresponde el reemplazo a la ministra o ministro de Estado que sea designado por el presidente.<\/p>\n<p>Entre las causas para la \u00abausencia temporal\u00bb de un vicepresidente figuran: enfermedad u otra circunstancia de fuerza mayor que le impida ejercer su funci\u00f3n durante un per\u00edodo m\u00e1ximo de tres meses.<\/p>\n<p>A tenor de la resoluci\u00f3n del TCE, el Ministerio de Trabajo registr\u00f3 este s\u00e1bado el impedimento de Abad para ejercer cargos p\u00fablicos.<\/p>\n<p>En el decreto, Noboa subraya que se mantendr\u00e1 la seguridad oficial de Gellibert y de Abad, quien sostiene que la suspensi\u00f3n de sus derechos no implica una destituci\u00f3n del cargo.<\/p>\n<p><span data-slot-id=\"Article_InContent-1\" class=\"rich-text-ad\"\/><\/p>\n<h2>Violencia pol\u00edtica de g\u00e9nero <\/h2>\n<p>Abad fue condenada por el TCE a una suspensi\u00f3n de dos a\u00f1os y a una multa de 14.000 d\u00f3lares ante una contrademanda por violencia pol\u00edtica de g\u00e9nero presentada contra ella por la ministra de Relaciones Exteriores, Gabriela Sommerfeld.<\/p>\n<p>Inicialmente, Abad hab\u00eda demandado por violencia pol\u00edtica de g\u00e9nero a Noboa y a varios miembros del Gobierno, entre ellos Sommerfeld, tras haber acusado al mandatario de liderar un supuesto acoso contra ella para forzarla a dimitir y as\u00ed evitarse delegar en ella la Presidencia durante el periodo de campa\u00f1a electoral.<\/p>\n<p>Sin embargo, el TCE desestim\u00f3 la demanda de Abad y s\u00ed declar\u00f3 fundada la contrademanda de Sommerfeld contra la vicepresidenta.<\/p>\n<p>Dentro del pleno del TCE hubo voces contrarias a la opini\u00f3n mayoritaria, como la del juez Fernando Mu\u00f1oz, quien sostuvo que la Constituci\u00f3n no contempla una inhabilitaci\u00f3n o destituci\u00f3n del presidente o de la vicepresidenta a trav\u00e9s de v\u00edas que no sean por medio de la Asamblea Nacional.<\/p>\n<h2>Elecciones presidenciales <\/h2>\n<p>El pasado domingo comenz\u00f3 la campa\u00f1a para la segunda vuelta en la que se definir\u00e1 al gobernante, para el per\u00edodo 2025-2029, entre Noboa y la corre\u00edsta Luisa Gonz\u00e1lez.<\/p>\n<p>La ley ecuatoriana estipula que el jefe de Estado debe pedir licencia para hacer campa\u00f1a electoral y delegar sus funciones en quien ejerza la Vicepresidencia.<\/p>\n<p>Sin embargo, hasta el momento Noboa no ha solicitado licencia para todo el per\u00edodo de campa\u00f1a -como tampoco lo hizo en la primera vuelta- en la que solo deleg\u00f3 sus funciones en d\u00edas determinados a Gellibert, a quien design\u00f3, por decreto, como \u00abvicepresidenta encargada\u00bb.<\/p>\n<p>La Corte Constitucional declar\u00f3 inconstitucional la delegaci\u00f3n de las funciones en Gellibert, si bien el Ejecutivo interpret\u00f3 que pod\u00eda seguir haci\u00e9ndolo sin emitir decretos para tal efecto.<\/p>\n<p>La ley tambi\u00e9n se\u00f1ala que quien busque la reelecci\u00f3n debe pedir licencia sin remuneraci\u00f3n.<\/p>\n<p>No obstante, Noboa sostiene que, al haber ganado las elecciones extraordinarias de 2023 para completar el mandato de Guillermo Lasso (2021-2025), su nueva postulaci\u00f3n no implica una reelecci\u00f3n, y que tampoco puede depender de la Asamblea Nacional, controlada por el corre\u00edsmo, para obtener el permiso para hacer campa\u00f1a.<\/p>\n<p>mg (efe, Primicias)<\/p>\n<\/p>\n<\/div>\n\n","protected":false},"excerpt":{"rendered":"<p>El presidente de Ecuador y candidato a la reelecci\u00f3n, Daniel Noboa, design\u00f3 este s\u00e1bado (29.03.2025) a Cynthia Gellibert, como vicepresidenta, luego de que el Tribunal Contencioso Electoral (TCE) determinase que la suspensi\u00f3n por dos a\u00f1os de los derechos pol\u00edticos impuesta a la vicepresidenta electa en las urnas, Ver\u00f3nica Abad, implica su inmediata inhabilitaci\u00f3n para ejercer &hellip;<\/p>\n","protected":false},"author":1,"featured_media":20756,"comment_status":"open","ping_status":"open","sticky":false,"template":"","format":"standard","meta":{"fifu_image_url":"https:\/\/static.dw.com\/image\/71996102_6.jpg","fifu_image_alt":"","footnotes":""},"categories":[13],"tags":[],"class_list":["post-20755","post","type-post","status-publish","format-standard","has-post-thumbnail","","category-mundo"],"_links":{"self":[{"href":"https:\/\/noticiasveraces.com\/index.php?rest_route=\/wp\/v2\/posts\/20755","targetHints":{"allow":["GET"]}}],"collection":[{"href":"https:\/\/noticiasveraces.com\/index.php?rest_route=\/wp\/v2\/posts"}],"about":[{"href":"https:\/\/noticiasveraces.com\/index.php?rest_route=\/wp\/v2\/types\/post"}],"author":[{"embeddable":true,"href":"https:\/\/noticiasveraces.com\/index.php?rest_route=\/wp\/v2\/users\/1"}],"replies":[{"embeddable":true,"href":"https:\/\/noticiasveraces.com\/index.php?rest_route=%2Fwp%2Fv2%2Fcomments&post=20755"}],"version-history":[{"count":0,"href":"https:\/\/noticiasveraces.com\/index.php?rest_route=\/wp\/v2\/posts\/20755\/revisions"}],"wp:featuredmedia":[{"embeddable":true,"href":"https:\/\/noticiasveraces.com\/index.php?rest_route=\/wp\/v2\/media\/20756"}],"wp:attachment":[{"href":"https:\/\/noticiasveraces.com\/index.php?rest_route=%2Fwp%2Fv2%2Fmedia&parent=20755"}],"wp:term":[{"taxonomy":"category","embeddable":true,"href":"https:\/\/noticiasveraces.com\/index.php?rest_route=%2Fwp%2Fv2%2Fcategories&post=20755"},{"taxonomy":"post_tag","embeddable":true,"href":"https:\/\/noticiasveraces.com\/index.php?rest_route=%2Fwp%2Fv2%2Ftags&post=20755"}],"curies":[{"name":"wp","href":"https:\/\/api.w.org\/{rel}","templated":true}]}}