{"id":20731,"date":"2025-03-29T19:25:22","date_gmt":"2025-03-29T23:25:22","guid":{"rendered":"https:\/\/noticiasveraces.com\/?p=20731"},"modified":"2025-03-29T19:25:22","modified_gmt":"2025-03-29T23:25:22","slug":"la-estrella-del-corinthians-denuncia-insultos-brasil-es-el-pais-con-mas-racismo","status":"publish","type":"post","link":"https:\/\/noticiasveraces.com\/?p=20731","title":{"rendered":"La estrella del Corinthians denuncia insultos: \u00abBrasil es el pa\u00eds con m\u00e1s racismo\u00bb"},"content":{"rendered":"<p> \n<\/p>\n<div>\n<p data-mrf-recirculation=\"Links P\u00e1rrafos\" class=\"ue-c-article__\"><strong>Otro caso m\u00e1s de racismo en el f\u00fatbol.<\/strong> Una lacra que afecta a muchos puntos de la vida y que ha vuelto a tocarle a un jugador vivir situaciones que nunca deber\u00edan de suceder. En cualquier pa\u00eds, en cualquier situaci\u00f3n o en cualquier momento de la vida de una persona. Una discriminaci\u00f3n que cada vez se se\u00f1ala con m\u00e1s firmeza por parte de la sociedad. <strong>Eso es lo que ha vivido el jugador paraguayo del Corinthians, \u00c1ngel Romero.<\/strong><\/p>\n<blockquote class=\"ue-c-article__blockquote\">\n<p>Se preocupan por lo que pasa en Espa\u00f1a, pero en Brasil tambi\u00e9n son muy racistas entre ellos<\/p>\n<p><span class=\"ue-c-article__blockquote-author\">\u00c1ngel Romero, jugador del Corinthians<\/span><\/p><\/blockquote>\n<h2 class=\"ue-c-article__subheadline\">\u00c1ngel Romero llama a Brasil \u00abel pa\u00eds m\u00e1s racista\u00bb<\/h2>\n<p data-mrf-recirculation=\"Links P\u00e1rrafos\" class=\"ue-c-article__\">El extremo izquierdo del Corinthians ha hablado sobre lo que le ocurre en los campos de Brasil y ha hablado con claridad: \u00ab<strong>Ac\u00e1 (Brasil) es el pa\u00eds con m\u00e1s racismo<\/strong>\u00ab. La estrella y capit\u00e1n del equipo Paulista no se ha cortado un pelo a denunciar lo sucedido y sobre la nula acci\u00f3n por parte de la Confederaci\u00f3n Brasile\u00f1a de F\u00fatbol en la entrevista en<em> &#8216;ABC Cardinal&#8217;<\/em>: \u00ab<strong>Ellos se preocupan m\u00e1s por lo que pasa afuera, en Paraguay, en Espa\u00f1a, en todos lados.<\/strong><strong>Obviamente que no es bueno tambi\u00e9n sufrir ese tipo de discriminaci\u00f3n, de racismo. Pero ac\u00e1, internamente, los brasile\u00f1os son muy racistas tambi\u00e9n entre ellos<\/strong>\u00ab.<\/p>\n<p data-mrf-recirculation=\"Links P\u00e1rrafos\" class=\"ue-c-article__\">\u00c1ngel Romero ha vivido dos etapas en el f\u00fatbol brasile\u00f1o, ambas en el Corinthians y es una voz autorizada para contar lo que est\u00e1 viviendo: <strong>\u00abYo vivo eso a diario. Discriminaciones, preconceptos, todo tipo de insultos contra mi pa\u00eds, contra mi nacionalidad\u00bb<\/strong>. Un jugador que a sus 32 a\u00f1os acumula 48 partidos con Paraguay donde ha marcado 8 goles y todo con un palmar\u00e9s que muchos querr\u00edan, con dos Campeonatos Brasile\u00f1os y cuatro Campeonatos Paulistas.<\/p>\n<figure class=\"ue-c-article__media ue-c-article__media--image\">\n<div class=\"ue-c-article__media-img-container ue-l-article--expand-edge-right-until-tablet ue-l-article--expand-edge-left-until-tablet\"><picture><source type=\"image\/webp\" sizes=\"(min-width: 1010px) 660px, (min-width: 980px) calc(100vw - 350px), (min-width: 740px) calc(100vw - 320px), 100vw\" srcset=\"        https:\/\/e00-xlk-ue-marca.uecdn.es\/files\/article_360_widen_webp\/uploads\/2025\/03\/29\/67e7d842e19dd.webp 360w,        https:\/\/e00-xlk-ue-marca.uecdn.es\/files\/article_375_widen_webp\/uploads\/2025\/03\/29\/67e7d842e19dd.webp 375w,        https:\/\/e00-xlk-ue-marca.uecdn.es\/files\/article_414_widen_webp\/uploads\/2025\/03\/29\/67e7d842e19dd.webp 414w,        https:\/\/e00-xlk-ue-marca.uecdn.es\/files\/article_660_widen_webp\/uploads\/2025\/03\/29\/67e7d842e19dd.webp 660w,        https:\/\/e00-xlk-ue-marca.uecdn.es\/files\/article_720_widen_webp\/uploads\/2025\/03\/29\/67e7d842e19dd.webp 720w,        https:\/\/e00-xlk-ue-marca.uecdn.es\/files\/article_750_widen_webp\/uploads\/2025\/03\/29\/67e7d842e19dd.webp 750w,        https:\/\/e00-xlk-ue-marca.uecdn.es\/files\/article_828_widen_webp\/uploads\/2025\/03\/29\/67e7d842e19dd.webp 828w,        https:\/\/e00-xlk-ue-marca.uecdn.es\/files\/article_1320_widen_webp\/uploads\/2025\/03\/29\/67e7d842e19dd.webp 1320w\"><source type=\"image\/jpeg\" sizes=\"(min-width: 1010px) 660px, (min-width: 980px) calc(100vw - 350px), (min-width: 740px) calc(100vw - 320px), 100vw\" srcset=\"        https:\/\/e00-xlk-ue-marca.uecdn.es\/files\/article_360_widen\/uploads\/2025\/03\/29\/67e7d842e19dd.jpeg 360w,        https:\/\/e00-xlk-ue-marca.uecdn.es\/files\/article_375_widen\/uploads\/2025\/03\/29\/67e7d842e19dd.jpeg 375w,        https:\/\/e00-xlk-ue-marca.uecdn.es\/files\/article_414_widen\/uploads\/2025\/03\/29\/67e7d842e19dd.jpeg 414w,        https:\/\/e00-xlk-ue-marca.uecdn.es\/files\/article_660_widen\/uploads\/2025\/03\/29\/67e7d842e19dd.jpeg 660w,        https:\/\/e00-xlk-ue-marca.uecdn.es\/files\/article_720_widen\/uploads\/2025\/03\/29\/67e7d842e19dd.jpeg 720w,        https:\/\/e00-xlk-ue-marca.uecdn.es\/files\/article_750_widen\/uploads\/2025\/03\/29\/67e7d842e19dd.jpeg 750w,        https:\/\/e00-xlk-ue-marca.uecdn.es\/files\/article_828_widen\/uploads\/2025\/03\/29\/67e7d842e19dd.jpeg 828w,        https:\/\/e00-xlk-ue-marca.uecdn.es\/files\/article_1320_widen\/uploads\/2025\/03\/29\/67e7d842e19dd.jpeg 1320w\"><img loading=\"lazy\" decoding=\"async\" width=\"1440\" height=\"1148\" class=\"ue-c-article__image\" alt=\"\u00c1ngel Romero celebrando un gol haciendo el gesto del coraz\u00f3n con las manos\" src=\"https:\/\/e00-xlk-ue-marca.uecdn.es\/uploads\/2025\/03\/29\/67e7d842e19dd.jpeg\"\/><\/source><\/source><\/picture><\/div><figcaption class=\"ue-c-article__media-caption\">\n<p><span class=\"ue-c-article__media-description\">\u00c1ngel Romero celebrando un gol haciendo el gesto del coraz\u00f3n con las manos<\/span><span class=\"ue-c-article__media-source\"><span class=\"ue-c-article__media-author\">Instagram<\/span><\/span><\/p>\n<\/figcaption><\/figure>\n<p data-mrf-recirculation=\"Links P\u00e1rrafos\" class=\"ue-c-article__\">Una lucha que ser\u00e1 complicada y que pasa por admitir lo que sucede en el pa\u00eds sudamericano. Una opini\u00f3n del paraguayo con la que concluye: \u00abEs complicado este tema porque ellos lo tienen bien de antes, no pueden pelear contra eso internamente. Diariamente, ac\u00e1 <strong>se ve mucho racismo y todo eso tambi\u00e9n se los complica cuando salen afuera<\/strong>. Obviamente que eso no es bueno, es crimen. <strong>Pero internamente tienen que ellos arreglar eso ac\u00e1 y despu\u00e9s ver lo que pasa afuera<\/strong>\u00ab.<\/p>\n<\/div>\n\n","protected":false},"excerpt":{"rendered":"<p>Otro caso m\u00e1s de racismo en el f\u00fatbol. Una lacra que afecta a muchos puntos de la vida y que ha vuelto a tocarle a un jugador vivir situaciones que nunca deber\u00edan de suceder. En cualquier pa\u00eds, en cualquier situaci\u00f3n o en cualquier momento de la vida de una persona. Una discriminaci\u00f3n que cada vez &hellip;<\/p>\n","protected":false},"author":1,"featured_media":20733,"comment_status":"open","ping_status":"open","sticky":false,"template":"","format":"standard","meta":{"fifu_image_url":"https:\/\/e00-xlk-ue-marca.uecdn.es\/files\/phantom_desktop_1200w\/uploads\/2025\/03\/29\/67e7d76e41e38.jpeg","fifu_image_alt":"","footnotes":""},"categories":[6],"tags":[],"class_list":["post-20731","post","type-post","status-publish","format-standard","has-post-thumbnail","","category-deportes"],"_links":{"self":[{"href":"https:\/\/noticiasveraces.com\/index.php?rest_route=\/wp\/v2\/posts\/20731","targetHints":{"allow":["GET"]}}],"collection":[{"href":"https:\/\/noticiasveraces.com\/index.php?rest_route=\/wp\/v2\/posts"}],"about":[{"href":"https:\/\/noticiasveraces.com\/index.php?rest_route=\/wp\/v2\/types\/post"}],"author":[{"embeddable":true,"href":"https:\/\/noticiasveraces.com\/index.php?rest_route=\/wp\/v2\/users\/1"}],"replies":[{"embeddable":true,"href":"https:\/\/noticiasveraces.com\/index.php?rest_route=%2Fwp%2Fv2%2Fcomments&post=20731"}],"version-history":[{"count":0,"href":"https:\/\/noticiasveraces.com\/index.php?rest_route=\/wp\/v2\/posts\/20731\/revisions"}],"wp:featuredmedia":[{"embeddable":true,"href":"https:\/\/noticiasveraces.com\/index.php?rest_route=\/wp\/v2\/media\/20733"}],"wp:attachment":[{"href":"https:\/\/noticiasveraces.com\/index.php?rest_route=%2Fwp%2Fv2%2Fmedia&parent=20731"}],"wp:term":[{"taxonomy":"category","embeddable":true,"href":"https:\/\/noticiasveraces.com\/index.php?rest_route=%2Fwp%2Fv2%2Fcategories&post=20731"},{"taxonomy":"post_tag","embeddable":true,"href":"https:\/\/noticiasveraces.com\/index.php?rest_route=%2Fwp%2Fv2%2Ftags&post=20731"}],"curies":[{"name":"wp","href":"https:\/\/api.w.org\/{rel}","templated":true}]}}