{"id":20716,"date":"2025-03-29T15:34:19","date_gmt":"2025-03-29T19:34:19","guid":{"rendered":"https:\/\/noticiasveraces.com\/?p=20716"},"modified":"2025-03-29T15:34:19","modified_gmt":"2025-03-29T19:34:19","slug":"se-podria-perder-la-nacionalidad-alemana-por-antisemitismo-dw-29-03-2025","status":"publish","type":"post","link":"https:\/\/noticiasveraces.com\/?p=20716","title":{"rendered":"\u00bfSe podr\u00eda perder la nacionalidad alemana por antisemitismo? \u2013 DW \u2013 29\/03\/2025"},"content":{"rendered":"<p> \n<\/p>\n<div>\n<p>Durante las negociaciones de coalici\u00f3n entre la CDU\/CSU y el SPD parece que hubo fuertes discusiones, algunas terminadas con un portazo. Eso filtraron a la prensa los participantes. Sobre todo en el grupo dedicado a cuestiones de inmigraci\u00f3n e integraci\u00f3n, las posturas eran muy enfrentadas. Ya hay un borrador inicial para el acuerdo de coalici\u00f3n al que DW tuvo acceso. Bajo la r\u00fabrica \u00abLey de ciudadan\u00eda\u00bb, se lee:<\/p>\n<ul>\n<li><em>\u00abEstamos comprometidos con la reforma de la ley de ciudadan\u00eda. Examinaremos si constitucionalmente podemos revocar la ciudadan\u00eda alemana a los que apoyen el terrorismo, antisemitas y extremistas que exigen la abolici\u00f3n del orden fundamental libre y democr\u00e1tico si poseen otra nacionalidad\u00bb.<\/em><\/li>\n<\/ul>\n<p>Poco despu\u00e9s, Dirk Wiese, del SPD, intent\u00f3 presentar esto como un \u00e9xito. Wiese explic\u00f3 a DW que su partido hab\u00eda garantizado que se mantuviera la posibilidad de la doble nacionalidad, algo que la CDU\u00a0quer\u00eda revertir. \u00abTodav\u00eda tenemos la opci\u00f3n de obtener la ciudadan\u00eda despu\u00e9s de cinco a\u00f1os\u00bb, dijo, despu\u00e9s de aprender el idioma \u00aben tres a\u00f1os\u00bb.<\/p>\n<p>Sin embargo, el SPD acab\u00f3 cediendo al incluir en el borrador que el pasaporte se pueda revocar en determinadas circunstancias. El lunes, los grupos de trabajo presentar\u00e1n sus conclusiones. Algunos socialdem\u00f3cratas temen un trato desigual: \u00bfla naturalizaci\u00f3n ser\u00eda, en \u00faltima instancia, s\u00f3lo una especie de per\u00edodo de prueba? \u00bfUn alem\u00e1n con un segundo pasaporte no ser\u00eda, al final, igual de alem\u00e1n?<\/p>\n<h2>\u00bfAlemanes en per\u00edodo de prueba?<\/h2>\n<p>Pol\u00edticos del SPD, como el alcalde de Bremen, Andreas Bovenschulte, ya hab\u00edan advertido sobre esto antes de las negociaciones. Lanzar ese mensaje a los cinco millones de personas que viven en Alemania con dos pasaportes es \u00abun problema realmente grande\u00bb, dijo a la revista <em>El espejo<\/em>. \u00abLes produce la impresi\u00f3n de que su ciudadan\u00eda vale menos\u00bb, observ\u00f3.<\/p>\n<p>Este es el sentimiento que tiene Abdel (cuyo verdadero nombre es otro). Es alem\u00e1n, nacido en Berl\u00edn. Y tambi\u00e9n es palestino, su abuela naci\u00f3 en Jerusal\u00e9n Este. Adem\u00e1s de la ciudadan\u00eda alemana, Abdel tambi\u00e9n tiene la ciudadan\u00eda jordana. \u00abLa situaci\u00f3n es muy tensa. Podr\u00eda resultar inc\u00f3moda para gente como yo\u00bb, dice. No quiere que su nombre real se publique en un art\u00edculo.<\/p>\n<p>Clara B\u00fcnger, diputada en el Bundestag (C\u00e1mara Baja del Parlamento alem\u00e1n)\u00a0del partido\u00a0La Izquierda, habla de una \u00abley de ciudadan\u00eda a dos niveles\u00bb. \u00ab\u00bfQui\u00e9n pertenece aqu\u00ed y qui\u00e9n no? Eso es justo lo \u00faltimo que se necesita en una sociedad migratoria. Necesitamos normas muy claras y seguridad jur\u00eddica para todos, as\u00ed como igualdad de derechos para todos en Alemania\u00bb, explica.<\/p>\n<figure class=\"placeholder-image master_landscape big\"><img data-format=\"MASTER_LANDSCAPE\" data-id=\"72004359\" data-url=\"https:\/\/static.dw.com\/image\/72004359_${formatId}.jpg\" data-aspect-ratio=\"16\/9\" alt=\"Tras los primeros contactos exploratorios, los grupos de trabajo comenzaron las negociaciones del acuerdo de coalici\u00f3n\" style=\"padding-bottom: 56.25%; height: 0; max-height: 0;\"\/><figcaption class=\"img-caption\">Tras los primeros contactos exploratorios, los grupos de trabajo comenzaron las negociaciones del acuerdo de coalici\u00f3n<small class=\"copyright\">Imagen: Michael Kappeler\/DPA\/Picture Alliance<\/small><\/figcaption><\/figure>\n<h2>De \u00abterrorista\u00bb a \u00absimpatizante del terrorismo\u00bb<\/h2>\n<p>La Ley Fundamental alemana (Constituci\u00f3n)\u00a0establece que el Estado no puede revocar la ciudadan\u00eda alemana. Pero hay excepciones: por ejemplo, a quien se une como combatiente a un grupo clasificado como organizaci\u00f3n terrorista en Alemania, como Estado Isl\u00e1mico (EI), se le puede revocar el pasaporte alem\u00e1n seg\u00fan la legislaci\u00f3n actual, pero s\u00f3lo si esa persona tiene un segundo pasaporte.<\/p>\n<p>Sin embargo, durante la campa\u00f1a electoral, la uni\u00f3n de CDU\/CSU pidi\u00f3 en repetidas ocasiones que se endurezca esta normativa. A principios de enero, el candidato a canciller Friedrich Merz anunci\u00f3 que desnaturalizar\u00eda a los \u00abcriminales\u00bb con doble pasaporte. Y\u00a0poco despu\u00e9s, Markus S\u00f6der escribi\u00f3 en X: \u00ab\u00a1Quien pida un califato debe tener revocada su doble ciudadan\u00eda!\u00bb. La uni\u00f3n impuso su postura en el actual borrador, en el que ser identificado como \u00abpartidario del terrorismo\u00bb o \u00abantisemita\u00bb ser\u00e1 suficiente para revocar un pasaporte alem\u00e1n.\u00a0 Pero \u00bfc\u00f3mo se definen estos t\u00e9rminos?<\/p>\n<p>En Alemania, el antisemitismo no es en s\u00ed mismo un delito penal, pero s\u00ed el de incitaci\u00f3n al odio, que se aplica a muchas declaraciones antisemitas, incluida la negaci\u00f3n del Holocausto. Adem\u00e1s del procesamiento penal, ahora podr\u00eda haber una amenaza de desnaturalizaci\u00f3n, que s\u00f3lo se aplica a los ciudadanos con doble nacionalidad. Los cr\u00edticos ven esto como un trato desigual en comparaci\u00f3n con las personas que puedan expresar opiniones antisemitas, pero s\u00f3lo tengan pasaporte alem\u00e1n.<\/p>\n<p>\u00abSe trata de excluir a ciertos grupos, personas de pa\u00edses \u00e1rabes o musulmanes\u00bb, dice Elad Lapidot, profesor de estudios jud\u00edos en la Universidad de Lille.<\/p>\n<h2>\u00bfQui\u00e9n es \u00abun antisemita\u201d?<\/h2>\n<p>Lapidot considera preocupantes los planes del que probablemente ser\u00e1 el pr\u00f3ximo gobierno federal. Tambi\u00e9n que el Bundestag reafirm\u00f3 en una resoluci\u00f3n reciente que sigue la definici\u00f3n IHRA de la Alianza Internacional para el Recuerdo del Holocausto como criterio para el antisemitismo. Cita 11 ejemplos de antisemitismo, la mayor\u00eda de los cuales est\u00e1n relacionados con Israel. Por consiguiente, es antisemita negar al pueblo jud\u00edo el derecho a la autodeterminaci\u00f3n, por ejemplo, al describir a Israel como un proyecto \u00abracista\u00bb. Uno de los ejemplos que puede interpretarse de forma muy amplia.<\/p>\n<p>Los partidarios de la IHRA sostienen que acusar al Estado de Israel de <em>segregaci\u00f3n racial<\/em> es antisemita, tambi\u00e9n porque retrata al pa\u00eds como una \u00abempresa racista\u00bb. El lema \u00abDel r\u00edo al mar\u00bb -desde el r\u00edo Jord\u00e1n hasta el mar Mediterr\u00e1neo (hoy Israel y Cisjordania, ocupada por Israel)- niega a Israel el derecho a existir, o\u00a0para usar las palabras de la IHRA, \u00abal pueblo jud\u00edo su derecho a la autodeterminaci\u00f3n\u00bb. El Ministerio del Interior alem\u00e1n lo\u00a0incluy\u00f3\u00a0en la lista de s\u00edmbolos prohibidos como \u00abdistintivo de Ham\u00e1s\u00bb. Sin embargo, los tribunales han dictaminado repetidamente que el eslogan no es en absoluto claro. Tambi\u00e9n podr\u00eda ser una reivindicaci\u00f3n de igualdad de derechos para todas las personas de la zona, especialmente con el a\u00f1adido \u00abDel r\u00edo al mar, exigimos igualdad\u00bb.<\/p>\n<figure class=\"placeholder-image master_landscape big\"><img data-format=\"MASTER_LANDSCAPE\" data-id=\"67308370\" data-url=\"https:\/\/static.dw.com\/image\/67308370_${formatId}.jpg\" data-aspect-ratio=\"16\/9\" alt=\"&quot;Del r\u00edo al mar, Palestina ser\u00e1 libre&quot;se lee en una pancarta durante una manifestaci\u00f3n en Londres. En Alemania, ser\u00eda retirada por la polic\u00eda\" style=\"padding-bottom: 56.25%; height: 0; max-height: 0;\"\/><figcaption class=\"img-caption\">\u00abDel r\u00edo al mar, Palestina ser\u00e1 libre\u00bb, se lee en una pancarta durante una manifestaci\u00f3n en Londres. En Alemania, ser\u00eda retirada por la polic\u00eda<small class=\"copyright\">Imagen: Vuk Valcic\/Zuma Press Wire\/DPA\/Picture Alliance<\/small><\/figcaption><\/figure>\n<p>Los cr\u00edticos de la definici\u00f3n de la IHRA, investigadores como Lapidot, tambi\u00e9n han sido tildados de \u00abantisemitas\u00bb. \u00abNo hay por qu\u00e9 compartir esas cr\u00edticas, pero formularlas y expresarlas es esencial para una democracia\u00bb, afirma Lapidot, cofundador de la Asociaci\u00f3n de Acad\u00e9micos Palestinos y Jud\u00edos.<\/p>\n<h2>Privaci\u00f3n de la ciudadan\u00eda alemana bajo el r\u00e9gimen nazi<\/h2>\n<p>Pero Lapidot tambi\u00e9n tiene preocupaciones personales. Tiene un pasaporte alem\u00e1n y otro israel\u00ed. Una parte de su familia es originaria de Hamburgo. En 1934, la familia pudo escapar a lo que entonces era el Mandato Brit\u00e1nico de Palestina. Como muchos jud\u00edos alemanes que huyeron al exilio debido a los nazis, fueron despojados de su ciudadan\u00eda alemana bajo la legislaci\u00f3n nazi tan pronto estuvieron en el extranjero.<\/p>\n<p>\u00abEn Alemania ya se crearon una vez ciudadanos de segunda clase\u00bb, recuerda Lapidot. \u00abLuego se\u00a0les despoj\u00f3 de su ciudadan\u00eda\u00bb.<\/p>\n<p>En la Rep\u00fablica Federal, como muestra de reparaci\u00f3n por esta injusticia, se consagr\u00f3 en la Ley Fundamental la renaturalizaci\u00f3n de las \u00abpersonas perseguidas por el r\u00e9gimen nazi a las que se les neg\u00f3 la ciudadan\u00eda alemana por motivos pol\u00edticos, raciales o religiosos\u00bb. Esto tambi\u00e9n se aplica a sus descendientes. As\u00ed obtuvo la ciudadan\u00eda alemana Lapidot, que\u00a0creci\u00f3 en Israel.<\/p>\n<p><span data-slot-id=\"Article_InContent-1\" class=\"rich-text-ad\"\/><\/p>\n<h2>\u00bfInfluencia del populismo de derecha?<\/h2>\n<p>Tambi\u00e9n le preocupa mucho la gran popularidad del partido\u00a0AfD, que en parte es de extrema derecha. \u00abEn un momento en que se est\u00e1n reviviendo las pol\u00edticas y visiones pol\u00edticas defendidas por fascistas y nazis en la d\u00e9cada de 1930, presentar el antisemitismo como importado por los \u00e1rabes, los palestinos y los musulmanes\u00bb, dijo Lapidot, es \u00abc\u00ednico y extremadamente inquietante\u00bb. El antisemitismo se convirti\u00f3 en una \u00abideolog\u00eda genocida\u00bb en Alemania, dijo Lapidot, y nunca desapareci\u00f3 de la sociedad alemana. Ni hasta el d\u00eda de hoy.<\/p>\n<p>B\u00fcnger\u00a0est\u00e1 convencida: \u00abEl documento exploratorio lleva claramente la firma de la AfD. La presi\u00f3n desde la derecha ha propiciado este endurecimiento del planteamiento\u00bb.<\/p>\n<p>Abdel, que participa peri\u00f3dicamente en manifestaciones propalestinas, est\u00e1 considerando entregar voluntariamente su pasaporte jordano. El joven\u00a0berlin\u00e9s\u00a0no quiere bajo ning\u00fan concepto arriesgarse a perder su pasaporte alem\u00e1n. \u00abS\u00e9 que no soy antisemita\u00bb, dice. \u00abRevocar mi ciudadan\u00eda no ser\u00eda m\u00e1s que un medio contra la libertad de expresi\u00f3n\u00bb, expresa.<\/p>\n<h2>La revisi\u00f3n constitucional a\u00fan est\u00e1 pendiente<\/h2>\n<p>Todav\u00eda no est\u00e1 claro qui\u00e9n decidir\u00e1 en \u00faltima instancia si alguien es \u00abantisemita\u00bb y podr\u00eda ser despojado de su doble ciudadan\u00eda. El borrador del documento dice: \u00abPartidarios del terrorismo, antisemitas y extremistas que piden la abolici\u00f3n del orden b\u00e1sico libre y democr\u00e1tico\u00bb.<\/p>\n<p>El delegado del gobierno federal contra el antisemitismo, Felix Klein, respondi\u00f3 a las peticiones de DW que no quiere hacer comentarios sobre el documento de la coalici\u00f3n \u00aben este momento\u00bb, ya que todav\u00eda est\u00e1 en borrador.<\/p>\n<p>Sin embargo, antes de que los tribunales puedan examinar si la acusaci\u00f3n de ser \u00abpartidario del terrorismo, antisemita o extremista\u00bb se aplique a ciertos individuos, el p\u00e1rrafo del documento de la coalici\u00f3n debe ser revisado a la luz del derecho constitucional.<\/p>\n<p>El SPD parece esperar que el texto no resista el escrutinio jur\u00eddico de inconstitucionalidad. Dirk Wiese, miembro del equipo del partido en las negociaciones para la coalici\u00f3n de gobierno est\u00e1 tranquilo.\u00a0\u00abPersonalmente tengo una opini\u00f3n jur\u00eddica clara sobre cu\u00e1l ser\u00e1 el resultado de tal revisi\u00f3n\u00bb, se\u00f1ala. Los posibles afectados por esta normativa no lo est\u00e1n tanto.<\/p>\n<p>(LGC\/RR)<\/p>\n<\/div>\n\n","protected":false},"excerpt":{"rendered":"<p>Durante las negociaciones de coalici\u00f3n entre la CDU\/CSU y el SPD parece que hubo fuertes discusiones, algunas terminadas con un portazo. Eso filtraron a la prensa los participantes. Sobre todo en el grupo dedicado a cuestiones de inmigraci\u00f3n e integraci\u00f3n, las posturas eran muy enfrentadas. Ya hay un borrador inicial para el acuerdo de coalici\u00f3n &hellip;<\/p>\n","protected":false},"author":1,"featured_media":20717,"comment_status":"open","ping_status":"open","sticky":false,"template":"","format":"standard","meta":{"fifu_image_url":"https:\/\/static.dw.com\/image\/69206346_6.jpg","fifu_image_alt":"","footnotes":""},"categories":[13],"tags":[],"class_list":["post-20716","post","type-post","status-publish","format-standard","has-post-thumbnail","","category-mundo"],"_links":{"self":[{"href":"https:\/\/noticiasveraces.com\/index.php?rest_route=\/wp\/v2\/posts\/20716","targetHints":{"allow":["GET"]}}],"collection":[{"href":"https:\/\/noticiasveraces.com\/index.php?rest_route=\/wp\/v2\/posts"}],"about":[{"href":"https:\/\/noticiasveraces.com\/index.php?rest_route=\/wp\/v2\/types\/post"}],"author":[{"embeddable":true,"href":"https:\/\/noticiasveraces.com\/index.php?rest_route=\/wp\/v2\/users\/1"}],"replies":[{"embeddable":true,"href":"https:\/\/noticiasveraces.com\/index.php?rest_route=%2Fwp%2Fv2%2Fcomments&post=20716"}],"version-history":[{"count":0,"href":"https:\/\/noticiasveraces.com\/index.php?rest_route=\/wp\/v2\/posts\/20716\/revisions"}],"wp:featuredmedia":[{"embeddable":true,"href":"https:\/\/noticiasveraces.com\/index.php?rest_route=\/wp\/v2\/media\/20717"}],"wp:attachment":[{"href":"https:\/\/noticiasveraces.com\/index.php?rest_route=%2Fwp%2Fv2%2Fmedia&parent=20716"}],"wp:term":[{"taxonomy":"category","embeddable":true,"href":"https:\/\/noticiasveraces.com\/index.php?rest_route=%2Fwp%2Fv2%2Fcategories&post=20716"},{"taxonomy":"post_tag","embeddable":true,"href":"https:\/\/noticiasveraces.com\/index.php?rest_route=%2Fwp%2Fv2%2Ftags&post=20716"}],"curies":[{"name":"wp","href":"https:\/\/api.w.org\/{rel}","templated":true}]}}