{"id":20695,"date":"2025-03-29T12:48:46","date_gmt":"2025-03-29T16:48:46","guid":{"rendered":"https:\/\/noticiasveraces.com\/?p=20695"},"modified":"2025-03-29T12:48:46","modified_gmt":"2025-03-29T16:48:46","slug":"soy-un-experto-en-moda-real-es-por-eso-que-meghan-markle-tiene-el-mejor-guardarropa-de-primavera-real-noticias","status":"publish","type":"post","link":"https:\/\/noticiasveraces.com\/?p=20695","title":{"rendered":"&#8216;Soy un experto en moda real, es por eso que Meghan Markle tiene el mejor guardarropa de primavera&#8217; | Real | Noticias"},"content":{"rendered":"<p> \n<\/p>\n<div>\n<p data-mce-linkchecker-status=\"valid\">Es <span style=\"box-sizing: border-box; margin: 0px; padding: 0px;\">indiscutible que Meghan Markle ha dividido a la naci\u00f3n despu\u00e9s de su nueva serie de Netflix, con Love, Meghan. Pero ya sea que la ames o la odies, no puedes negar su sentido de la moda impecable<\/span> y capacidad para crear siluetas con clase. Ella es una de las miembros mejor vestidas de la familia real y sabe c\u00f3mo lograr looks de primavera. La mujer de 43 a\u00f1os favorece los tonos sutiles con peque\u00f1os toques de color, lo que le hace un corte por encima del resto.<\/p>\n<p>Desde que se cas\u00f3 con el Pr\u00edncipe Harry en 2018, Meghan ha sido arrojado bajo el focos, con los amantes de la moda de todo el mundo mir\u00e1ndola cada movimiento. Su estilo se ha convertido en sin\u00f3nimo, y sin esfuerzo es un rockero que muestra vestidos y looks relajados. La duquesa tambi\u00e9n ha representado a algunos de los dise\u00f1adores m\u00e1s grandes del juego, incluido Givenchy, quien dise\u00f1\u00f3 su vestido de novia y Dior.<\/p>\n<p>Desde que renunci\u00f3 como una realeza real, Meghan se mud\u00f3 con su esposo y sus hijos peque\u00f1os a Montecito, California. A menudo se la ve absorbiendo el sol y luciendo looks impresionantes. El Daily Express ha vuelto a mirar algunos de sus mejores conjuntos de primavera.<\/p>\n<\/div>\n<div>\n<p class=\"withoutCaption\"><picture><source type=\"image\/avif\" srcset=\"https:\/\/cdn.images.express.co.uk\/img\/dynamic\/106\/1200x712\/secondary\/Polka-Dot-print-6040090.avif?r=1742912767901\" media=\"screen and (min-width:10000px)\"><source type=\"image\/webp\" srcset=\"https:\/\/cdn.images.express.co.uk\/img\/dynamic\/106\/1200x712\/secondary\/Polka-Dot-print-6040090.webp?r=1742912767901\" media=\"screen and (min-width:10000px)\"><source type=\"image\/jpeg\" srcset=\"https:\/\/cdn.images.express.co.uk\/img\/dynamic\/106\/1200x712\/secondary\/Polka-Dot-print-6040090.jpg?r=1742912767901\" media=\"screen and (min-width:10000px)\"><source type=\"image\/avif\" srcset=\"https:\/\/cdn.images.express.co.uk\/img\/dynamic\/106\/940x\/secondary\/Polka-Dot-print-6040090.avif?r=1742912767901\" media=\"screen\"><source type=\"image\/webp\" srcset=\"https:\/\/cdn.images.express.co.uk\/img\/dynamic\/106\/940x\/secondary\/Polka-Dot-print-6040090.webp?r=1742912767901\" media=\"screen\"><img decoding=\"async\" class=\"zoomEnabled\" src=\"https:\/\/cdn.images.express.co.uk\/img\/dynamic\/106\/1200x712\/secondary\/Polka-Dot-print-6040090.jpg?r=1742912767901\" alt=\"Impresi\u00f3n de lunares\" title=\"Impresi\u00f3n de lunares\" width=\"940\" height=\"558\" loading=\"lazy\"\/><\/source><\/source><\/source><\/source><\/source><\/picture><\/p>\n<div class=\"newsCaption\">\n<p>A pesar de que la princesa de Gales es la actual Chica de carteles para el aspecto de lunares, el dise\u00f1o ha sido un favorito real durante d\u00e9cadas. La princesa Diana y la princesa Margeret a menudo sacud\u00edan la impresi\u00f3n. Durante su show de Netflix, Meghan llevaba un vestido de lunares en blanco y negro de Carolina Herrera que la habr\u00eda retrasado al menos \u00a3 2,500. El escote Halter era elegante, y la cintura de corbata mostraba su delgado marco. Esta impresi\u00f3n es un elemento b\u00e1sico de primavera imprescindible, ya que se puede usar a\u00f1o tras a\u00f1o.<\/p>\n<p> <span class=\"caption\">(Imagen: Netflix)<\/span><span class=\"magnifier\" data-img=\"https:\/\/cdn.images.express.co.uk\/img\/dynamic\/106\/1200x712\/secondary\/Polka-Dot-print-6040090.jpg?r=1742912767901\"\/><\/div>\n<\/div>\n\n","protected":false},"excerpt":{"rendered":"<p>Es indiscutible que Meghan Markle ha dividido a la naci\u00f3n despu\u00e9s de su nueva serie de Netflix, con Love, Meghan. Pero ya sea que la ames o la odies, no puedes negar su sentido de la moda impecable y capacidad para crear siluetas con clase. Ella es una de las miembros mejor vestidas de la &hellip;<\/p>\n","protected":false},"author":1,"featured_media":20697,"comment_status":"open","ping_status":"open","sticky":false,"template":"","format":"standard","meta":{"fifu_image_url":"https:\/\/cdn.images.express.co.uk\/img\/dynamic\/106\/1200x630\/6040473.jpg","fifu_image_alt":"","footnotes":""},"categories":[10],"tags":[],"class_list":["post-20695","post","type-post","status-publish","format-standard","has-post-thumbnail","","category-moda"],"_links":{"self":[{"href":"https:\/\/noticiasveraces.com\/index.php?rest_route=\/wp\/v2\/posts\/20695","targetHints":{"allow":["GET"]}}],"collection":[{"href":"https:\/\/noticiasveraces.com\/index.php?rest_route=\/wp\/v2\/posts"}],"about":[{"href":"https:\/\/noticiasveraces.com\/index.php?rest_route=\/wp\/v2\/types\/post"}],"author":[{"embeddable":true,"href":"https:\/\/noticiasveraces.com\/index.php?rest_route=\/wp\/v2\/users\/1"}],"replies":[{"embeddable":true,"href":"https:\/\/noticiasveraces.com\/index.php?rest_route=%2Fwp%2Fv2%2Fcomments&post=20695"}],"version-history":[{"count":0,"href":"https:\/\/noticiasveraces.com\/index.php?rest_route=\/wp\/v2\/posts\/20695\/revisions"}],"wp:featuredmedia":[{"embeddable":true,"href":"https:\/\/noticiasveraces.com\/index.php?rest_route=\/wp\/v2\/media\/20697"}],"wp:attachment":[{"href":"https:\/\/noticiasveraces.com\/index.php?rest_route=%2Fwp%2Fv2%2Fmedia&parent=20695"}],"wp:term":[{"taxonomy":"category","embeddable":true,"href":"https:\/\/noticiasveraces.com\/index.php?rest_route=%2Fwp%2Fv2%2Fcategories&post=20695"},{"taxonomy":"post_tag","embeddable":true,"href":"https:\/\/noticiasveraces.com\/index.php?rest_route=%2Fwp%2Fv2%2Ftags&post=20695"}],"curies":[{"name":"wp","href":"https:\/\/api.w.org\/{rel}","templated":true}]}}