{"id":20676,"date":"2025-03-29T09:17:54","date_gmt":"2025-03-29T13:17:54","guid":{"rendered":"https:\/\/noticiasveraces.com\/?p=20676"},"modified":"2025-03-29T09:17:54","modified_gmt":"2025-03-29T13:17:54","slug":"japon-y-ee-uu-conmemoran-juntos-el-aniversario-de-iwo-jima-dw-29-03-2025","status":"publish","type":"post","link":"https:\/\/noticiasveraces.com\/?p=20676","title":{"rendered":"Jap\u00f3n y EE. UU. conmemoran juntos el aniversario de Iwo Jima \u2013 DW \u2013 29\/03\/2025"},"content":{"rendered":"<p> \n<\/p>\n<div>\n<p>El primer ministro de Jap\u00f3n, Shigeru Ishiba, y el secretario de Defensa estadounidense, Pete Hegseth, instaron el s\u00e1bado (29.03.2025) a reforzar la alianza entre ambos pa\u00edses en la conmemoraci\u00f3n del 80\u00ba aniversario de la sangrienta batalla de Iwo Jima durante la Segunda Guerra Mundial. \u00abQuisiera homenajear a aquellos que lucharon por nuestro pa\u00eds en Iwo Jima y renovar nuestro compromiso con la paz\u00bb, declar\u00f3 Ishiba en una ceremonia conjunta en la isla. \u00abTambi\u00e9n quiero reiterar nuestra determinaci\u00f3n\u00bb a \u00abelevar la alianza estadounidense-japonesa, que aporta paz y prosperidad al mundo\u00bb, agreg\u00f3.<\/p>\n<p>La peque\u00f1a isla volc\u00e1nica de Iwo Jima, en medio del oc\u00e9ano Pac\u00edfico a unos 1.250\u00a0km de Tokio, fue escenario de cinco semanas de encarnizados combates entre las fuerzas japonesas y estadounidenses. Casi todos los 21.000 soldados japoneses murieron, mientras que Estados Unidos tuvo unas 6.800 bajas y 19.000 heridos, en esa batalla que culmin\u00f3 con terribles combates en kil\u00f3metros de t\u00faneles. La imagen de un grupo de marines izando la bandera estadounidense en la isla se convirti\u00f3 en una de las im\u00e1genes m\u00e1s simb\u00f3licas del conflicto mundial.<\/p>\n<figure class=\"placeholder-image master_landscape big\"><img data-format=\"MASTER_LANDSCAPE\" data-id=\"72082154\" data-url=\"https:\/\/static.dw.com\/image\/72082154_${formatId}.jpg\" data-aspect-ratio=\"16\/9\" alt=\"El secretario de Defensa de Estados Unidos, Pete Hegseth, junto al ministro japon\u00e9s de Defensa, Gen Nakatani, durante el acto conmemorativo.\" style=\"padding-bottom: 56.25%; height: 0; max-height: 0;\"\/><figcaption class=\"img-caption\">Hegseth calific\u00f3 la isla conocida como Iwo Jima (aunque su nombre oficial en japon\u00e9s es Ioto) como \u00abterritorio sagrado\u00bb por haber sido escenario de una batalla en la que combatieron 80.000 soldados de ambos bandos, de los cuales \u00abm\u00e1s de 26.000 perecieron\u00bb.<small class=\"copyright\">Imagen: Japan Pool\/Jiji Press\/AFP\/Getty Images <\/small><\/figcaption><\/figure>\n<p>\u00abLa alianza entre Estados Unidos y Jap\u00f3n muestra a aquellos valientes hombres de 1945 c\u00f3molos enemigos de ayer pueden convertirse en los amigos de ma\u00f1ana\u00bb, dijo por su lado Pete Hegseth. \u00abNuestra alianza ha sido y sigue siendo la piedra angular de la libertad, la prosperidad, la seguridad y la paz en la regi\u00f3n Indo-Pac\u00edfica\u00bb, sostuvo. El primer ministro japon\u00e9s y su ministro de Defensa, Gen Nakatani, se reunir\u00e1n con Hegseth en Tokio el domingo.<\/p>\n<p>Jap\u00f3n es la segunda parada de Hegseth, tras Filipinas, en su primer viaje a Asia. Su visita se produce en un momento en que Pek\u00edn ha mostrado una actuaci\u00f3n cada vez m\u00e1s firme en el disputado Mar de China Meridional y tras las amenazas del presidente Donald Trump de imponer aranceles comerciales al pa\u00eds del este asi\u00e1tico, un aliado clave de Estados Unidos.<\/p>\n<p>LGC (AFP, AP, Efe)<\/p>\n<figure class=\"placeholder-image master_landscape big\"><img data-format=\"MASTER_LANDSCAPE\" data-id=\"69660719\" data-url=\"https:\/\/static.dw.com\/image\/69660719_${formatId}.jpg\" data-aspect-ratio=\"16\/9\" alt=\"Marines estadounidenses colocan una bandera estadounidense en Iwo Jima, en una imagen que se convirti\u00f3 en ic\u00f3nica.\" style=\"padding-bottom: 56.25%; height: 0; max-height: 0;\"\/><figcaption class=\"img-caption\">Marines estadounidenses colocan una bandera estadounidense en Iwo Jima, en una imagen que se convirti\u00f3 en ic\u00f3nica.<small class=\"copyright\">Imagen: Joe Rosenthal\/AP\/Picture Alliance<\/small><\/figcaption><\/figure>\n<\/div>\n\n","protected":false},"excerpt":{"rendered":"<p>El primer ministro de Jap\u00f3n, Shigeru Ishiba, y el secretario de Defensa estadounidense, Pete Hegseth, instaron el s\u00e1bado (29.03.2025) a reforzar la alianza entre ambos pa\u00edses en la conmemoraci\u00f3n del 80\u00ba aniversario de la sangrienta batalla de Iwo Jima durante la Segunda Guerra Mundial. \u00abQuisiera homenajear a aquellos que lucharon por nuestro pa\u00eds en Iwo &hellip;<\/p>\n","protected":false},"author":1,"featured_media":20677,"comment_status":"open","ping_status":"open","sticky":false,"template":"","format":"standard","meta":{"fifu_image_url":"https:\/\/static.dw.com\/image\/72082184_6.jpg","fifu_image_alt":"","footnotes":""},"categories":[13],"tags":[],"class_list":["post-20676","post","type-post","status-publish","format-standard","has-post-thumbnail","","category-mundo"],"_links":{"self":[{"href":"https:\/\/noticiasveraces.com\/index.php?rest_route=\/wp\/v2\/posts\/20676","targetHints":{"allow":["GET"]}}],"collection":[{"href":"https:\/\/noticiasveraces.com\/index.php?rest_route=\/wp\/v2\/posts"}],"about":[{"href":"https:\/\/noticiasveraces.com\/index.php?rest_route=\/wp\/v2\/types\/post"}],"author":[{"embeddable":true,"href":"https:\/\/noticiasveraces.com\/index.php?rest_route=\/wp\/v2\/users\/1"}],"replies":[{"embeddable":true,"href":"https:\/\/noticiasveraces.com\/index.php?rest_route=%2Fwp%2Fv2%2Fcomments&post=20676"}],"version-history":[{"count":0,"href":"https:\/\/noticiasveraces.com\/index.php?rest_route=\/wp\/v2\/posts\/20676\/revisions"}],"wp:featuredmedia":[{"embeddable":true,"href":"https:\/\/noticiasveraces.com\/index.php?rest_route=\/wp\/v2\/media\/20677"}],"wp:attachment":[{"href":"https:\/\/noticiasveraces.com\/index.php?rest_route=%2Fwp%2Fv2%2Fmedia&parent=20676"}],"wp:term":[{"taxonomy":"category","embeddable":true,"href":"https:\/\/noticiasveraces.com\/index.php?rest_route=%2Fwp%2Fv2%2Fcategories&post=20676"},{"taxonomy":"post_tag","embeddable":true,"href":"https:\/\/noticiasveraces.com\/index.php?rest_route=%2Fwp%2Fv2%2Ftags&post=20676"}],"curies":[{"name":"wp","href":"https:\/\/api.w.org\/{rel}","templated":true}]}}