{"id":20674,"date":"2025-03-29T08:15:56","date_gmt":"2025-03-29T12:15:56","guid":{"rendered":"https:\/\/noticiasveraces.com\/?p=20674"},"modified":"2025-03-29T08:15:56","modified_gmt":"2025-03-29T12:15:56","slug":"nueva-protesta-en-estambul-contra-la-detencion-de-imamoglu-dw-29-03-2025","status":"publish","type":"post","link":"https:\/\/noticiasveraces.com\/?p=20674","title":{"rendered":"Nueva protesta en Estambul contra la detenci\u00f3n de Imamoglu \u2013 DW \u2013 29\/03\/2025"},"content":{"rendered":"<p> \n<\/p>\n<div>\n<p>Una nueva manifestaci\u00f3n contra el presidente de Turqu\u00eda y a favor de su probable rival en las pr\u00f3ximas elecciones, Ekrem Imamoglu, el alcalde de Estambul suspendido del cargo y encarcelado bajo acusaciones de corrupci\u00f3n desde el domingo pasado, ha arrancado este s\u00e1bado (29.03.2025) en una explanada costera de la ciudad con cientos de miles de asistentes.<\/p>\n<p>El partido socialdem\u00f3crata CHP (Partido Republicano del Pueblo), el mayor de la oposici\u00f3n al gobierno de Recep Tayyip Erdogan, hab\u00eda convocado la protesta como forma de respaldar a Imamoglu, su candidato presidencial para los pr\u00f3ximos comicios, previstos para 2028, cuya acusaci\u00f3n considera un mero pretexto para eliminarlo de la carrera pol\u00edtica. La multitud quiere \u00abcontinuar la marcha hacia el poder\u00bb, seg\u00fan el llamado del l\u00edder del CHP, \u00d6g\u00fcr \u00d6zel.<\/p>\n<p>Entre los primeros en hablar estuvieron la mujer del alcalde encarcelado, Dilek Imamoglu, y el alcalde de Ankara, Mansur Yavas, otro peso pesado del CHP y durante tiempo un rival interno de Ekrem Imamoglu para la candidatura presidencial, pero que ahora lo respalda plenamente. El arresto de Imamoglu el 19 de marzo ha desencadenado una ola de protestas en todo el pa\u00eds con decenas de miles de manifestantes todas las noches en las calles.<\/p>\n<figure class=\"placeholder-image master_landscape big\"><img data-format=\"MASTER_LANDSCAPE\" data-id=\"72081753\" data-url=\"https:\/\/static.dw.com\/image\/72081753_${formatId}.jpg\" data-aspect-ratio=\"16\/9\" alt=\"La esposa de Imamoglu, Dilek Imamoglu, fue una de las primeras oradoras de la concentraci\u00f3n.\" style=\"padding-bottom: 56.25%; height: 0; max-height: 0;\"\/><figcaption class=\"img-caption\">La esposa de Imamoglu, Dilek Imamoglu, fue una de las primeras oradoras de la concentraci\u00f3n.<small class=\"copyright\">Imagen: Dylan Martinez\/REUTERS <\/small><\/figcaption><\/figure>\n<h2>Un \u00abr\u00edo humano\u00bb en apoyo a Imamoglu<\/h2>\n<p>Sobre las 13:00 horas (11:00 CET) ya se hab\u00edan congregado unas 200.000 personas en la explanada de Maltepe, y el flujo de manifestantes continuaba llegando sin cesar a este parque costero en la parte asi\u00e1tica de Estambul. La concentraci\u00f3n no fue esta vez convocada frente al Ayuntamiento de la ciudad, con lo que \u00d6zel conf\u00eda en que \u00ablos arrestos disminuir\u00e1n a partir de ahora\u00bb, seg\u00fan dijo en una entrevista con el diario franc\u00e9s Le Monde.<\/p>\n<p>\u00abEl metro est\u00e1 tan lleno que ni nos pod\u00edamos bajar en la parada correcta y tuvimos que continuar hasta la siguiente para luego regresar caminando. El noventa por ciento son j\u00f3venes\u00bb, dijo a Efe un participante, Hasan Yildirim. \u00abEsto es un r\u00edo humano. Nunca he visto algo as\u00ed en mi vida\u00bb, agreg\u00f3 este empresario, de 65 a\u00f1os.<\/p>\n<p>El partido de la izquierda prokurda, el DEM, tercera fuerza del Parlamento, dio ayer su respaldo a la manifestaci\u00f3n y llam\u00f3 a sus seguidores a acudir tambi\u00e9n a la explanada, aunque las banderas y pancartas principalmente eran del CHP y sindicatos de la izquierda turca.<\/p>\n<p>LGC (EFE, AFP)<\/p>\n<\/div>\n\n","protected":false},"excerpt":{"rendered":"<p>Una nueva manifestaci\u00f3n contra el presidente de Turqu\u00eda y a favor de su probable rival en las pr\u00f3ximas elecciones, Ekrem Imamoglu, el alcalde de Estambul suspendido del cargo y encarcelado bajo acusaciones de corrupci\u00f3n desde el domingo pasado, ha arrancado este s\u00e1bado (29.03.2025) en una explanada costera de la ciudad con cientos de miles de &hellip;<\/p>\n","protected":false},"author":1,"featured_media":20675,"comment_status":"open","ping_status":"open","sticky":false,"template":"","format":"standard","meta":{"fifu_image_url":"https:\/\/static.dw.com\/image\/72081622_6.jpg","fifu_image_alt":"","footnotes":""},"categories":[13],"tags":[],"class_list":["post-20674","post","type-post","status-publish","format-standard","has-post-thumbnail","","category-mundo"],"_links":{"self":[{"href":"https:\/\/noticiasveraces.com\/index.php?rest_route=\/wp\/v2\/posts\/20674","targetHints":{"allow":["GET"]}}],"collection":[{"href":"https:\/\/noticiasveraces.com\/index.php?rest_route=\/wp\/v2\/posts"}],"about":[{"href":"https:\/\/noticiasveraces.com\/index.php?rest_route=\/wp\/v2\/types\/post"}],"author":[{"embeddable":true,"href":"https:\/\/noticiasveraces.com\/index.php?rest_route=\/wp\/v2\/users\/1"}],"replies":[{"embeddable":true,"href":"https:\/\/noticiasveraces.com\/index.php?rest_route=%2Fwp%2Fv2%2Fcomments&post=20674"}],"version-history":[{"count":0,"href":"https:\/\/noticiasveraces.com\/index.php?rest_route=\/wp\/v2\/posts\/20674\/revisions"}],"wp:featuredmedia":[{"embeddable":true,"href":"https:\/\/noticiasveraces.com\/index.php?rest_route=\/wp\/v2\/media\/20675"}],"wp:attachment":[{"href":"https:\/\/noticiasveraces.com\/index.php?rest_route=%2Fwp%2Fv2%2Fmedia&parent=20674"}],"wp:term":[{"taxonomy":"category","embeddable":true,"href":"https:\/\/noticiasveraces.com\/index.php?rest_route=%2Fwp%2Fv2%2Fcategories&post=20674"},{"taxonomy":"post_tag","embeddable":true,"href":"https:\/\/noticiasveraces.com\/index.php?rest_route=%2Fwp%2Fv2%2Ftags&post=20674"}],"curies":[{"name":"wp","href":"https:\/\/api.w.org\/{rel}","templated":true}]}}