{"id":20659,"date":"2025-03-29T06:13:08","date_gmt":"2025-03-29T10:13:08","guid":{"rendered":"https:\/\/noticiasveraces.com\/?p=20659"},"modified":"2025-03-29T06:13:08","modified_gmt":"2025-03-29T10:13:08","slug":"el-efecto-trump-sacudio-a-alemania-complaciente-para-gastar-en-defensa","status":"publish","type":"post","link":"https:\/\/noticiasveraces.com\/?p=20659","title":{"rendered":"El efecto Trump sacudi\u00f3 a Alemania complaciente para gastar en defensa"},"content":{"rendered":"<p> \n<\/p>\n<div>\n<p class=\"speakable\">Las continuas cr\u00edticas del presidente Donald Trump por el fracaso de Alemania en pagar sus facturas de defensa parecen haber empujado a una de las naciones m\u00e1s ricas de Europa a la acci\u00f3n. <\/p>\n<p class=\"speakable\">La cr\u00edtica del presidente a Berl\u00edn ha obligado a Alemania a aumentar los fondos para sus fuerzas militares e infraestructura, que seg\u00fan los cr\u00edticos est\u00e1n en un mal estado de cosas.<\/p>\n<p>Richard Grenell, embajador de los Estados Unidos en Alemania durante la primera administraci\u00f3n Trump, dijo a Fox News Digital \u00abm\u00faltiples l\u00edderes alemanes ignoraron las advertencias del presidente Trump de que Rusia estaba usando la energ\u00eda como arma contra ellos. <\/p>\n<p><strong>Las cerdas de EE. UU. En los planes de presupuesto de defensa de Alemania despu\u00e9s de que se queda corto<\/strong><\/p>\n<p>\u00abLa guerra en Ucrania y la invasi\u00f3n de Putin mostraron al nuevo liderazgo alem\u00e1n de que Donald Trump ten\u00eda toda la raz\u00f3n acerca de que Alemania alimentaba a la bestia que finalmente se volvi\u00f3 contra ellos\u00bb.<\/p>\n<p>Trump nombr\u00f3 a Grenell como enviado presidencial para \u00abmisiones especiales\u00bb en diciembre.<\/p>\n<div class=\"image-ct inline\">\n<div class=\"m\"><picture><source media=\"(max-width: 767px)\" srcset=\"https:\/\/a57.foxnews.com\/static.foxnews.com\/foxnews.com\/content\/uploads\/2025\/03\/343\/192\/trump-german-flag-wh-scaled.jpg?ve=1&amp;tl=1, https:\/\/a57.foxnews.com\/static.foxnews.com\/foxnews.com\/content\/uploads\/2025\/03\/686\/384\/trump-german-flag-wh-scaled.jpg?ve=1&amp;tl=1 2x\" height=\"192\" width=\"343\"><source media=\"(min-width: 768px) and (max-width: 1023px)\" srcset=\"https:\/\/a57.foxnews.com\/static.foxnews.com\/foxnews.com\/content\/uploads\/2025\/03\/672\/378\/trump-german-flag-wh-scaled.jpg?ve=1&amp;tl=1, https:\/\/a57.foxnews.com\/static.foxnews.com\/foxnews.com\/content\/uploads\/2025\/03\/1344\/756\/trump-german-flag-wh-scaled.jpg?ve=1&amp;tl=1 2x\" height=\"378\" width=\"672\"><source media=\"(min-width: 1024px) and (max-width: 1279px)\" srcset=\"https:\/\/a57.foxnews.com\/static.foxnews.com\/foxnews.com\/content\/uploads\/2025\/03\/931\/523\/trump-german-flag-wh-scaled.jpg?ve=1&amp;tl=1, https:\/\/a57.foxnews.com\/static.foxnews.com\/foxnews.com\/content\/uploads\/2025\/03\/1862\/1046\/trump-german-flag-wh-scaled.jpg?ve=1&amp;tl=1 2x\" height=\"523\" width=\"931\"><source media=\"(min-width: 1280px)\" srcset=\"https:\/\/a57.foxnews.com\/static.foxnews.com\/foxnews.com\/content\/uploads\/2025\/03\/720\/405\/trump-german-flag-wh-scaled.jpg?ve=1&amp;tl=1, https:\/\/a57.foxnews.com\/static.foxnews.com\/foxnews.com\/content\/uploads\/2025\/03\/1440\/810\/trump-german-flag-wh-scaled.jpg?ve=1&amp;tl=1 2x\" height=\"405\" width=\"720\"><img loading=\"lazy\" decoding=\"async\" src=\"https:\/\/a57.foxnews.com\/static.foxnews.com\/foxnews.com\/content\/uploads\/2025\/03\/1200\/675\/trump-german-flag-wh-scaled.jpg?ve=1&amp;tl=1\" alt=\"El presidente Trump da la bienvenida a la canciller alemana Angela Merkel a la Casa Blanca\" width=\"1200\" height=\"675\"\/><\/source><\/source><\/source><\/source><\/picture><\/div>\n<div class=\"info\">\n<div class=\"caption\">\n<p><span>Durante su primer mandato, el presidente Donald Trump espera saludar a Angela Merkel, la canciller de Alemania, en la Casa Blanca en Washington, DC, 17 de marzo de 2017. <\/span> <span>(Andrew Harrer\/Bloomberg a trav\u00e9s de Getty Images)<\/span><\/p>\n<\/div>\n<\/div>\n<\/div>\n<p>En 2018, Trump reprendi\u00f3 la adicci\u00f3n de Alemania al gas ruso, seg\u00fan observadores de las relaciones alemanas-Estados Unidos. Le dijo a la Asamblea General de la ONU que \u00abAlemania depender\u00e1 totalmente de la energ\u00eda rusa si no cambia de inmediato. Aqu\u00ed en el hemisferio occidental, estamos comprometidos a mantener nuestra independencia de la invasi\u00f3n de potencias extranjeras expansionistas\u00bb.<\/p>\n<p>Durante sus comentarios, la c\u00e1mara pase\u00f3 a la delegaci\u00f3n de Alemania a la ONU en 2018, incluido su embajador del entonces U, Christoph Heusgen, y el ex ministro de Relaciones Exteriores Heiko Maas, quienes aparentemente se reieron y sonrieron a Trump. <\/p>\n<p><strong>&#8216;Haz que la OTAN sea genial&#8217;: Hegseth empuja a los aliados europeos a intensificar los esfuerzos de defensa <\/strong><\/p>\n<p>Sin embargo, esas sonrisas pronto se convirtieron en ansiedad cruda, cuando cuatro a\u00f1os despu\u00e9s, en 2022, el presidente ruso Vladimir Putin invadi\u00f3 Ucrania y Alemania se apresur\u00f3 por una forma de destituir el gas ruso para evitar ayudar a recompensar a Putin.<\/p>\n<p>Matthew Kroenig, director del Centro de Estrategia y Seguridad de Scowcroft del Consejo Atl\u00e1ntico, dijo a Fox News Digital: \u00abCada administraci\u00f3n presidencial de los Estados Unidos desde que Eisenhower se ha quejado de la conducci\u00f3n europea, pero preguntar\u00bb bonita por favor \u00abno ha funcionado. La ret\u00f3rica dura de Trump est\u00e1 logrando resultados que eludieron a sus predecesores.<\/p>\n<p>\u00abEl efecto de Trump se debe en parte a que Trump eleva la carga de la OTAN compartiendo a la parte superior de la agenda de seguridad transatl\u00e1ntica y en parte debido a los temores genuinos de que Washington podr\u00eda abandonar la OTAN y Europa necesitar\u00eda valerse por s\u00ed misma\u00bb.<\/p>\n<div class=\"image-ct inline\">\n<div class=\"m\"><picture><source media=\"(max-width: 767px)\" srcset=\"https:\/\/a57.foxnews.com\/static.foxnews.com\/foxnews.com\/content\/uploads\/2025\/03\/343\/192\/germany-military-scaled.jpg?ve=1&amp;tl=1, https:\/\/a57.foxnews.com\/static.foxnews.com\/foxnews.com\/content\/uploads\/2025\/03\/686\/384\/germany-military-scaled.jpg?ve=1&amp;tl=1 2x\" height=\"192\" width=\"343\"><source media=\"(min-width: 768px) and (max-width: 1023px)\" srcset=\"https:\/\/a57.foxnews.com\/static.foxnews.com\/foxnews.com\/content\/uploads\/2025\/03\/672\/378\/germany-military-scaled.jpg?ve=1&amp;tl=1, https:\/\/a57.foxnews.com\/static.foxnews.com\/foxnews.com\/content\/uploads\/2025\/03\/1344\/756\/germany-military-scaled.jpg?ve=1&amp;tl=1 2x\" height=\"378\" width=\"672\"><source media=\"(min-width: 1024px) and (max-width: 1279px)\" srcset=\"https:\/\/a57.foxnews.com\/static.foxnews.com\/foxnews.com\/content\/uploads\/2025\/03\/931\/523\/germany-military-scaled.jpg?ve=1&amp;tl=1, https:\/\/a57.foxnews.com\/static.foxnews.com\/foxnews.com\/content\/uploads\/2025\/03\/1862\/1046\/germany-military-scaled.jpg?ve=1&amp;tl=1 2x\" height=\"523\" width=\"931\"><source media=\"(min-width: 1280px)\" srcset=\"https:\/\/a57.foxnews.com\/static.foxnews.com\/foxnews.com\/content\/uploads\/2025\/03\/720\/405\/germany-military-scaled.jpg?ve=1&amp;tl=1, https:\/\/a57.foxnews.com\/static.foxnews.com\/foxnews.com\/content\/uploads\/2025\/03\/1440\/810\/germany-military-scaled.jpg?ve=1&amp;tl=1 2x\" height=\"405\" width=\"720\"><img loading=\"lazy\" decoding=\"async\" src=\"https:\/\/a57.foxnews.com\/static.foxnews.com\/foxnews.com\/content\/uploads\/2025\/03\/1200\/675\/germany-military-scaled.jpg?ve=1&amp;tl=1\" alt=\"Soldados alemanes\" width=\"1200\" height=\"675\"\/><\/source><\/source><\/source><\/source><\/picture><\/div>\n<div class=\"info\">\n<div class=\"caption\">\n<p><span>Los soldados de la Guardia Honora de las Fuerzas Armadas alemanas se muestran durante una recepci\u00f3n con honores militares el 4 de noviembre de 2024 en Berl\u00edn, Alemania.<\/span> <span>(Getty Images)<\/span><\/p>\n<\/div>\n<\/div>\n<\/div>\n<p>Despu\u00e9s de que Trump y Grenell ayudaron a sacudir a los alemanes de su sue\u00f1o de seguridad, Berllin alcanz\u00f3 el objetivo de la OTAN de gastar el 2% del gasto bruto en el producto interno en 2024. Esta fue la primera vez que Berl\u00edn alcanz\u00f3 el 2% desde 1991, el final de la Guerra Fr\u00eda. <\/p>\n<p>Sin embargo, Trump pidi\u00f3 que Alemania gaste 5% en defensa porque, argumenta, Estados Unidos est\u00e1 contribuyendo con recursos significativos para proteger al pa\u00eds de Europa Central.<\/p>\n<p>La frustraci\u00f3n con Alemania y otros aliados europeos fue capturada en mensajes de texto reportados entre el Secretario de Defensa Pete Hegseth y el vicepresidente JD Vance. <\/p>\n<p><strong>Trump observa la huelga de hut\u00edes respaldados por Ir\u00e1n en Yemen en las nuevas fotos de la Casa Blanca a medida que contin\u00faa la OP a gran escala<\/strong><\/p>\n<p>\u00abComparto plenamente su odio por la carga libre europea. Es pat\u00e9tico\u00bb, dijo Hegseth en respuesta a Vance, quien cuestion\u00f3 el liderazgo de los Estados Unidos en el avance de las pol\u00edticas de seguridad en el Mar Rojo para contrarrestar la agresi\u00f3n hut\u00ed y reabrir carriles de env\u00edo. <\/p>\n<p>El comercio de exportaciones de Alemania se beneficia enormemente de la navegaci\u00f3n gratuita en el Medio Oriente, pero se niega a ayudar a los Estados Unidos a detener el movimiento terrorista hut\u00ed respaldado por Ir\u00e1n a trav\u00e9s de ataques militares. Europa y Alemania no est\u00e1n dispuestas a seguir el ejemplo de Trump y sancionar a los hut\u00edes como una entidad terrorista.<\/p>\n<div class=\"image-ct inline\">\n<div class=\"m\"><picture><source media=\"(max-width: 767px)\" srcset=\"https:\/\/a57.foxnews.com\/static.foxnews.com\/foxnews.com\/content\/uploads\/2025\/02\/343\/192\/merz.jpg?ve=1&amp;tl=1, https:\/\/a57.foxnews.com\/static.foxnews.com\/foxnews.com\/content\/uploads\/2025\/02\/686\/384\/merz.jpg?ve=1&amp;tl=1 2x\" height=\"192\" width=\"343\"><source media=\"(min-width: 768px) and (max-width: 1023px)\" srcset=\"https:\/\/a57.foxnews.com\/static.foxnews.com\/foxnews.com\/content\/uploads\/2025\/02\/672\/378\/merz.jpg?ve=1&amp;tl=1, https:\/\/a57.foxnews.com\/static.foxnews.com\/foxnews.com\/content\/uploads\/2025\/02\/1344\/756\/merz.jpg?ve=1&amp;tl=1 2x\" height=\"378\" width=\"672\"><source media=\"(min-width: 1024px) and (max-width: 1279px)\" srcset=\"https:\/\/a57.foxnews.com\/static.foxnews.com\/foxnews.com\/content\/uploads\/2025\/02\/931\/523\/merz.jpg?ve=1&amp;tl=1, https:\/\/a57.foxnews.com\/static.foxnews.com\/foxnews.com\/content\/uploads\/2025\/02\/1862\/1046\/merz.jpg?ve=1&amp;tl=1 2x\" height=\"523\" width=\"931\"><source media=\"(min-width: 1280px)\" srcset=\"https:\/\/a57.foxnews.com\/static.foxnews.com\/foxnews.com\/content\/uploads\/2025\/02\/720\/405\/merz.jpg?ve=1&amp;tl=1, https:\/\/a57.foxnews.com\/static.foxnews.com\/foxnews.com\/content\/uploads\/2025\/02\/1440\/810\/merz.jpg?ve=1&amp;tl=1 2x\" height=\"405\" width=\"720\"><img loading=\"lazy\" decoding=\"async\" src=\"https:\/\/a57.foxnews.com\/static.foxnews.com\/foxnews.com\/content\/uploads\/2025\/02\/1200\/675\/merz.jpg?ve=1&amp;tl=1\" alt=\"El canciller electo de alem\u00e1n Friedrich Merz\" width=\"1200\" height=\"675\"\/><\/source><\/source><\/source><\/source><\/picture><\/div>\n<div class=\"info\">\n<div class=\"caption\">\n<p><span>Friedrich Merz, presidente de la Uni\u00f3n Democr\u00e1tica Cristiana y candidato al canciller, durante una conferencia de prensa despu\u00e9s de las elecciones federales el 24 de febrero de 2025 en Berl\u00edn, Alemania.<\/span> <span>(Florian Gaertner\/Photothek a trav\u00e9s de Getty Images)<\/span><\/p>\n<\/div>\n<\/div>\n<\/div>\n<p>El llamado efecto Trump tambi\u00e9n ha afectado la decisi\u00f3n del parlamento alem\u00e1n de relajar las restricciones a la deuda para que pueda bombear fondos a su superestructura militar.  <\/p>\n<p>El probable nuevo canciller alem\u00e1n, Friedrich Merz del Partido Conservador de la Uni\u00f3n Democr\u00e1tica Cristiana, dijo que har\u00eda \u00ablo que sea necesario\u00bb para reconstruir el frase militar de Alemania. Los principales partidos de Berl\u00edn tienen como objetivo invertir cientos de miles de millones de euros en defensa e infraestructura. Las fuerzas armadas de Alemania (Bundeswehr) son, seg\u00fan informes<strong>, <\/strong>En un estado de desorden, con solo 181,174 soldados a fines del a\u00f1o pasado. El Ministerio de Defensa de Alemania busca expandir sus fuerzas armadas a 203,000 para 2031.<\/p>\n<p><strong>Haga clic aqu\u00ed para ver la aplicaci\u00f3n Fox News<\/strong><\/p>\n<p>El reclutamiento sigue siendo un desaf\u00edo continuo dentro de una poblaci\u00f3n planteada sobre el pacifismo. Despu\u00e9s de que Alemania comenz\u00f3 dos guerras mundiales en el siglo pasado, la pol\u00edtica de poder de Alemania enfatiz\u00f3 el papel de instituciones multilaterales como la ONU y la diplomacia en los conflictos de remedias.<\/p>\n<div class=\"image-ct inline\">\n<div class=\"m\"><picture><source media=\"(max-width: 767px)\" srcset=\"https:\/\/a57.foxnews.com\/static.foxnews.com\/foxnews.com\/content\/uploads\/2025\/03\/343\/192\/germany-troops-basic-training-scaled.jpg?ve=1&amp;tl=1, https:\/\/a57.foxnews.com\/static.foxnews.com\/foxnews.com\/content\/uploads\/2025\/03\/686\/384\/germany-troops-basic-training-scaled.jpg?ve=1&amp;tl=1 2x\" height=\"192\" width=\"343\"><source media=\"(min-width: 768px) and (max-width: 1023px)\" srcset=\"https:\/\/a57.foxnews.com\/static.foxnews.com\/foxnews.com\/content\/uploads\/2025\/03\/672\/378\/germany-troops-basic-training-scaled.jpg?ve=1&amp;tl=1, https:\/\/a57.foxnews.com\/static.foxnews.com\/foxnews.com\/content\/uploads\/2025\/03\/1344\/756\/germany-troops-basic-training-scaled.jpg?ve=1&amp;tl=1 2x\" height=\"378\" width=\"672\"><source media=\"(min-width: 1024px) and (max-width: 1279px)\" srcset=\"https:\/\/a57.foxnews.com\/static.foxnews.com\/foxnews.com\/content\/uploads\/2025\/03\/931\/523\/germany-troops-basic-training-scaled.jpg?ve=1&amp;tl=1, https:\/\/a57.foxnews.com\/static.foxnews.com\/foxnews.com\/content\/uploads\/2025\/03\/1862\/1046\/germany-troops-basic-training-scaled.jpg?ve=1&amp;tl=1 2x\" height=\"523\" width=\"931\"><source media=\"(min-width: 1280px)\" srcset=\"https:\/\/a57.foxnews.com\/static.foxnews.com\/foxnews.com\/content\/uploads\/2025\/03\/720\/405\/germany-troops-basic-training-scaled.jpg?ve=1&amp;tl=1, https:\/\/a57.foxnews.com\/static.foxnews.com\/foxnews.com\/content\/uploads\/2025\/03\/1440\/810\/germany-troops-basic-training-scaled.jpg?ve=1&amp;tl=1 2x\" height=\"405\" width=\"720\"><img loading=\"lazy\" decoding=\"async\" src=\"https:\/\/a57.foxnews.com\/static.foxnews.com\/foxnews.com\/content\/uploads\/2025\/03\/1200\/675\/germany-troops-basic-training-scaled.jpg?ve=1&amp;tl=1\" alt=\"Gasto militar alem\u00e1n\" width=\"1200\" height=\"675\"\/><\/source><\/source><\/source><\/source><\/picture><\/div>\n<div class=\"info\">\n<div class=\"caption\">\n<p><span>Los hombres de infanter\u00eda blindados reclutados est\u00e1n atentos mientras estaban vestidos con sus uniformes de camuflaje durante un ejercicio como parte del entrenamiento b\u00e1sico de la Bundeswehr alemana en las instalaciones de los cuarteles Knuell en Schwarzenborn, Alemania, en abril de 2005. <\/span> <span>(Frank May\/Picture-Alliance\/DPA\/AP Images)<\/span><\/p>\n<\/div>\n<\/div>\n<\/div>\n<p>Associated Press inform\u00f3 recientemente que la comisionada parlamentaria de Alemania para las Fuerzas Armadas, Eva H\u00f6gl, dijo: \u00abEl mayor problema es el aburrimiento. Agreg\u00f3\u00bb si los j\u00f3venes no tienen nada que hacer, si no hay suficientes equipos y no hay suficientes entrenadores, si las habitaciones no est\u00e1n razonablemente limpias y ordenadas, que disuade a las personas y hace que el Bundesweshr no sea el Bundeswehr \u00ab.<\/p>\n<p>En una entrevista a principios de este mes con el medio de comunicaci\u00f3n alem\u00e1n Welt, el historiador alem\u00e1n Michael Wolffsohn, que ense\u00f1\u00f3 en<strong> <\/strong>La Universidad de Bundeswehr, dijo sobre el fracaso de Alemania y Europa occidental durante las d\u00e9cadas para abordar sus graves d\u00e9ficits de defensa: \u00abAhora obtenemos el recibo de todo lo que descuidamos\u00bb.<\/p>\n<p>Fox News Digital envi\u00f3 una consulta de prensa detallada al Ministerio de Relaciones Exteriores alem\u00e1n sobre las cr\u00edticas de Trump de que Berl\u00edn ha subestimado cr\u00f3nicamente en defensa y permaneci\u00f3 casado con el suministro de gas de Putin despu\u00e9s de sus advertencias.<\/p>\n<p><i>Caitlin McFall de Fox News contribuy\u00f3 a este informe.<\/i><\/p>\n<p> <!----> <\/p>\n<div class=\"article-meta\">\n<div class=\"author-bio\">\n<p>Benjamin Weinthal informa sobre Israel, Ir\u00e1n, Siria, Turqu\u00eda y Europa. Puede seguir a Benjamin en Twitter @benweinthal y enviarle un correo electr\u00f3nico a benjamin.weinthal@fox.com<\/p>\n<\/div>\n<\/div>\n<\/div>\n\n","protected":false},"excerpt":{"rendered":"<p>Las continuas cr\u00edticas del presidente Donald Trump por el fracaso de Alemania en pagar sus facturas de defensa parecen haber empujado a una de las naciones m\u00e1s ricas de Europa a la acci\u00f3n. La cr\u00edtica del presidente a Berl\u00edn ha obligado a Alemania a aumentar los fondos para sus fuerzas militares e infraestructura, que seg\u00fan &hellip;<\/p>\n","protected":false},"author":1,"featured_media":20661,"comment_status":"open","ping_status":"open","sticky":false,"template":"","format":"standard","meta":{"fifu_image_url":"https:\/\/static.foxnews.com\/foxnews.com\/content\/uploads\/2025\/03\/trump-german-flag-wh-scaled.jpg","fifu_image_alt":"","footnotes":""},"categories":[13],"tags":[],"class_list":["post-20659","post","type-post","status-publish","format-standard","has-post-thumbnail","","category-mundo"],"_links":{"self":[{"href":"https:\/\/noticiasveraces.com\/index.php?rest_route=\/wp\/v2\/posts\/20659","targetHints":{"allow":["GET"]}}],"collection":[{"href":"https:\/\/noticiasveraces.com\/index.php?rest_route=\/wp\/v2\/posts"}],"about":[{"href":"https:\/\/noticiasveraces.com\/index.php?rest_route=\/wp\/v2\/types\/post"}],"author":[{"embeddable":true,"href":"https:\/\/noticiasveraces.com\/index.php?rest_route=\/wp\/v2\/users\/1"}],"replies":[{"embeddable":true,"href":"https:\/\/noticiasveraces.com\/index.php?rest_route=%2Fwp%2Fv2%2Fcomments&post=20659"}],"version-history":[{"count":0,"href":"https:\/\/noticiasveraces.com\/index.php?rest_route=\/wp\/v2\/posts\/20659\/revisions"}],"wp:featuredmedia":[{"embeddable":true,"href":"https:\/\/noticiasveraces.com\/index.php?rest_route=\/wp\/v2\/media\/20661"}],"wp:attachment":[{"href":"https:\/\/noticiasveraces.com\/index.php?rest_route=%2Fwp%2Fv2%2Fmedia&parent=20659"}],"wp:term":[{"taxonomy":"category","embeddable":true,"href":"https:\/\/noticiasveraces.com\/index.php?rest_route=%2Fwp%2Fv2%2Fcategories&post=20659"},{"taxonomy":"post_tag","embeddable":true,"href":"https:\/\/noticiasveraces.com\/index.php?rest_route=%2Fwp%2Fv2%2Ftags&post=20659"}],"curies":[{"name":"wp","href":"https:\/\/api.w.org\/{rel}","templated":true}]}}