{"id":20631,"date":"2025-03-29T01:21:36","date_gmt":"2025-03-29T05:21:36","guid":{"rendered":"https:\/\/noticiasveraces.com\/?p=20631"},"modified":"2025-03-29T01:21:36","modified_gmt":"2025-03-29T05:21:36","slug":"bucaramanga-amargo-fiesta-verdolaga-memes-tras-derrota-de-nacional","status":"publish","type":"post","link":"https:\/\/noticiasveraces.com\/?p=20631","title":{"rendered":"Bucaramanga amarg\u00f3 fiesta verdolaga: memes tras derrota de Nacional"},"content":{"rendered":"<p> \n<br \/><img decoding=\"async\" src=\"https:\/\/www.futbolred.com\/files\/article_graphic\/uploads\/2025\/03\/28\/67e75d337dccb.jpeg\" \/><\/p>\n<header>\n<h3>\n<p>                Curiosidades de f\u00fatbol<br \/>\n            <\/h3>\n<h1>\n<p>            Bucaramanga amarg\u00f3 fiesta verdolaga: memes tras derrota de Nacional<br \/>\n        <\/h1>\n<address>\n            <a>Cesar David Linares Ricaurte<br \/>\n        <\/address>\n<p>            28 de marzo de 2025, 09:49 p. metro.<\/p>\n<\/header>\n<p>El conjunto de Javier Gandolfi dej\u00f3 escapar la oportunidad de subirse a la primera posici\u00f3n.<\/p>\n<p>Atl\u00e9tico Nacional sufri\u00f3 la furia de un Bucaramanga, que viene de menos a m\u00e1s, tras la llegada de Leonel \u00c1lvarez como director t\u00e9cnico.&nbsp;<\/p>\n<p>En el marco de la fecha 11, el estadio Am\u00e9rico Montanini recibi\u00f3 a las escuadras en un vibrante duelo que termin\u00f3 2-0 a favor de los &#8216;leopardos&#8217;.&nbsp;<\/p>\n<p>El conjunto &#8216;verdolaga&#8217; lleg\u00f3 a su segunda derrota a lo largo del semestre y los memes no dejaron escapar la situaci\u00f3n.<\/p>\n<h2>Vea aqu\u00ed los mejores memes del partido Bucaramanga vs Nacional<\/h2>\n\n","protected":false},"excerpt":{"rendered":"<p>Curiosidades de f\u00fatbol Bucaramanga amarg\u00f3 fiesta verdolaga: memes tras derrota de Nacional Cesar David Linares Ricaurte 28 de marzo de 2025, 09:49 p. metro. El conjunto de Javier Gandolfi dej\u00f3 escapar la oportunidad de subirse a la primera posici\u00f3n. Atl\u00e9tico Nacional sufri\u00f3 la furia de un Bucaramanga, que viene de menos a m\u00e1s, tras la &hellip;<\/p>\n","protected":false},"author":1,"featured_media":20633,"comment_status":"open","ping_status":"open","sticky":false,"template":"","format":"standard","meta":{"fifu_image_url":"https:\/\/www.futbolred.com\/files\/og_thumbnail\/uploads\/2025\/03\/28\/67e75d337dccb.jpeg","fifu_image_alt":"","footnotes":""},"categories":[6],"tags":[],"class_list":["post-20631","post","type-post","status-publish","format-standard","has-post-thumbnail","","category-deportes"],"_links":{"self":[{"href":"https:\/\/noticiasveraces.com\/index.php?rest_route=\/wp\/v2\/posts\/20631","targetHints":{"allow":["GET"]}}],"collection":[{"href":"https:\/\/noticiasveraces.com\/index.php?rest_route=\/wp\/v2\/posts"}],"about":[{"href":"https:\/\/noticiasveraces.com\/index.php?rest_route=\/wp\/v2\/types\/post"}],"author":[{"embeddable":true,"href":"https:\/\/noticiasveraces.com\/index.php?rest_route=\/wp\/v2\/users\/1"}],"replies":[{"embeddable":true,"href":"https:\/\/noticiasveraces.com\/index.php?rest_route=%2Fwp%2Fv2%2Fcomments&post=20631"}],"version-history":[{"count":0,"href":"https:\/\/noticiasveraces.com\/index.php?rest_route=\/wp\/v2\/posts\/20631\/revisions"}],"wp:featuredmedia":[{"embeddable":true,"href":"https:\/\/noticiasveraces.com\/index.php?rest_route=\/wp\/v2\/media\/20633"}],"wp:attachment":[{"href":"https:\/\/noticiasveraces.com\/index.php?rest_route=%2Fwp%2Fv2%2Fmedia&parent=20631"}],"wp:term":[{"taxonomy":"category","embeddable":true,"href":"https:\/\/noticiasveraces.com\/index.php?rest_route=%2Fwp%2Fv2%2Fcategories&post=20631"},{"taxonomy":"post_tag","embeddable":true,"href":"https:\/\/noticiasveraces.com\/index.php?rest_route=%2Fwp%2Fv2%2Ftags&post=20631"}],"curies":[{"name":"wp","href":"https:\/\/api.w.org\/{rel}","templated":true}]}}