{"id":20594,"date":"2025-03-28T19:49:40","date_gmt":"2025-03-28T23:49:40","guid":{"rendered":"https:\/\/noticiasveraces.com\/?p=20594"},"modified":"2025-03-28T19:49:40","modified_gmt":"2025-03-28T23:49:40","slug":"el-virus-del-papiloma-humano-y-la-vacuna-de-la-discordia","status":"publish","type":"post","link":"https:\/\/noticiasveraces.com\/?p=20594","title":{"rendered":"El virus del papiloma humano y la vacuna de la discordia"},"content":{"rendered":"<p> \n<\/p>\n<div id=\"\">\n<figure class=\"bbc-1qn0xuy\">\n<div class=\"bbc-j1srjl\" style=\"padding-bottom:56.25%\"><img loading=\"lazy\" decoding=\"async\" srcset=\"https:\/\/ichef.bbci.co.uk\/ace\/ws\/240\/amz\/worldservice\/live\/assets\/images\/2014\/08\/28\/140828122343_salud_vacuna_polemica_virus_papiloma_humano_624x351_ap.jpg.webp 240w, https:\/\/ichef.bbci.co.uk\/ace\/ws\/320\/amz\/worldservice\/live\/assets\/images\/2014\/08\/28\/140828122343_salud_vacuna_polemica_virus_papiloma_humano_624x351_ap.jpg.webp 320w, https:\/\/ichef.bbci.co.uk\/ace\/ws\/480\/amz\/worldservice\/live\/assets\/images\/2014\/08\/28\/140828122343_salud_vacuna_polemica_virus_papiloma_humano_624x351_ap.jpg.webp 480w, https:\/\/ichef.bbci.co.uk\/ace\/ws\/624\/amz\/worldservice\/live\/assets\/images\/2014\/08\/28\/140828122343_salud_vacuna_polemica_virus_papiloma_humano_624x351_ap.jpg.webp 624w\" sizes=\"auto, (min-width: 1008px) 760px, 100vw\" alt=\"Ni\u00f1a vacun\u00e1ndose.\" width=\"624\" height=\"351\" src=\"aspect-ratio:624 \/ 351\" class=\"bbc-139onq\"\/><\/p>\n<p class=\"bbc-by8ykd\" role=\"text\"><span class=\"bbc-m04vo2\">Fuente de la imagen, <\/span><span lang=\"en-GB\">AP<\/span><\/p>\n<\/div><figcaption class=\"bbc-15f1ujd\" dir=\"ltr\"><span role=\"text\"><span class=\"bbc-m04vo2\">Pie de foto, <\/span><span data-testid=\"caption-paragraph\">Expertos cuestionan la efectividad y la conveniencia de la vacuna.<\/span><\/span><\/figcaption><\/figure>\n<section role=\"region\" aria-labelledby=\"article-byline\" class=\"bbc-1vjaf6b\"><strong id=\"article-byline\" aria-hidden=\"true\" class=\"bbc-m04vo2\">Informaci\u00f3n del art\u00edculo<\/strong><\/p>\n<ul role=\"list\" class=\"bbc-1rvtlej\">\n<li><span role=\"text\"><span class=\"bbc-m04vo2\">Autor, <\/span><span class=\"bbc-1ypcc2\">Leire Ventas<\/span><\/span><\/li>\n<li><span role=\"text\"><span class=\"bbc-m04vo2\">T\u00edtulo del autor, <!-- --> <\/span><span class=\"bbc-1y5sx98\">BBC Mundo<\/span><\/span><\/li>\n<li class=\"bbc-v8pmqw\">\n<p><time datetime=\"2014-08-28\" class=\"bbc-1dafq0j e1mklfmt0\">28 de agosto de 2014<\/time><\/p>\n<\/li>\n<\/ul>\n<\/section>\n<div dir=\"ltr\" class=\"bbc-19j92fr ebmt73l0\">\n<p dir=\"ltr\" class=\"bbc-hhl7in e17g058b0\"><b>\u00ab\u00bfQu\u00e9 justificaci\u00f3n tiene pagar el precio de una reacci\u00f3n adversa grave, en ni\u00f1as con toda la vida por delante, para prevenir un hipot\u00e9tico c\u00e1ncer al cabo de 30 a\u00f1os?\u00bb, se pregunta Alicia Capilla, la presidenta de la Asociaci\u00f3n de Afectadas por la Vacuna del Papiloma (AAVP).<\/b><\/p>\n<\/div>\n<div dir=\"ltr\" class=\"bbc-19j92fr ebmt73l0\">\n<p dir=\"ltr\" class=\"bbc-hhl7in e17g058b0\">La organizaci\u00f3n espa\u00f1ola relacion\u00f3 p\u00fablicamente esta semana el tratamiento contra el virus asociado al c\u00e1ncer de cuello uterino -el virus del papiloma humano (VPH)- con la muerte de tres ni\u00f1as en el pa\u00eds.<\/p>\n<\/div>\n<div dir=\"ltr\" class=\"bbc-19j92fr ebmt73l0\">\n<p dir=\"ltr\" class=\"bbc-hhl7in e17g058b0\">Sin embargo, la posici\u00f3n de la m\u00e1xima autoridad sanitaria es clara. \u00abLa OMS recomienda a los pa\u00edses considerar la vacunaci\u00f3n contra el VPH cuando la incidencia de la enfermedad es alta y cuando la vacuna es rentable y su aplicaci\u00f3n asequible y sostenible\u00bb, remarc\u00f3 la organizaci\u00f3n a BBC Mundo.<\/p>\n<\/div>\n<div dir=\"ltr\" class=\"bbc-19j92fr ebmt73l0\">\n<p dir=\"ltr\" class=\"bbc-hhl7in e17g058b0\">Su postura es firme desde 2009, cuando hizo p\u00fablico su posicionamiento a trav\u00e9s de una declaraci\u00f3n. Lo \u00fanico que ha cambiado desde entonces es la dosis sugerida.<\/p>\n<\/div>\n<section aria-label=\"Publicidad 2\" aria-hidden=\"true\" role=\"region\" data-e2e=\"advertisement\" class=\"bbc-geybui\"\/>\n<figure class=\"bbc-1qn0xuy\">\n<div class=\"bbc-j1srjl\" style=\"padding-bottom:56.25%\"><img decoding=\"async\" srcset=\"https:\/\/ichef.bbci.co.uk\/ace\/ws\/240\/amz\/worldservice\/live\/assets\/images\/2014\/08\/28\/140828122724_salud_vacuna_polemica_virus_papiloma_humano_624x351_spl.jpg.webp 240w, https:\/\/ichef.bbci.co.uk\/ace\/ws\/320\/amz\/worldservice\/live\/assets\/images\/2014\/08\/28\/140828122724_salud_vacuna_polemica_virus_papiloma_humano_624x351_spl.jpg.webp 320w, https:\/\/ichef.bbci.co.uk\/ace\/ws\/480\/amz\/worldservice\/live\/assets\/images\/2014\/08\/28\/140828122724_salud_vacuna_polemica_virus_papiloma_humano_624x351_spl.jpg.webp 480w, https:\/\/ichef.bbci.co.uk\/ace\/ws\/624\/amz\/worldservice\/live\/assets\/images\/2014\/08\/28\/140828122724_salud_vacuna_polemica_virus_papiloma_humano_624x351_spl.jpg.webp 624w\" sizes=\"auto, (min-width: 1008px) 760px, 100vw\" alt=\"Virus del Papiloma Humano.\" loading=\"lazy\" width=\"624\" height=\"351\" src=\"aspect-ratio:624 \/ 351\" class=\"bbc-139onq\"\/><\/p>\n<p class=\"bbc-by8ykd\" role=\"text\"><span class=\"bbc-m04vo2\">Fuente de la imagen, <\/span><span lang=\"en-GB\">Slapio<\/span><\/p>\n<\/div><figcaption class=\"bbc-15f1ujd\" dir=\"ltr\"><span role=\"text\"><span class=\"bbc-m04vo2\">Pie de foto, <\/span><span data-testid=\"caption-paragraph\">El VPH es el causante del 70% de los c\u00e1nceres de cuello de \u00fatero.<\/span><\/span><\/figcaption><\/figure>\n<div dir=\"ltr\" class=\"bbc-19j92fr ebmt73l0\">\n<p dir=\"ltr\" class=\"bbc-hhl7in e17g058b0\">\u00abSiguiendo lo recomendado por el Grupo Estrat\u00e9gico de Expertos sobre inmunizaci\u00f3n de abril de 2014, sobre reducir de tres a dos las dosis inoculadas a las adolescentes entre 9 y 13 a\u00f1os, la OMS har\u00e1 p\u00fablico un documento en octubre de 2014\u00bb, inform\u00f3 la organizaci\u00f3n en ese sentido.<\/p>\n<\/div>\n<p><h2 id=\"Reportes-adversos\" tabindex=\"-1\" class=\"bbc-1lgzob2 eglt09e0\">Reportes adversos<\/h2>\n<\/p>\n<div dir=\"ltr\" class=\"bbc-19j92fr ebmt73l0\">\n<p dir=\"ltr\" class=\"bbc-hhl7in e17g058b0\">A pesar de la clara posici\u00f3n de la OMS, reportes adversos no dejan de hacerse p\u00fablicos. Reacciones que los detractores relacionan con el aluminio que contiene la vacuna.<\/p>\n<\/div>\n<div dir=\"ltr\" class=\"bbc-19j92fr ebmt73l0\">\n<p dir=\"ltr\" class=\"bbc-hhl7in e17g058b0\">Seg\u00fan el informe del 1 de agosto de 2014 del Sistema de Reportes sobre Eventos Adversos de Vacunas (Vaccine Adverse Event Reporting System, en ingl\u00e9s) de los 2.566 formularios recibidos de denuncias de injuriados por dichos tratamientos en Estados Unidos, y que fueron analizados por el Programa de Compensaci\u00f3n, 151 corresponden a casos de la vacuna VPH. De estos 71 fueron compensados, seg\u00fan el Departamento de Salud de Estados Unidos.<\/p>\n<\/div>\n<div dir=\"ltr\" class=\"bbc-19j92fr ebmt73l0\">\n<p dir=\"ltr\" class=\"bbc-hhl7in e17g058b0\">La Agencia Europea del Medicamento tambi\u00e9n ha recibido reportes de ese tipo.<\/p>\n<\/div>\n<div dir=\"ltr\" class=\"bbc-19j92fr ebmt73l0\">\n<p dir=\"ltr\" class=\"bbc-hhl7in e17g058b0\">\u00ab\u00bfPor qu\u00e9 entonces no se investigan a fondo, con rigor m\u00e9dico, si existe causalidad entre la aplicaci\u00f3n de la vacuna y las reacciones adversas?\u00bb, se vuelve a preguntar la presidenta de la AAVP.<\/p>\n<\/div>\n<figure class=\"bbc-1qn0xuy\">\n<div class=\"bbc-j1srjl\" style=\"padding-bottom:56.25%\"><img decoding=\"async\" srcset=\"https:\/\/ichef.bbci.co.uk\/ace\/ws\/240\/amz\/worldservice\/live\/assets\/images\/2014\/08\/28\/140828122934_salud_vacuna_polemica_virus_papiloma_humano_624x351_aavp.jpg.webp 240w, https:\/\/ichef.bbci.co.uk\/ace\/ws\/320\/amz\/worldservice\/live\/assets\/images\/2014\/08\/28\/140828122934_salud_vacuna_polemica_virus_papiloma_humano_624x351_aavp.jpg.webp 320w, https:\/\/ichef.bbci.co.uk\/ace\/ws\/480\/amz\/worldservice\/live\/assets\/images\/2014\/08\/28\/140828122934_salud_vacuna_polemica_virus_papiloma_humano_624x351_aavp.jpg.webp 480w, https:\/\/ichef.bbci.co.uk\/ace\/ws\/624\/amz\/worldservice\/live\/assets\/images\/2014\/08\/28\/140828122934_salud_vacuna_polemica_virus_papiloma_humano_624x351_aavp.jpg.webp 624w\" sizes=\"auto, (min-width: 1008px) 760px, 100vw\" alt=\"Protesta de la  la Asociaci\u00f3n de Afectadas por la Vacuna del Papiloma.\" loading=\"lazy\" width=\"624\" height=\"351\" src=\"aspect-ratio:624 \/ 351\" class=\"bbc-139onq\"\/><\/p>\n<p class=\"bbc-by8ykd\" role=\"text\"><span class=\"bbc-m04vo2\">Fuente de la imagen, <\/span><span lang=\"en-GB\">AAVP<\/span><\/p>\n<\/div><figcaption class=\"bbc-15f1ujd\" dir=\"ltr\"><span role=\"text\"><span class=\"bbc-m04vo2\">Pie de foto, <\/span><span data-testid=\"caption-paragraph\">La Asociaci\u00f3n de Afectadas por la Vacuna del Papiloma lleva cinco a\u00f1os tratando de que el Ministerio de Sanidad de Espa\u00f1a reconozca los efectos adversos de la vacuna.<\/span><\/span><\/figcaption><\/figure>\n<div dir=\"ltr\" class=\"bbc-19j92fr ebmt73l0\">\n<p dir=\"ltr\" class=\"bbc-hhl7in e17g058b0\">Es una de las reivindicaciones de la asociaci\u00f3n, para que los casos dejen de ser \u00absospechas\u00bb. Ya que, de momento, nig\u00fan organismo ni tribunal ha dicho lo contrario, a pesar de que en algunos casos se hayan iniciado acciones legales.<\/p>\n<\/div>\n<div dir=\"ltr\" class=\"bbc-19j92fr ebmt73l0\">\n<p dir=\"ltr\" class=\"bbc-hhl7in e17g058b0\">Capilla fund\u00f3 la asociaci\u00f3n en Valencia, Espa\u00f1a, cuando su hija de 14 a\u00f1os tuvo que ser ingresada tras recibir la vacuna. Lo reciben entre 150.000 y 160.000 adolescentes al a\u00f1o en el pa\u00eds, seg\u00fan confirm\u00f3 a BBC Mundo el Ministerio de Sanidad.<\/p>\n<\/div>\n<div dir=\"ltr\" class=\"bbc-19j92fr ebmt73l0\">\n<p dir=\"ltr\" class=\"bbc-hhl7in e17g058b0\">\u00abEstuvo muy grave. Comenz\u00f3 a convulsionar, la trasladaron a la Unidad de Cuidados Intensivos, donde pas\u00f3 41 d\u00edas, y despu\u00e9s permaneci\u00f3 ingresada cuatro meses en el hospital\u00bb, cont\u00f3 por tel\u00e9fono a BBC Mundo.<\/p>\n<\/div>\n<div dir=\"ltr\" class=\"bbc-19j92fr ebmt73l0\">\n<p dir=\"ltr\" class=\"bbc-hhl7in e17g058b0\">\u00abNos dijeron que el de ella y otras ni\u00f1as valencianas eran los \u00fanicos casos de reacci\u00f3n adversa a la vacuna en Espa\u00f1a, en Europa, incluso en el mundo\u00bb. Pronto vi\u00f3 que no era as\u00ed, cuando otros padres afectados comenzaron a contactar con ella y empez\u00f3 a informarse.<\/p>\n<\/div>\n<p><h2 id=\"Reconocimiento-de-consecuencias\" tabindex=\"-1\" class=\"bbc-1lgzob2 eglt09e0\">Reconocimiento de consecuencias<\/h2>\n<\/p>\n<div dir=\"ltr\" class=\"bbc-19j92fr ebmt73l0\">\n<p dir=\"ltr\" class=\"bbc-hhl7in e17g058b0\">Desde entonces lleva cinco a\u00f1os tratando que el gobierno espa\u00f1ol reconozca la existencia de efectos secundarios en el tratamiento; \u00abel problema de base, el que lleva a no investigar\u00bb.<\/p>\n<\/div>\n<div dir=\"ltr\" class=\"bbc-19j92fr ebmt73l0\">\n<p dir=\"ltr\" class=\"bbc-hhl7in e17g058b0\">Hay pa\u00edses que lo hacen. Como Reino Unido, cuyo Sistema Nacional de Salud (NHS, por sus siglas en ingl\u00e9s) menciona en su p\u00e1gina web las consecuencias \u00abcomunes\u00bb, \u00abraras\u00bb, \u00abmuy raras\u00bb, \u00abde frecuencia desconocida\u00bb, \u00abreacciones al\u00e9rgicas\u00bb y \u00abfatiga cr\u00f3nica\u00bb.<\/p>\n<\/div>\n<div dir=\"ltr\" class=\"bbc-19j92fr ebmt73l0\">\n<p dir=\"ltr\" class=\"bbc-hhl7in e17g058b0\">Son las mismas que indica el prospecto de Gardasil, una de las marcas de la vacuna, la que comercializa la compa\u00f1\u00eda estadounidense Merck &#038; Co. La otra marca comercial, Cervarix, de GlaxoSmithKline, menciona menos efectos negativos.<\/p>\n<\/div>\n<figure class=\"bbc-1qn0xuy\">\n<div class=\"bbc-j1srjl\" style=\"padding-bottom:124.91%\"><img decoding=\"async\" srcset=\"https:\/\/ichef.bbci.co.uk\/ace\/ws\/240\/amz\/worldservice\/live\/assets\/images\/2014\/08\/28\/140828123638_salud_vacuna_polemica_virus_papiloma_humano_281x351_ap.jpg.webp 240w, https:\/\/ichef.bbci.co.uk\/ace\/ws\/281\/amz\/worldservice\/live\/assets\/images\/2014\/08\/28\/140828123638_salud_vacuna_polemica_virus_papiloma_humano_281x351_ap.jpg.webp 281w\" sizes=\"auto, (min-width: 1008px) 760px, 100vw\" alt=\"Vacuna contra VPH.\" loading=\"lazy\" width=\"281\" height=\"351\" src=\"aspect-ratio:281 \/ 351\" class=\"bbc-139onq\"\/><\/p>\n<p class=\"bbc-by8ykd\" role=\"text\"><span class=\"bbc-m04vo2\">Fuente de la imagen, <\/span><span lang=\"en-GB\">AP<\/span><\/p>\n<\/div><figcaption class=\"bbc-15f1ujd\" dir=\"ltr\"><span role=\"text\"><span class=\"bbc-m04vo2\">Pie de foto, <\/span><span data-testid=\"caption-paragraph\">Los prospectos de las vacunas contra el VPH  <br \/>advierten de efectos secundarios.<\/span><\/span><\/figcaption><\/figure>\n<div dir=\"ltr\" class=\"bbc-19j92fr ebmt73l0\">\n<p dir=\"ltr\" class=\"bbc-hhl7in e17g058b0\">En la categor\u00eda de las reacciones poco frecuentes, el sistema brit\u00e1nico incluye el s\u00edndrome de Guillain-Barr\u00e9, un trastorno que hace que el sistema inmunol\u00f3gico ataque el sistema nervioso perif\u00e9rico, pero ninguna de las enfermedades neurol\u00f3gicas que asocia la AAVP, y mucho menos la muerte.<\/p>\n<\/div>\n<div dir=\"ltr\" class=\"bbc-19j92fr ebmt73l0\">\n<p dir=\"ltr\" class=\"bbc-hhl7in e17g058b0\">Al preguntarle sobre esta cuesti\u00f3n concreta, la OMS dijo a BBC Mundo: \u00abComo toda vacuna, la del VPH puede tener potenciales efectos adversos\u00bb. Seg\u00fan la organizaci\u00f3n, los m\u00e1s frecuentes son reacciones localizadas en la zona de la inyecci\u00f3n, como dolor, rojez e hinchaz\u00f3n. Y tambi\u00e9n dolor de cabeza, n\u00e1useas y fiebre.<\/p>\n<\/div>\n<div dir=\"ltr\" class=\"bbc-19j92fr ebmt73l0\">\n<p dir=\"ltr\" class=\"bbc-hhl7in e17g058b0\">\u00abLa muerte no est\u00e1 en la lista de potenciales consecuencias de la vacuna del VPH\u00bb, dijo, tajante.<\/p>\n<\/div>\n<div dir=\"ltr\" class=\"bbc-19j92fr ebmt73l0\">\n<p dir=\"ltr\" class=\"bbc-hhl7in e17g058b0\">Y a\u00f1adi\u00f3 que el Comit\u00e9 Consultivo Mundial sobre Seguridad de las Vacunas (GACVS, en ingl\u00e9s) ha revisado la seguridad del tratamiento con regularidad y que hasta la fecha m\u00e1s de 175 millones de dosis de la vacuna se han dado en todo el mundo.<\/p>\n<\/div>\n<p><h2 id=\"Eficacia-cuestionada-y-alternativas\" tabindex=\"-1\" class=\"bbc-1lgzob2 eglt09e0\">Eficacia cuestionada y alternativas<\/h2>\n<\/p>\n<div dir=\"ltr\" class=\"bbc-19j92fr ebmt73l0\">\n<p dir=\"ltr\" class=\"bbc-hhl7in e17g058b0\">M\u00e1s all\u00e1 de la reivindicaci\u00f3n sobre el reconocimiento de efectos secundarios, existe el cuestionamiento de la eficacia y consiguiente conveniencia de inocular a adolescentes entre 9 y 13 a\u00f1os para prevenir la enfermedad de trasmisi\u00f3n sexual.<\/p>\n<\/div>\n<div dir=\"ltr\" class=\"bbc-19j92fr ebmt73l0\">\n<p dir=\"ltr\" class=\"bbc-hhl7in e17g058b0\">\u00abLa vacuna previene de dos a cuatro serotipos (microorganismos infecciosos) de los 16 que hay (relacionados con el c\u00e1ncer de cuello uterino). Es decir, que no previene del todo\u00bb, insisti\u00f3 Capilla. \u00abAdem\u00e1s, a\u00fan no se puede saber si es eficaz, porque la enfermedad se desarrolla en 20 o 30 a\u00f1os\u00bb, y la vacuna es reciente.<\/p>\n<\/div>\n<div dir=\"ltr\" class=\"bbc-19j92fr ebmt73l0\">\n<p dir=\"ltr\" class=\"bbc-hhl7in e17g058b0\">Ya en su d\u00eda Diane Harper, investigadora de la vacuna, fue cr\u00edtica con la decisi\u00f3n de la vacunaci\u00f3n intensiva por su car\u00e1cter \u00abexperimental\u00bb.<\/p>\n<\/div>\n<figure class=\"bbc-1qn0xuy\">\n<div class=\"bbc-j1srjl\" style=\"padding-bottom:56.25%\"><img decoding=\"async\" srcset=\"https:\/\/ichef.bbci.co.uk\/ace\/ws\/240\/amz\/worldservice\/live\/assets\/images\/2014\/08\/28\/140828123429_salud_vacuna_polemica_virus_papiloma_humano_304x171_pa.jpg.webp 240w, https:\/\/ichef.bbci.co.uk\/ace\/ws\/304\/amz\/worldservice\/live\/assets\/images\/2014\/08\/28\/140828123429_salud_vacuna_polemica_virus_papiloma_humano_304x171_pa.jpg.webp 304w\" sizes=\"auto, (min-width: 1008px) 760px, 100vw\" alt=\"Laboratorio.\" loading=\"lazy\" width=\"304\" height=\"171\" src=\"aspect-ratio:304 \/ 171\" class=\"bbc-139onq\"\/><\/p>\n<p class=\"bbc-by8ykd\" role=\"text\"><span class=\"bbc-m04vo2\">Fuente de la imagen, <\/span><span lang=\"en-GB\">Pensilvania<\/span><\/p>\n<\/div><figcaption class=\"bbc-15f1ujd\" dir=\"ltr\"><span role=\"text\"><span class=\"bbc-m04vo2\">Pie de foto, <\/span><span data-testid=\"caption-paragraph\">El m\u00e9todo preventivo existente, la citolog\u00eda, es un m\u00e9todo muy eficaz y barato, seg\u00fan expertos.<\/span><\/span><\/figcaption><\/figure>\n<div dir=\"ltr\" class=\"bbc-19j92fr ebmt73l0\">\n<p dir=\"ltr\" class=\"bbc-hhl7in e17g058b0\">Pero la objeci\u00f3n m\u00e1s fuerte es el manifiesto firmado por m\u00e1s de 10.000 profesionales de la salud en Espa\u00f1a, titulado \u00abRazones para una moratoria en la aplicaci\u00f3n de la vacuna del VPH en Espa\u00f1a\u00bb. Se hizo p\u00fablico en oto\u00f1o de 2007, cuando el Ministerio de Sanidad decidi\u00f3 incluir el tratamiento en el programa de inmunizaci\u00f3n nacional.<\/p>\n<\/div>\n<div dir=\"ltr\" class=\"bbc-19j92fr ebmt73l0\">\n<p dir=\"ltr\" class=\"bbc-hhl7in e17g058b0\">El manifiesto cuestiona el costo y la oportunidad de la medida. Remarca adem\u00e1s que ya existe un m\u00e9todo de prevenci\u00f3n, la citolog\u00eda, un examen que consiste en tomar una muestra de tejido del cuello del \u00fatero para ser analizada en el laboratorio, con el fin de detectar la presencia de c\u00e9lulas anormales o cancerosas.<\/p>\n<\/div>\n<div dir=\"ltr\" class=\"bbc-19j92fr ebmt73l0\">\n<p dir=\"ltr\" class=\"bbc-hhl7in e17g058b0\">Subraya que la prueba es \u00abaltamente eficaz y de bajo costo\u00bb, por lo que se recomienda seguir practic\u00e1ndola \u00abincluso en la poblaci\u00f3n vacunada\u00bb. Algo en que insiste tambi\u00e9n la organizaci\u00f3n de afectadas espa\u00f1ola.<\/p>\n<\/div>\n<div dir=\"ltr\" class=\"bbc-19j92fr ebmt73l0\">\n<p dir=\"ltr\" class=\"bbc-hhl7in e17g058b0\">En ese sentido, cabe destacar la segunda parte de la postura de la OMS, el matiz que hace de la recomendaci\u00f3n de vacunar. Sugiere su uso \u00abcuando la incidencia de la enfermedad es alta y cuando la vacuna es rentable y su aplicaci\u00f3n asequible y sostenible\u00bb. Y tambi\u00e9n \u00abcomo parte de un enfoque integral de prevenci\u00f3n y control del c\u00e1ncer de cuello uterino\u00bb.<\/p>\n<\/div>\n<div dir=\"ltr\" class=\"bbc-19j92fr ebmt73l0\">\n<p dir=\"ltr\" class=\"bbc-hhl7in e17g058b0\">Un enfoque integral que deber\u00eda incluir, por tanto, la citolog\u00eda y, antes que nada, la educaci\u00f3n sexual. Algo con lo que todas las partes mencionadas en el art\u00edculo est\u00e1n de acuerdo.<\/p>\n<\/div>\n<\/div>\n\n","protected":false},"excerpt":{"rendered":"<p>Fuente de la imagen, AP Pie de foto, Expertos cuestionan la efectividad y la conveniencia de la vacuna. Informaci\u00f3n del art\u00edculo Autor, Leire Ventas T\u00edtulo del autor, BBC Mundo 28 de agosto de 2014 \u00ab\u00bfQu\u00e9 justificaci\u00f3n tiene pagar el precio de una reacci\u00f3n adversa grave, en ni\u00f1as con toda la vida por delante, para prevenir &hellip;<\/p>\n","protected":false},"author":1,"featured_media":20595,"comment_status":"open","ping_status":"open","sticky":false,"template":"","format":"standard","meta":{"fifu_image_url":"aspect-ratio:624%20\/%20351","fifu_image_alt":"","footnotes":""},"categories":[8],"tags":[],"class_list":["post-20594","post","type-post","status-publish","format-standard","has-post-thumbnail","","category-salud"],"_links":{"self":[{"href":"https:\/\/noticiasveraces.com\/index.php?rest_route=\/wp\/v2\/posts\/20594","targetHints":{"allow":["GET"]}}],"collection":[{"href":"https:\/\/noticiasveraces.com\/index.php?rest_route=\/wp\/v2\/posts"}],"about":[{"href":"https:\/\/noticiasveraces.com\/index.php?rest_route=\/wp\/v2\/types\/post"}],"author":[{"embeddable":true,"href":"https:\/\/noticiasveraces.com\/index.php?rest_route=\/wp\/v2\/users\/1"}],"replies":[{"embeddable":true,"href":"https:\/\/noticiasveraces.com\/index.php?rest_route=%2Fwp%2Fv2%2Fcomments&post=20594"}],"version-history":[{"count":0,"href":"https:\/\/noticiasveraces.com\/index.php?rest_route=\/wp\/v2\/posts\/20594\/revisions"}],"wp:featuredmedia":[{"embeddable":true,"href":"https:\/\/noticiasveraces.com\/index.php?rest_route=\/wp\/v2\/media\/20595"}],"wp:attachment":[{"href":"https:\/\/noticiasveraces.com\/index.php?rest_route=%2Fwp%2Fv2%2Fmedia&parent=20594"}],"wp:term":[{"taxonomy":"category","embeddable":true,"href":"https:\/\/noticiasveraces.com\/index.php?rest_route=%2Fwp%2Fv2%2Fcategories&post=20594"},{"taxonomy":"post_tag","embeddable":true,"href":"https:\/\/noticiasveraces.com\/index.php?rest_route=%2Fwp%2Fv2%2Ftags&post=20594"}],"curies":[{"name":"wp","href":"https:\/\/api.w.org\/{rel}","templated":true}]}}