{"id":20574,"date":"2025-03-28T13:45:07","date_gmt":"2025-03-28T17:45:07","guid":{"rendered":"https:\/\/noticiasveraces.com\/?p=20574"},"modified":"2025-03-28T13:45:07","modified_gmt":"2025-03-28T17:45:07","slug":"el-recuerdo-de-un-titulo-que-no-pudo-ser-dw-28-03-2025","status":"publish","type":"post","link":"https:\/\/noticiasveraces.com\/?p=20574","title":{"rendered":"el recuerdo de un t\u00edtulo que no pudo ser \u2013 DW \u2013 28\/03\/2025"},"content":{"rendered":"<p> \n<\/p>\n<div>\n<p>Borussia Dortmund y Mainz 05 se vuelven a ver las caras ante la gran muralla amarilla del Signal Iduna Park. Pero esta vez, los recuerdos afloran y las realidades parecen haberse invertido seg\u00fan sus roles habituales en el margen de lo cotidiano a nivel Bundesliga. Fue precisamente el Mainz quien arrebat\u00f3 al Dortmund la \u00faltima gran posibilidad de campeonar en el torneo dom\u00e9stico.<\/p>\n<h2>Un recuerdo imborrable<\/h2>\n<p>Corr\u00eda la \u00faltima fecha de la temporada 2022\/23 de la Bundesliga. La ciudad de Dortmund preparaba los manteles largos en casa bajo el radiante sol primaveral de mayo confortando uno de los templos europeos del f\u00fatbol. Para el Borussia Dortmund, ganar el partido ante su hinchada contra el noveno lugar de la clasificaci\u00f3n parec\u00eda el momento m\u00e1gico esperado por muchos. La impaciencia reinaba en la ciudad renana.<\/p>\n<p>De firmar el empate, el \u00abnegriamarillo\u201d depend\u00eda del resultado en Colonia entre el FC K\u00f6ln y el Bayern M\u00fanich. De llevarse los tres puntos, Dortmund aseguraba alzar la ensaladera de campe\u00f3n, y un poco m\u00e1s: poner fin a la d\u00e9cada del reinado del archirrival b\u00e1varo.<\/p>\n<p>Pero no sucedi\u00f3 as\u00ed. El Mainz 05, entonces comandado por Bo Svensson, les ech\u00f3 a perder la fiesta tras igualar los cartones 2-2 al tiempo que \u00abmagic Musiala\u201d sal\u00eda desde la banca del Bayern para firmar en Colonia el ag\u00f3nico gol del triunfo, y del campeonato. M\u00fanich celebraba su onceavo t\u00edtulo consecutivo de Bundesliga.<\/p>\n<figure class=\"placeholder-image master_landscape big\"><img data-format=\"MASTER_LANDSCAPE\" data-id=\"65755179\" data-url=\"https:\/\/static.dw.com\/image\/65755179_${formatId}.jpg\" data-aspect-ratio=\"16\/9\" alt=\"Jude Bellingham, consolado por Edin Terzic, no pudo proclamarse campe\u00f3n de Bundesliga en su \u00faltima temporada vistiendo los colores del Borussia Dortmund.\" style=\"padding-bottom: 56.25%; height: 0; max-height: 0;\"\/><figcaption class=\"img-caption\">Jude Bellingham, consolado por Edin Terzic, no pudo proclamarse campe\u00f3n de Bundesliga en su \u00faltima temporada vistiendo los colores del Borussia Dortmund.<small class=\"copyright\">Imagen: Norbert Schmidt\/Picture Alliance<\/small><\/figcaption><\/figure>\n<p>Ese recuerdo es ahora indeleble y tel\u00f3n de fondo de cada partido entre Dortmund y Mainz; ciudades vecinas en el oeste de Alemania. El entrenador Edin Terzic fundido en llanto frente a la tribuna sur dej\u00f3 una de las im\u00e1genes para la posteridad. En definitiva, y por c\u00f3mo ocurrieron los hechos, a la postre esa derrota fue m\u00e1s dolorosa si es que fuese posible establecer un puente con el tropiezo en la final de la Champions League del 1 de junio de 2024 en Wembley (Londres) contra el Real Madrid de Carlo Ancelotti. Madrid celebraba su decimoquinta corona de Europa.<\/p>\n<p>En la antesala de un nuevo enfrentamiento, hoy la realidad es otra. Esta vez los dirigidos por Niko Kovac navegan lejos de la cima y pensar en el t\u00edtulo no es m\u00e1s que un sue\u00f1o guajiro. El Mainz, por su parte, est\u00e1 metido en puestos de Liga de Campeones de la mano del dan\u00e9s Bo Henriksen.<\/p>\n<p><span data-slot-id=\"Article_InContent-1\" class=\"rich-text-ad\"\/><\/p>\n<h2>Puestos invertidos<\/h2>\n<p>Pese a las \u00abdos grandes finales\u201d perdidas, Edin Terzic entreg\u00f3 a Dortmund momentos esperanzadores que cualquier aficionado a este deporte firmar\u00eda sin importar el resultado final. Lo cierto es que, tras el subcampeonato de 2023, la subsecuente derrota en Champions, y el quinto puesto de la temporada pasada, el equipo ha venido a menos desde la salida de Terzic en lo que algunos calificar\u00edan como un \u00abdesplome deportivo\u201d que ha arrumbado al protag\u00f3nico club a la posici\u00f3n 11 de la general local. Y si bien es cierto que el equipo jugar\u00e1 los cuartos de final del prestigioso torneo de clubes en Europa, el choque de la fecha 27 de Bundesliga contra Mainz es su \u00faltima oportunidad para entrar la pr\u00f3xima edici\u00f3n de Liga de Campeones.<\/p>\n<p>Desde Dortmund, no obstante, el pasto del vecino Mainz luce efectivamente m\u00e1s verde: un equipo que estuvo al borde del descenso, revivido hace 13 meses por Henriksen y que marcha en el espectacular tercer puesto de la clasificaci\u00f3n. \u00abTenemos la sensaci\u00f3n de que podemos conseguir un buen resultado\u201d, declar\u00f3 Henriksen antes del partido en el BVB: \u00abTenemos respeto, pero no miedo. Podemos ganar a cualquier equipo, pero tambi\u00e9n podemos perder contra cualquiera\u201d, afirm\u00f3 el entrenador revelaci\u00f3n de la Bundesliga.<\/p>\n<figure class=\"placeholder-image master_landscape big\"><img data-format=\"MASTER_LANDSCAPE\" data-id=\"68243657\" data-url=\"https:\/\/static.dw.com\/image\/68243657_${formatId}.jpg\" data-aspect-ratio=\"16\/9\" alt=\"Bo Henriksen dirigi\u00f3 anteriormente al FC Z\u00farich de Suiza.\" style=\"padding-bottom: 56.25%; height: 0; max-height: 0;\"\/><figcaption class=\"img-caption\">Bo Henriksen dirigi\u00f3 anteriormente al FC Z\u00farich de Suiza.<small class=\"copyright\">Imagen: Ennio Leanza\/Keystone\/Picture Alliance<\/small><\/figcaption><\/figure>\n<h2>Henriksen se lleva las palmas<\/h2>\n<p>El dan\u00e9s Bo Henriksen ya estuvo en Dortmund el pasado domingo, tan orgulloso como un padre, podr\u00eda decirse, pues dos de sus jugadores fueron convocados para el partido Alemania vs. Italia en Liga de Naciones: Jonathan Burkardt y Nadiem Amiri, ambos en pleno despunte gracias a la armon\u00eda que se vive en Mainz.<\/p>\n<p>Y mientras que el propio entrenador resalta la intensidad y diversi\u00f3n de su elenco de cara al encuentro en Dortmund, en Dinamarca lo acaban de nombrar Entrenador del A\u00f1o 2024, un honor personal pero compartido, dice Bo: \u00abSolo podemos ganar premios como este si tenemos \u00e9xito. Eso significa que tenemos que seguir dando lo mejor de nosotros cada d\u00eda\u201d.<\/p>\n<p>Ante dicha contundencia, el enfrentamiento de la jornada 27 de Bundesliga oscila entre lo que para unos es un sue\u00f1o y para otros una obligaci\u00f3n: la Champions League. Pero si Henriksen le hace la travesura a Kovac en Dortmund, tambi\u00e9n ser\u00eda una confirmaci\u00f3n de que al pasado no le alcanza con pasar.<\/p>\n<p>(Autom\u00f3vil club brit\u00e1nico)<\/p>\n<\/div>\n\n","protected":false},"excerpt":{"rendered":"<p>Borussia Dortmund y Mainz 05 se vuelven a ver las caras ante la gran muralla amarilla del Signal Iduna Park. Pero esta vez, los recuerdos afloran y las realidades parecen haberse invertido seg\u00fan sus roles habituales en el margen de lo cotidiano a nivel Bundesliga. Fue precisamente el Mainz quien arrebat\u00f3 al Dortmund la \u00faltima &hellip;<\/p>\n","protected":false},"author":1,"featured_media":20575,"comment_status":"open","ping_status":"open","sticky":false,"template":"","format":"standard","meta":{"fifu_image_url":"https:\/\/static.dw.com\/image\/65754120_6.jpg","fifu_image_alt":"","footnotes":""},"categories":[13],"tags":[],"class_list":["post-20574","post","type-post","status-publish","format-standard","has-post-thumbnail","","category-mundo"],"_links":{"self":[{"href":"https:\/\/noticiasveraces.com\/index.php?rest_route=\/wp\/v2\/posts\/20574","targetHints":{"allow":["GET"]}}],"collection":[{"href":"https:\/\/noticiasveraces.com\/index.php?rest_route=\/wp\/v2\/posts"}],"about":[{"href":"https:\/\/noticiasveraces.com\/index.php?rest_route=\/wp\/v2\/types\/post"}],"author":[{"embeddable":true,"href":"https:\/\/noticiasveraces.com\/index.php?rest_route=\/wp\/v2\/users\/1"}],"replies":[{"embeddable":true,"href":"https:\/\/noticiasveraces.com\/index.php?rest_route=%2Fwp%2Fv2%2Fcomments&post=20574"}],"version-history":[{"count":0,"href":"https:\/\/noticiasveraces.com\/index.php?rest_route=\/wp\/v2\/posts\/20574\/revisions"}],"wp:featuredmedia":[{"embeddable":true,"href":"https:\/\/noticiasveraces.com\/index.php?rest_route=\/wp\/v2\/media\/20575"}],"wp:attachment":[{"href":"https:\/\/noticiasveraces.com\/index.php?rest_route=%2Fwp%2Fv2%2Fmedia&parent=20574"}],"wp:term":[{"taxonomy":"category","embeddable":true,"href":"https:\/\/noticiasveraces.com\/index.php?rest_route=%2Fwp%2Fv2%2Fcategories&post=20574"},{"taxonomy":"post_tag","embeddable":true,"href":"https:\/\/noticiasveraces.com\/index.php?rest_route=%2Fwp%2Fv2%2Ftags&post=20574"}],"curies":[{"name":"wp","href":"https:\/\/api.w.org\/{rel}","templated":true}]}}