{"id":20558,"date":"2025-03-28T12:43:37","date_gmt":"2025-03-28T16:43:37","guid":{"rendered":"https:\/\/noticiasveraces.com\/?p=20558"},"modified":"2025-03-28T12:43:37","modified_gmt":"2025-03-28T16:43:37","slug":"polonia-suspende-el-derecho-de-asilo-dw-28-03-2025","status":"publish","type":"post","link":"https:\/\/noticiasveraces.com\/?p=20558","title":{"rendered":"Polonia suspende el derecho de asilo \u2013 DW \u2013 28\/03\/2025"},"content":{"rendered":"<p> \n<\/p>\n<div>\n<p>El Gobierno de Donald Tusk ha aprobado un decreto sobre la \u00abrestricci\u00f3n temporal del derecho a solicitar asilo\u00bb, que entr\u00f3 en vigor el jueves (27.03.2025). Es la primera vez que esto ocurre en Polonia\u00a0y es resultado de una modificaci\u00f3n legal firmada un d\u00eda antes por el presidente,\u00a0Andrzej Duda.<\/p>\n<p>Las nuevas normas tendr\u00e1n una vigencia inicial de 60 d\u00edas y se aplicar\u00e1n \u00fanicamente en la frontera con Bielorrusia. Posteriormente, el Parlamento podr\u00e1 extenderlas por otros 60 d\u00edas. Sin embargo, la guardia fronteriza seguir\u00e1 aceptando solicitudes de protecci\u00f3n internacional de menores no acompa\u00f1ados, mujeres embarazadas y personas que requieran un trato especial debido a su edad o estado de salud.<\/p>\n<p>La restricci\u00f3n tampoco se aplicar\u00e1 a quienes, seg\u00fan la guardia fronteriza, puedan demostrar de manera clara que en el pa\u00eds del que provienen enfrentan un peligro real de sufrir da\u00f1os graves.<\/p>\n<h2>Un giro m\u00e1s duro en pol\u00edtica migratoria<\/h2>\n<p>En materia migratoria, el Gobierno liberal-conservador de Tusk ha adoptado una postura m\u00e1s estricta que su predecesor nacional-conservador del partido Ley y Justicia (PiS). Su proyecto estrella es el \u00abEscudo Oriental\u00bb, dise\u00f1ado no solo para proteger a Polonia de ataques militares, sino tambi\u00e9n de la migraci\u00f3n supuestamente controlada por Mosc\u00fa y Minsk.<\/p>\n<p>La reforma legal fue aprobada el 21 de febrero con 386 votos a favor y solo 38 en contra, tras meses de intenso debate.<\/p>\n<figure class=\"placeholder-image master_landscape big\"><img data-format=\"MASTER_LANDSCAPE\" data-id=\"71005405\" data-url=\"https:\/\/static.dw.com\/image\/71005405_${formatId}.jpg\" data-aspect-ratio=\"16\/9\" alt=\"Rafal Trzaskowski de pie en un atril, con un p\u00fablico al fondo.\" style=\"padding-bottom: 56.25%; height: 0; max-height: 0;\"\/><figcaption class=\"img-caption\">Rafal Trzaskowski, alcalde de Varsovia y candidato a las elecciones presidenciales de 2025.<small class=\"copyright\">Imagen: Jarek Praszkiewicz\/PAP\/DPA\/Picture Alliance<\/small><\/figcaption><\/figure>\n<h2>Legalizaci\u00f3n de las devoluciones en caliente<\/h2>\n<p>Para Urszula Wolfram, directora de la organizaci\u00f3n de ayuda humanitaria Podlaskie Ochotnicze Pogotowie Humanitarne (POPH), esta nueva regulaci\u00f3n no es m\u00e1s que una \u00ablegalizaci\u00f3n de la pr\u00e1ctica de <em>retroceso<\/em>\u00bb o devoluciones en caliente, llevada a cabo por las autoridades polacas. Se trata de\u00a0medidas estatales que obligan a migrantes y refugiados a abandonar un territorio\u00a0sin darles la posibilidad de solicitar asilo<\/p>\n<p>\u00ab\u00bfC\u00f3mo se supone que funcionar\u00e1 esto?\u00bb, cuestiona\u00a0Wolfram en una entrevista con DW en Varsovia. \u00ab\u00bfLa guardia fronteriza con tan solo mirar\u00a0a los ojos de las personas va a\u00a0decidir por s\u00ed misma si tienen derecho a protecci\u00f3n internacional?\u00bb<\/p>\n<p>Seg\u00fan Wolfram, no le corresponde a este cuerpo\u00a0determinar qui\u00e9n tiene derecho a asilo. \u00abEsa es una competencia de la Oficina de Extranjer\u00eda de Polonia\u00bb, subraya.<\/p>\n<p>La jurista Hanna Machinska, de la Fundaci\u00f3n Helsinki, considera que se trata de una \u00abviolaci\u00f3n dr\u00e1stica del derecho internacional\u00bb.<\/p>\n<p>\u00abEsta ley contradice la Convenci\u00f3n Europea de Derechos Humanos. Si llega al Tribunal Europeo de Derechos Humanos, Polonia perder\u00e1 el caso\u00bb, advierte la exsubdirectora de la Oficina del Defensor del Pueblo polaco. Tambi\u00e9n afirma que la normativa vulnera la Constituci\u00f3n polaca, que garantiza el derecho de asilo.<\/p>\n<p><span data-slot-id=\"Article_InContent-1\" class=\"rich-text-ad\"\/><\/p>\n<h2>Un c\u00e1lculo pol\u00edtico antes de las elecciones<\/h2>\n<p>Machinska cree que el nuevo decreto responde a intereses pol\u00edticos. Seg\u00fan ella, con esta ley antimigraci\u00f3n, Tusk busca atraer a votantes de derecha. \u00abNo se puede combatir a la oposici\u00f3n violando el derecho internacional\u00bb, enfatiza al respecto.<\/p>\n<p>En mayo de 2025, Polonia elegir\u00e1 un nuevo presidente. No est\u00e1 claro si esta medida beneficiar\u00e1 al candidato de la Plataforma C\u00edvica (PO) de Tusk, el alcalde de Varsovia, Rafal Trzaskowski. Lo que s\u00ed es evidente es que Tusk, europe\u00edsta convencido, ha adoptado una nueva ret\u00f3rica en su campa\u00f1a.<\/p>\n<p>\u00abNadie en Europa debe pensar que pueden obligarnos a algo\u00bb, declar\u00f3 en una entrevista con <em>interia.pl<\/em>en referencia al Pacto Europeo de Migraci\u00f3n, que entrar\u00e1 en vigor en 2026. Polonia vot\u00f3 en contra del pacto en la UE, argumentando que la distribuci\u00f3n de migrantes dentro del bloque es inaceptable.<\/p>\n<p>Seg\u00fan una encuesta de la emisora RMF24, el 75 por ciento\u00a0de los polacos se opone a acoger migrantes, mientras que solo el 20 por ciento\u00a0est\u00e1 a favor. El 5 por ciento\u00a0restante se mantiene indeciso. <\/p>\n<p>(GG\/MS)<\/p>\n<\/div>\n\n","protected":false},"excerpt":{"rendered":"<p>El Gobierno de Donald Tusk ha aprobado un decreto sobre la \u00abrestricci\u00f3n temporal del derecho a solicitar asilo\u00bb, que entr\u00f3 en vigor el jueves (27.03.2025). Es la primera vez que esto ocurre en Polonia\u00a0y es resultado de una modificaci\u00f3n legal firmada un d\u00eda antes por el presidente,\u00a0Andrzej Duda. Las nuevas normas tendr\u00e1n una vigencia inicial &hellip;<\/p>\n","protected":false},"author":1,"featured_media":20559,"comment_status":"open","ping_status":"open","sticky":false,"template":"","format":"standard","meta":{"fifu_image_url":"https:\/\/static.dw.com\/image\/71321480_6.jpg","fifu_image_alt":"","footnotes":""},"categories":[13],"tags":[],"class_list":["post-20558","post","type-post","status-publish","format-standard","has-post-thumbnail","","category-mundo"],"_links":{"self":[{"href":"https:\/\/noticiasveraces.com\/index.php?rest_route=\/wp\/v2\/posts\/20558","targetHints":{"allow":["GET"]}}],"collection":[{"href":"https:\/\/noticiasveraces.com\/index.php?rest_route=\/wp\/v2\/posts"}],"about":[{"href":"https:\/\/noticiasveraces.com\/index.php?rest_route=\/wp\/v2\/types\/post"}],"author":[{"embeddable":true,"href":"https:\/\/noticiasveraces.com\/index.php?rest_route=\/wp\/v2\/users\/1"}],"replies":[{"embeddable":true,"href":"https:\/\/noticiasveraces.com\/index.php?rest_route=%2Fwp%2Fv2%2Fcomments&post=20558"}],"version-history":[{"count":0,"href":"https:\/\/noticiasveraces.com\/index.php?rest_route=\/wp\/v2\/posts\/20558\/revisions"}],"wp:featuredmedia":[{"embeddable":true,"href":"https:\/\/noticiasveraces.com\/index.php?rest_route=\/wp\/v2\/media\/20559"}],"wp:attachment":[{"href":"https:\/\/noticiasveraces.com\/index.php?rest_route=%2Fwp%2Fv2%2Fmedia&parent=20558"}],"wp:term":[{"taxonomy":"category","embeddable":true,"href":"https:\/\/noticiasveraces.com\/index.php?rest_route=%2Fwp%2Fv2%2Fcategories&post=20558"},{"taxonomy":"post_tag","embeddable":true,"href":"https:\/\/noticiasveraces.com\/index.php?rest_route=%2Fwp%2Fv2%2Ftags&post=20558"}],"curies":[{"name":"wp","href":"https:\/\/api.w.org\/{rel}","templated":true}]}}