{"id":20552,"date":"2025-03-28T12:30:10","date_gmt":"2025-03-28T16:30:10","guid":{"rendered":"https:\/\/noticiasveraces.com\/?p=20552"},"modified":"2025-03-28T12:30:10","modified_gmt":"2025-03-28T16:30:10","slug":"reacciones-a-la-absolucion-de-dani-alves-ana-redondo-las-mujeres-tienen-que-saber-que-su-palabra-es-creible-y-avalada-por-la-ley-sociedad","status":"publish","type":"post","link":"https:\/\/noticiasveraces.com\/?p=20552","title":{"rendered":"Reacciones a la absoluci\u00f3n de Dani Alves | Ana Redondo: \u201cLas mujeres tienen que saber que su palabra es cre\u00edble y avalada por la ley\u201d | Sociedad"},"content":{"rendered":"<p> \n<\/p>\n<div data-dtm-region=\"articulo_cuerpo\">\n<p class=\"\">La secci\u00f3n de apelaciones del Tribunal Superior de Justicia de Catalu\u00f1a ha revocado este viernes por unanimidad la sentencia que conden\u00f3 al futbolista Dani Alves por agresi\u00f3n sexual. La resoluci\u00f3n considera que el texto presenta \u201cd\u00e9ficits valorativos que impiden compartir la valoraci\u00f3n del tribunal de instancia y la conclusi\u00f3n a la que llega\u201d. Alves fue condenado a cuatro a\u00f1os de c\u00e1rcel por una agresi\u00f3n sexual a una joven de 23 a\u00f1os en la discoteca Sutton de Barcelona el 31 de diciembre de 2022. La sentencia se\u00f1ala una \u201cfalta de fiabilidad en el testimonio de la denunciante\u201d y precisa que ante \u201clas insuficiencias probatorias\u201d acuerda la revocaci\u00f3n del texto, una resoluci\u00f3n absolutoria y dejar sin efecto las medidas cautelares adoptadas.<\/p>\n<aside class=\"a_ei\">\n<header class=\"a_ei_h _db\">M\u00e1s informaci\u00f3n<\/header>\n<\/aside>\n<p class=\"\">Ana Redondo, ministra de Igualdad, ha reaccionado a la decisi\u00f3n judicial tras un acto de homenaje en Granada al papel de las asociaciones de mujeres en la construcci\u00f3n de la democracia, dentro del programa <i>Espa\u00f1a en libertad<\/i>,<b> informa Javier Arroyo. \u201c<\/b>No hemos podido leer tranquilamente la sentencia, creo que se necesita hacerlo pausadamente. Nunca vamos a cuestionar al poder judicial, lo que hacemos es no compartir, no compartir esa decisi\u00f3n del Tribunal Superior\u201d.<\/p>\n<p class=\"\">S\u00ed incide Redondo en que las mujeres tienen que saber que su voz y palabras son cre\u00edbles. \u201cLa ley respeta, protege y avala lo que una mujer est\u00e1 diciendo como veraz y por lo tanto, creo que hay que tener en cuenta que la ley ha cambiado, que ese consentimiento es a tener en cuenta y que lamentablemente podemos estar dando un mal mensaje a la ciudadan\u00eda y a las mujeres de este pa\u00eds. Ellas tienen que poder denunciar, tienen que denunciar y tienen que saber que su voz y su palabra es cre\u00edble y que es avalada por la ley\u201d.<\/p>\n<p class=\"\">La ministra de Igualdad invita a la sociedad a hacer una reflexi\u00f3n: \u201cCreo que no se puede estar permanentemente cuestionando la voz y la palabra de las mujeres y que cuando hay dos palabras, la que vale m\u00e1s es la palabra del hombre frente a la voz de las mujeres. Yo creo que eso es lo que tenemos que plantearnos como sociedad, partiendo de que el respeto a las decisiones judiciales, como siempre hacemos, es el principio b\u00e1sico, la divisi\u00f3n de poderes y el respeto. Y sin embargo, la sentencia de hoy no solo no es que no atienda a lo que dice la v\u00edctima, sino que, seg\u00fan he le\u00eddo, pide un canon reforzado de motivaci\u00f3n, es decir, es que le pide un poco m\u00e1s de heroicidad todav\u00eda\u201d.<\/p>\n<p class=\"\">Para Redondo, \u201ccuestionar sistem\u00e1ticamente la voz de las mujeres\u201d no es el camino. Y a\u00f1ade: \u201cHay elementos en el juicio que deber\u00edan haber sido valorados. Ella sale llorando, ba\u00f1o y habla con determinadas personas. Creo que eso tiene que ser valorado y que cuestionar sistem\u00e1ticamente la voz de las mujeres desde luego nos aleja de la denuncia y nos aleja de la justicia\u201d.<\/p>\n<aside class=\"a_ei\">\n<header class=\"a_ei_h _db\">M\u00e1s informaci\u00f3n<\/header>\n<\/aside>\n<p class=\"\">Mientras, la viceportavoz de la Asociaci\u00f3n Juezas y Jueces para la Democracia, Concha Roig, ha se\u00f1alado que la sentencia es \u201cvaliente\u201d porque \u201cno deja de abordar ninguno de los recursos que contra ella se imponen y da respuesta detallada a todos los motivos alegados\u201d. Adem\u00e1s, ha descartado que le falte perspectiva de g\u00e9nero. Considera que la resoluci\u00f3n dedica una parte importante a la incidencia que puedan tener los juicios paralelos y medi\u00e1ticos y ha resaltado que accede al contenido \u201c\u00edntegro\u201d de las pruebas de las que ha dispuesto el Tribunal de Primera Instancia. \u201cEl motivo principal por el que se absuelve es porque la hip\u00f3tesis de la acusaci\u00f3n no ha quedado suficientemente corroborada\u201d, ha agregado.<\/p>\n<p class=\"\">La exministra de Igualdad Irene Montero expon\u00eda un mensaje en la red social X en el que dec\u00eda que la sentencia \u201ces un claro ejemplo de violencia institucional y de justicia patriarcal, que desprotege a las mujeres y, como dice la ONU, mantiene la cultura de impunidad de los agresores. Una y mil veces: solo s\u00ed es s\u00ed\u201d, expresaba.<\/p>\n<div id=\"sum_twitter\" data-oembed-type=\"twitter\" class=\"a_em _df\">\n<blockquote class=\"twitter-tweet\">\n<p lang=\"es\" dir=\"ltr\">La sentencia que absuelve a Dani Alves alegando que la v\u00edctima no es cre\u00edble es un claro ejemplo de violencia institucional y de justicia patriarcal que desprotege a las mujeres y, como dice la ONU, mantiene la cultura de impunidad de los agresores<\/p>\n<p>Una y mil veces: s\u00f3lo s\u00ed es s\u00ed <a href=\"https:\/\/t.co\/1dgrXWzEPH\">pic.twitter.com\/1dgrxwzeph<\/a><\/p>\n<p>&#8211; Irene Montero (@irenemontero) <a href=\"https:\/\/twitter.com\/IreneMontero\/status\/1905582160653725719?ref_src=twsrc%5Etfw\">28 de marzo de 2025<\/a><\/p><\/blockquote>\n<\/div>\n<p class=\"\">Roig ha subrayado que \u201cla libertad de expresi\u00f3n deber\u00eda de ir siempre fundada en razones\u201d y ha llamado a estudiar bien una sentencia, atender a por qu\u00e9 llega a esa conclusi\u00f3n, y una vez conocidas las razones por las que absuelve, expresar la opini\u00f3n al respecto. En referencia al mensaje de la eurodiputada de Podemos, insiste en que \u201cno hay violencia institucional porque hay que leer los razonamientos que tiene la sentencia, que podr\u00e1n ser o no compartidos si se interpone el recurso de casaci\u00f3n, pero, desde luego, no traslucen esos sesgos de los que hablamos\u201d, ha a\u00f1adido.<\/p>\n<p class=\"\">La vicepresidenta segunda y Ministra de Trabajo, Yolanda D\u00edaz, ha trasladado \u201ctodo su apoyo\u201d a la v\u00edctima y ha expresado su \u201cpreocupaci\u00f3n\u201d por la revictimizaci\u00f3n de la denunciante que \u201cest\u00e1 sufriendo mucho\u201d. Ha apuntado, asimismo, la necesidad de que \u201cla justicia camine de la mano de las mujeres y se den certezas y seguridades\u201d.<\/p>\n<p class=\"\">Mar\u00eda Jes\u00fas Montero, vicepresidenta del Gobierno, tambi\u00e9n presente en el mismo acto en Granada ha a\u00f1adido: \u201cA priori ustedes entender\u00e1n que el Gobierno est\u00e1 muy implicado en la lucha por la igualdad y en combatir todas las formas de violencia. Pero me van a permitir ser prudentes porque no he le\u00eddo el auto y desconozco en qu\u00e9 se fundamenta. Pero vuelvo a trasladar mi solidaridad con todas las v\u00edctimas de maltrato o abuso f\u00edsico y que a veces se encuentran con tragos que pasar, en relaci\u00f3n a ser escuchadas, cre\u00eddas y a que, por lo tanto, su testimonio pueda abrir camino\u201d.<\/p>\n<p class=\"\">Montero ha lamentado especialmente aquellas \u201cviolencias\u201d procedentes de \u201cpersonajes p\u00fablicos\u201d al que j\u00f3venes y aficionados pueden tener \u201ccomo referencia\u201d, y que protagonizan conductas que \u201cson francamente tristes para el conjunto de la sociedad\u201d.<\/p>\n<p class=\"\">El ministro de Presidencia y Justicia, F\u00e9lix Bola\u00f1os, ha expresado su respeto a la decisi\u00f3n del Tribunal Superior de Justicia de Catalu\u00f1a y ha indicado que la ley de eficiencia judicial contar\u00e1 con jueces especializados para casos de violencia sexual. \u201cEs un pronunciamiento judicial y yo, por tanto, tengo que respetarlo y no puedo hacer ninguna valoraci\u00f3n sobre unos hechos que ya han valorado los jueces y tribunales de nuestro pa\u00eds\u201d, ha dicho en unas jornadas en Las Palmas de Gran Canaria.<\/p>\n<p class=\"\">Asimismo, ha indicado que la ley de eficiencia judicial va a \u201capostar muy claramente por la especializaci\u00f3n de los jueces y juezas que juzguen delitos de violencia sexual, porque que va a haber secciones especializadas en los tribunales de instancia para precisamente juzgar con mayor cercan\u00eda este tipo de delitos\u201d. Tambi\u00e9n aumentar\u00e1 en un 50% el n\u00famero de jueces que van a ocuparse de las violencias sexuales. \u201cVan a ser juzgados por jueces mejor formados, con mayor capacidad para conocer los hechos y desde luego con m\u00e1s medios de los que tienen ahora\u201d, ha asegurado Bola\u00f1os.<\/p>\n<p class=\"\">Junts per Catalunya mostr\u00f3 su \u201crechazo total\u201d a la sentencia y se\u00f1al\u00f3 que esta decisi\u00f3n \u201cpone en duda la confianza en el sistema judicial\u201d. As\u00ed lo se\u00f1ala la sectorial de Feminismos e Igualdad de g\u00e9nero del partido en sus redes sociales: \u201cRechazo total a la sentencia del TSJC que absuelve a Dani Alves del delito de agresi\u00f3n sexual. Las v\u00edctimas merecen justicia y protecci\u00f3n. Una decisi\u00f3n que pone en duda la confianza en el sistema judicial\u201d.<\/p>\n<p class=\"\">Soledad Murillo, exsecretaria de estado de Igualdad, ha asegurado que cuando el violador \u201ctiene medios\u201d se le absuelve. En declaraciones a Servimedia, denunci\u00f3 que Alves \u201ces una persona con medios y ha requerido toda la atenci\u00f3n de la judicatura. Esta ha buscado toda la sofisticaci\u00f3n posible en t\u00e9rminos ling\u00fc\u00edsticos y jur\u00eddicos para absolverle, como pas\u00f3 con el caso de <i>la manada <\/i>que hasta que no lleg\u00f3 al Tribunal Supremo no se pudo reconocer que hab\u00eda sido una violaci\u00f3n\u201d.<\/p>\n<p class=\"\">La madre del jugador, Mar\u00eda Luc\u00eda Alves, tambi\u00e9n se ha pronunciado en la red social Instagram: \u201cAgradecida a mi Dios por todo. Toda honra y gloria a ti, mi se\u00f1or\u201d. Pablo Echenique se ha limitado a poner dos emoticonos reproduciendo una sensaci\u00f3n de asco.<\/p>\n<p class=\"\">Pablo Fern\u00e1ndez, portavoz de Podemos, tambi\u00e9n habla de justicia patriarcal: \u201cLa sentencia del caso Dani Alves es otro nuevo y flagrante ejemplo de justicia patriarcal, de violencia institucional y de desamparo absoluto a las v\u00edctimas, a las que luego se pide que denuncien. Verg\u00fcenza absoluta\u201d.<\/p>\n<\/div>\n<p><script async src=\"https:\/\/platform.twitter.com\/widgets.js\" charset=\"utf-8\"><\/script><br \/>\n<br \/>\n","protected":false},"excerpt":{"rendered":"<p>La secci\u00f3n de apelaciones del Tribunal Superior de Justicia de Catalu\u00f1a ha revocado este viernes por unanimidad la sentencia que conden\u00f3 al futbolista Dani Alves por agresi\u00f3n sexual. La resoluci\u00f3n considera que el texto presenta \u201cd\u00e9ficits valorativos que impiden compartir la valoraci\u00f3n del tribunal de instancia y la conclusi\u00f3n a la que llega\u201d. Alves fue &hellip;<\/p>\n","protected":false},"author":1,"featured_media":20553,"comment_status":"open","ping_status":"open","sticky":false,"template":"","format":"standard","meta":{"fifu_image_url":"https:\/\/imagenes.elpais.com\/resizer\/v2\/QJHQRQ6KDQSSALCOLZQSTSHBGY.jpg?auth=2e75a0f74c6fe61cd3f5abc281c5ea476a067925a604be3e8ee8a1c7cdb85690&width=1200","fifu_image_alt":"","footnotes":""},"categories":[11],"tags":[],"class_list":["post-20552","post","type-post","status-publish","format-standard","has-post-thumbnail","","category-viaje"],"_links":{"self":[{"href":"https:\/\/noticiasveraces.com\/index.php?rest_route=\/wp\/v2\/posts\/20552","targetHints":{"allow":["GET"]}}],"collection":[{"href":"https:\/\/noticiasveraces.com\/index.php?rest_route=\/wp\/v2\/posts"}],"about":[{"href":"https:\/\/noticiasveraces.com\/index.php?rest_route=\/wp\/v2\/types\/post"}],"author":[{"embeddable":true,"href":"https:\/\/noticiasveraces.com\/index.php?rest_route=\/wp\/v2\/users\/1"}],"replies":[{"embeddable":true,"href":"https:\/\/noticiasveraces.com\/index.php?rest_route=%2Fwp%2Fv2%2Fcomments&post=20552"}],"version-history":[{"count":0,"href":"https:\/\/noticiasveraces.com\/index.php?rest_route=\/wp\/v2\/posts\/20552\/revisions"}],"wp:featuredmedia":[{"embeddable":true,"href":"https:\/\/noticiasveraces.com\/index.php?rest_route=\/wp\/v2\/media\/20553"}],"wp:attachment":[{"href":"https:\/\/noticiasveraces.com\/index.php?rest_route=%2Fwp%2Fv2%2Fmedia&parent=20552"}],"wp:term":[{"taxonomy":"category","embeddable":true,"href":"https:\/\/noticiasveraces.com\/index.php?rest_route=%2Fwp%2Fv2%2Fcategories&post=20552"},{"taxonomy":"post_tag","embeddable":true,"href":"https:\/\/noticiasveraces.com\/index.php?rest_route=%2Fwp%2Fv2%2Ftags&post=20552"}],"curies":[{"name":"wp","href":"https:\/\/api.w.org\/{rel}","templated":true}]}}