{"id":20538,"date":"2025-03-28T08:33:42","date_gmt":"2025-03-28T12:33:42","guid":{"rendered":"https:\/\/noticiasveraces.com\/?p=20538"},"modified":"2025-03-28T08:33:42","modified_gmt":"2025-03-28T12:33:42","slug":"controlados-los-graves-incendios-forestales-de-corea-del-sur-dw-28-03-2025","status":"publish","type":"post","link":"https:\/\/noticiasveraces.com\/?p=20538","title":{"rendered":"Controlados los graves incendios forestales de Corea del Sur \u2013 DW \u2013 28\/03\/2025"},"content":{"rendered":"<p> \n<\/p>\n<div>\n<p>Las autoridades de Corea del Sur dieron este viernes (28.03.2025) por controlados los devastadores incendios forestales del sudeste del pa\u00eds, los peores de su historia, que han calcinado unas 48.000 hect\u00e1reas y causado la muerte de al menos 28 personas. Lim Sang-seop, director del Servicio Forestal de Corea, inform\u00f3 que el mayor incendio en la provincia de Gyeongsang del Norte, que comenz\u00f3 cerca del mediod\u00eda del s\u00e1bado pasado, fue extinguido este viernes por la tarde.<\/p>\n<p>Las llamas, que han estado asolando durante una semana esa provincia, la m\u00e1s afectada, se declararon contenidas a las 17:00 hora local (9:00 CET), inform\u00f3 la agencia de servicios forestales nacional, gracias a una mejor visibilidad y temperaturas m\u00e1s fr\u00edas por las lluvias de la noche previa, que ayudaron a los bomberos a extinguir los principales focos.<\/p>\n<h2>Al menos 28 muertos, 37 heridos y 38.000 evacuados<\/h2>\n<p>Los equipos de extinci\u00f3n continuaban trabajando en las llamas de la provincia de Gyeongsang del Sur, que a primera hora de la tarde de hoy estaban contenidas en un 93\u2009%. El \u00e1rea boscosa quemada duplica las 23.794 hect\u00e1reas da\u00f1adas por los incendios forestales que afectaron la costa este del pa\u00eds asi\u00e1tico en el a\u00f1o 2000, hasta ahora los m\u00e1s devastadores.<\/p>\n<p>La ola de incendios ha causado al menos 28 muertes, entre ellas las de dos bomberos y el piloto de un helic\u00f3ptero que se estrell\u00f3 mientras participaba en las labores de extinci\u00f3n, adem\u00e1s de 37 heridos de diversa \u00edndole. El avance de las llamas forz\u00f3 a la evacuaci\u00f3n temporal de unas 38.000 personas, de acuerdo a la citada agencia.<\/p>\n<p><span data-slot-id=\"Article_InContent-1\" class=\"rich-text-ad\"\/><\/p>\n<h2>Gran despliegue, carreteras bloqueadas y patrimonio cultural da\u00f1ado<\/h2>\n<p>Unos 5.580 efectivos, entre bomberos y personal militar, participaban hoy en las labores de contenci\u00f3n y extinci\u00f3n en el condado de Uiseong, el m\u00e1s da\u00f1ado, trabajos para los que se desplegaron adem\u00e1s 86 helic\u00f3pteros y 569 camiones de bomberos. Las llamas bloquearon carreteras y cortaron las l\u00edneas de comunicaci\u00f3n, lo que provoc\u00f3 la huida en p\u00e1nico de personas que se quedaron bloqueadas en sus autos.<\/p>\n<p>Los incendios han da\u00f1ado adem\u00e1s al menos 30 bienes declarados patrimonio cultural del pa\u00eds, entre ellos el pabell\u00f3n Yakgye, en el condado de Andong, la casa ritual Gigokjesa, en el de Cheongsong, ambas construidas durante la Dinast\u00eda Joseon (1392\u20131910), y el Templo Manjang, en Uiseong, que data del per\u00edodo Silla Unificado (668\u2013918).<\/p>\n<h2>Paralelismos con California<\/h2>\n<p>La cient\u00edfica Kimberley Simpson, experta en soluciones clim\u00e1ticas basadas en la naturaleza, establece un paralelismo entre estos incendios y los que arrasaron California en enero. \u00abAmbos estuvieron precedidos por unas condiciones inusualmente c\u00e1lidas y secas que dejaron una vegetaci\u00f3n muy inflamable, y ambos se intensificaron por fuertes vientos que expandieron las llamas y dificultaron la extinci\u00f3n\u00bb, explic\u00f3 a AFP.<\/p>\n<p>\u00abEn solo tres meses de 2025 ya hemos visto una actividad de incendios r\u00e9cord en m\u00faltiples regiones\u00bb, agreg\u00f3 la investigadora de la Escuela de Biociencias de la Universidad de Sheffield. \u00abA medida que el cambio clim\u00e1tico eleva temperaturas y altera los patrones de precipitaciones, las condiciones que alimentan estos fuegos devastadores se hacen m\u00e1s frecuentes\u00bb, alert\u00f3.<\/p>\n<p>LGC (EFE, AFP)<\/p>\n<\/p>\n<\/div>\n\n","protected":false},"excerpt":{"rendered":"<p>Las autoridades de Corea del Sur dieron este viernes (28.03.2025) por controlados los devastadores incendios forestales del sudeste del pa\u00eds, los peores de su historia, que han calcinado unas 48.000 hect\u00e1reas y causado la muerte de al menos 28 personas. Lim Sang-seop, director del Servicio Forestal de Corea, inform\u00f3 que el mayor incendio en la &hellip;<\/p>\n","protected":false},"author":1,"featured_media":20539,"comment_status":"open","ping_status":"open","sticky":false,"template":"","format":"standard","meta":{"fifu_image_url":"https:\/\/static.dw.com\/image\/72066338_6.jpg","fifu_image_alt":"","footnotes":""},"categories":[13],"tags":[],"class_list":["post-20538","post","type-post","status-publish","format-standard","has-post-thumbnail","","category-mundo"],"_links":{"self":[{"href":"https:\/\/noticiasveraces.com\/index.php?rest_route=\/wp\/v2\/posts\/20538","targetHints":{"allow":["GET"]}}],"collection":[{"href":"https:\/\/noticiasveraces.com\/index.php?rest_route=\/wp\/v2\/posts"}],"about":[{"href":"https:\/\/noticiasveraces.com\/index.php?rest_route=\/wp\/v2\/types\/post"}],"author":[{"embeddable":true,"href":"https:\/\/noticiasveraces.com\/index.php?rest_route=\/wp\/v2\/users\/1"}],"replies":[{"embeddable":true,"href":"https:\/\/noticiasveraces.com\/index.php?rest_route=%2Fwp%2Fv2%2Fcomments&post=20538"}],"version-history":[{"count":0,"href":"https:\/\/noticiasveraces.com\/index.php?rest_route=\/wp\/v2\/posts\/20538\/revisions"}],"wp:featuredmedia":[{"embeddable":true,"href":"https:\/\/noticiasveraces.com\/index.php?rest_route=\/wp\/v2\/media\/20539"}],"wp:attachment":[{"href":"https:\/\/noticiasveraces.com\/index.php?rest_route=%2Fwp%2Fv2%2Fmedia&parent=20538"}],"wp:term":[{"taxonomy":"category","embeddable":true,"href":"https:\/\/noticiasveraces.com\/index.php?rest_route=%2Fwp%2Fv2%2Fcategories&post=20538"},{"taxonomy":"post_tag","embeddable":true,"href":"https:\/\/noticiasveraces.com\/index.php?rest_route=%2Fwp%2Fv2%2Ftags&post=20538"}],"curies":[{"name":"wp","href":"https:\/\/api.w.org\/{rel}","templated":true}]}}