{"id":20487,"date":"2025-03-28T00:22:43","date_gmt":"2025-03-28T04:22:43","guid":{"rendered":"https:\/\/noticiasveraces.com\/?p=20487"},"modified":"2025-03-28T00:22:43","modified_gmt":"2025-03-28T04:22:43","slug":"ruth-ortiz-denuncia-a-breton-por-posible-quebrantamiento-de-condena-tras-la-publicacion-de-extractos-del-libro-el-odio-sociedad","status":"publish","type":"post","link":"https:\/\/noticiasveraces.com\/?p=20487","title":{"rendered":"Ruth Ortiz denuncia a Bret\u00f3n por posible quebrantamiento de condena tras la publicaci\u00f3n de extractos del libro \u2018El odio\u2019 | Sociedad"},"content":{"rendered":"<p> \n<br \/><img decoding=\"async\" src=\"https:\/\/imagenes.elpais.com\/resizer\/v2\/FPZBA2ST2SGJWMOEAL67ULEA7M.jpg?auth=a5668ba57dd41c016aa33e7f35370e283965520c36e88b05f7b1591820c0017a\" \/><\/p>\n<div data-dtm-region=\"articulo_cuerpo\">\n<p class=\"\">Una nueva v\u00eda judicial se ha abierto respecto a la publicaci\u00f3n del libro <i>El odio<\/i> (Anagrama), de Luisg\u00e9 Mart\u00edn, que traza un perfil psicol\u00f3gico de Jos\u00e9 Bret\u00f3n, condenado por el asesinato de sus hijos menores en 2011, relata episodios de su vida con Ruth Ortiz la madre de los ni\u00f1os, y reconstruye el crimen por el que este fue condenado en 2013 a 40 a\u00f1os de c\u00e1rcel. Ortiz ha denunciado a Bret\u00f3n por posible quebrantamiento de condena. La sentencia por asesinato inclu\u00eda la prohibici\u00f3n de acercamiento a Ortiz \u2013como a la madre y al padre de esta\u2013 a menos de un kil\u00f3metro \u201cy la prohibici\u00f3n de comunicaci\u00f3n con ellos por cualquier medio, durante veinti\u00fan a\u00f1os por cada delito de asesinato\u201d. Esa prohibici\u00f3n de comunicaci\u00f3n es lo que considera Ortiz que se ha quebrantado con las partes de <i>El odio<\/i> recogidas en medios de comunicaci\u00f3n. La editorial Anagrama ha anunciado este mismo jueves que suspende de manera indefinida la publicaci\u00f3n del libro. <\/p>\n<p class=\"\">La denuncia por quebrantamiento de condena es una de las tres v\u00edas judiciales abiertas tras la pol\u00e9mica del libro sobre Jos\u00e9 Bret\u00f3n. Se dirimir\u00e1 en Huelva, donde reside Ortiz, despu\u00e9s de que la Fiscal\u00eda de C\u00f3rdoba haya remitido el caso al juzgado de Violencia sobre la Mujer de esa provincia, seg\u00fan un comunicado de la Fiscal\u00eda de Andaluc\u00eda. Adem\u00e1s, hay otras dos v\u00edas abiertas. Una, relacionada tambi\u00e9n con el quebrantamiento de la condena interpuesta en C\u00f3rdoba y otra, la inicial, centrada en el derecho al honor de los menores y que ha llegado a la Audiencia Provincial de Barcelona, donde est\u00e1 radicada la editorial.<\/p>\n<p class=\"\">Al conocer por la prensa la existencia del libro \u2015ni el autor ni la editorial contactaron con ella previamente\u2015, Ortiz lo denunci\u00f3 ante la Audiencia Provincial y la Fiscal\u00eda de C\u00f3rdoba por intromisi\u00f3n ileg\u00edtima del derecho a la intimidad y la propia imagen de los menores fallecidos. En su escrito se\u00f1alaba que la divulgaci\u00f3n de la obra hab\u00eda generado una \u201cmasiva transmisi\u00f3n y publicaci\u00f3n de datos e informaci\u00f3n que afectan a sus hijos, a ella misma y a su familia\u201d. \u201cEstos hechos est\u00e1n causando un tremendo dolor y nuevos da\u00f1os psicol\u00f3gicos en mi mandante\u201d, recog\u00eda la primera demanda, \u201cque est\u00e1 asistiendo horrorizada a c\u00f3mo la vida y asesinato de sus dos hijos peque\u00f1os est\u00e1 expuesta p\u00fablicamente en todos los medios de comunicaci\u00f3n con detalles, comentarios y expresiones que ni siquiera aparecen en la sentencia, plagado de afirmaciones terribles\u201d.<\/p>\n<p class=\"\">La Fiscal\u00eda de C\u00f3rdoba remiti\u00f3 el caso a Barcelona, donde est\u00e1 radicada la editorial. Desde all\u00ed, la Fiscal\u00eda de Menores de Barcelona ya pidi\u00f3 el pasado jueves suspender temporalmente la publicaci\u00f3n del libro tras la denuncia presentada por la madre. El lunes, el juzgado de primera instancia n\u00famero 39 de Barcelona rechaz\u00f3 paralizar de forma cautelar la publicaci\u00f3n del libro, y el martes la Fiscal\u00eda de Menores de Barcelona recurri\u00f3 ante la Audiencia Provincial de Barcelona el auto del juzgado.<\/p>\n<p class=\"\">En paralelo, en una tercera v\u00eda judicial, la Fiscal\u00eda de C\u00f3rdoba ha pedido a la Audiencia Provincial que tome \u201clas medidas de protecci\u00f3n que estime necesarias\u201d ante una posible intromisi\u00f3n al derecho a la intimidad de los menores. La Fiscal\u00eda considera que esa intromisi\u00f3n se podr\u00eda haber producido ya solo con los extractos del libro conocidos por los medios de comunicaci\u00f3n. \u201cEs fundamental tener en cuenta la revictimizaci\u00f3n de la madre de los menores fallecidos, que con la informaci\u00f3n ya proporcionada sobre el contenido del libro se ha visto abocada a revivir como presente los hechos ocurridos en el a\u00f1o 2011\u2033, se\u00f1ala la Fiscal\u00eda en ese escrito. \u201cSiendo necesario adoptar medidas de protecci\u00f3n de la v\u00edctima viva y o de la intimidad y el superior inter\u00e9s de los menores fallecidos\u201d.<\/p>\n<p class=\"\">Anagrama ha anunciado este jueves que suspende de manera indefinida la distribuci\u00f3n de <i>El odio<\/i>. La editorial asegura en un comunicado que  \u201clamenta el dolor que las informaciones sobre el libro hayan podido causar\u201d a Ruth Ortiz, la madre de los ni\u00f1os asesinados. Tambi\u00e9n admite que las obras basadas en hechos reales \u201crequieren una dosis doble de responsabilidad y respeto\u201d y asegura que no ha pagado al asesino.<\/p>\n<\/div>\n\n","protected":false},"excerpt":{"rendered":"<p>Una nueva v\u00eda judicial se ha abierto respecto a la publicaci\u00f3n del libro El odio (Anagrama), de Luisg\u00e9 Mart\u00edn, que traza un perfil psicol\u00f3gico de Jos\u00e9 Bret\u00f3n, condenado por el asesinato de sus hijos menores en 2011, relata episodios de su vida con Ruth Ortiz la madre de los ni\u00f1os, y reconstruye el crimen por &hellip;<\/p>\n","protected":false},"author":1,"featured_media":20489,"comment_status":"open","ping_status":"open","sticky":false,"template":"","format":"standard","meta":{"fifu_image_url":"https:\/\/imagenes.elpais.com\/resizer\/v2\/FPZBA2ST2SGJWMOEAL67ULEA7M.jpg?auth=a5668ba57dd41c016aa33e7f35370e283965520c36e88b05f7b1591820c0017a&width=1200","fifu_image_alt":"","footnotes":""},"categories":[11],"tags":[],"class_list":["post-20487","post","type-post","status-publish","format-standard","has-post-thumbnail","","category-viaje"],"_links":{"self":[{"href":"https:\/\/noticiasveraces.com\/index.php?rest_route=\/wp\/v2\/posts\/20487","targetHints":{"allow":["GET"]}}],"collection":[{"href":"https:\/\/noticiasveraces.com\/index.php?rest_route=\/wp\/v2\/posts"}],"about":[{"href":"https:\/\/noticiasveraces.com\/index.php?rest_route=\/wp\/v2\/types\/post"}],"author":[{"embeddable":true,"href":"https:\/\/noticiasveraces.com\/index.php?rest_route=\/wp\/v2\/users\/1"}],"replies":[{"embeddable":true,"href":"https:\/\/noticiasveraces.com\/index.php?rest_route=%2Fwp%2Fv2%2Fcomments&post=20487"}],"version-history":[{"count":0,"href":"https:\/\/noticiasveraces.com\/index.php?rest_route=\/wp\/v2\/posts\/20487\/revisions"}],"wp:featuredmedia":[{"embeddable":true,"href":"https:\/\/noticiasveraces.com\/index.php?rest_route=\/wp\/v2\/media\/20489"}],"wp:attachment":[{"href":"https:\/\/noticiasveraces.com\/index.php?rest_route=%2Fwp%2Fv2%2Fmedia&parent=20487"}],"wp:term":[{"taxonomy":"category","embeddable":true,"href":"https:\/\/noticiasveraces.com\/index.php?rest_route=%2Fwp%2Fv2%2Fcategories&post=20487"},{"taxonomy":"post_tag","embeddable":true,"href":"https:\/\/noticiasveraces.com\/index.php?rest_route=%2Fwp%2Fv2%2Ftags&post=20487"}],"curies":[{"name":"wp","href":"https:\/\/api.w.org\/{rel}","templated":true}]}}