{"id":20485,"date":"2025-03-28T00:11:33","date_gmt":"2025-03-28T04:11:33","guid":{"rendered":"https:\/\/noticiasveraces.com\/?p=20485"},"modified":"2025-03-28T00:11:33","modified_gmt":"2025-03-28T04:11:33","slug":"iran-dice-que-respondio-formalmente-a-la-carta-de-trump-dw-28-03-2025","status":"publish","type":"post","link":"https:\/\/noticiasveraces.com\/?p=20485","title":{"rendered":"Ir\u00e1n dice que respondi\u00f3 formalmente a la carta de Trump \u2013 DW \u2013 28\/03\/2025"},"content":{"rendered":"<p> \n<\/p>\n<div>\n<p>Ir\u00e1n respondi\u00f3 formalmente a la carta enviada por el presidente estadounidense, Donald Trump, en la que invit\u00f3 a Teher\u00e1n a negociar sobre su programa nuclear, indic\u00f3 este jueves (27.03.2025) el jefe de la diplomacia iran\u00ed a la agencia oficial Irna.<\/p>\n<p>Trump restableci\u00f3 su pol\u00edtica de \u00abm\u00e1xima presi\u00f3n\u00bb contra Ir\u00e1n tras su regreso a la Casa Blanca en enero. El 7 de marzo dijo que hab\u00eda escrito al l\u00edder supremo iran\u00ed, el ayatol\u00e1 Ali Jamenei, para activar los contactos y advertirle de una posible acci\u00f3n militar si se negaba.<\/p>\n<p>\u00abEsta respuesta oficial incluye una carta en la que nuestra posici\u00f3n sobre la situaci\u00f3n actual y sobre la carta de Trump fue plenamente explicada a la otra parte\u00bb, subray\u00f3 el ministro Ab\u00e1s Araqchi.<\/p>\n<p>Agreg\u00f3 que el correo fue entregado al sultanato de Om\u00e1n, que es por lo general intermediario entre Ir\u00e1n y Estados Unidos a falta de relaciones diplom\u00e1ticas entre los dos pa\u00edses.<\/p>\n<p>Araqchi no precis\u00f3 ni la naturaleza de la respuesta de Ir\u00e1n ni cu\u00e1ndo fue enviado el correo.<\/p>\n<p>A preguntas de los periodistas durante su gira por el Caribe, el secretario de Estado estadounidense, Marco Rubio, no confirm\u00f3 la recepci\u00f3n de la respuesta: \u00abNo comentar\u00e9 sobre esto todav\u00eda\u00bb.<\/p>\n<p>\u00abEl presidente decidir\u00e1 qu\u00e9 pasos, si los hay, quiere tomar a continuaci\u00f3n\u00bb, agreg\u00f3.<\/p>\n<p>Trump retir\u00f3 a Estados Unidos en 2018 durante su primer mandato de un acuerdo internacional con Ir\u00e1n para acotar su desarrollo nuclear a cambio de un alivio de las sanciones.<\/p>\n<p>Mg (AFP, Reuters)<\/p>\n<\/p>\n<\/div>\n\n","protected":false},"excerpt":{"rendered":"<p>Ir\u00e1n respondi\u00f3 formalmente a la carta enviada por el presidente estadounidense, Donald Trump, en la que invit\u00f3 a Teher\u00e1n a negociar sobre su programa nuclear, indic\u00f3 este jueves (27.03.2025) el jefe de la diplomacia iran\u00ed a la agencia oficial Irna. Trump restableci\u00f3 su pol\u00edtica de \u00abm\u00e1xima presi\u00f3n\u00bb contra Ir\u00e1n tras su regreso a la Casa &hellip;<\/p>\n","protected":false},"author":1,"featured_media":20486,"comment_status":"open","ping_status":"open","sticky":false,"template":"","format":"standard","meta":{"fifu_image_url":"https:\/\/static.dw.com\/image\/70857532_6.jpg","fifu_image_alt":"","footnotes":""},"categories":[13],"tags":[],"class_list":["post-20485","post","type-post","status-publish","format-standard","has-post-thumbnail","","category-mundo"],"_links":{"self":[{"href":"https:\/\/noticiasveraces.com\/index.php?rest_route=\/wp\/v2\/posts\/20485","targetHints":{"allow":["GET"]}}],"collection":[{"href":"https:\/\/noticiasveraces.com\/index.php?rest_route=\/wp\/v2\/posts"}],"about":[{"href":"https:\/\/noticiasveraces.com\/index.php?rest_route=\/wp\/v2\/types\/post"}],"author":[{"embeddable":true,"href":"https:\/\/noticiasveraces.com\/index.php?rest_route=\/wp\/v2\/users\/1"}],"replies":[{"embeddable":true,"href":"https:\/\/noticiasveraces.com\/index.php?rest_route=%2Fwp%2Fv2%2Fcomments&post=20485"}],"version-history":[{"count":0,"href":"https:\/\/noticiasveraces.com\/index.php?rest_route=\/wp\/v2\/posts\/20485\/revisions"}],"wp:featuredmedia":[{"embeddable":true,"href":"https:\/\/noticiasveraces.com\/index.php?rest_route=\/wp\/v2\/media\/20486"}],"wp:attachment":[{"href":"https:\/\/noticiasveraces.com\/index.php?rest_route=%2Fwp%2Fv2%2Fmedia&parent=20485"}],"wp:term":[{"taxonomy":"category","embeddable":true,"href":"https:\/\/noticiasveraces.com\/index.php?rest_route=%2Fwp%2Fv2%2Fcategories&post=20485"},{"taxonomy":"post_tag","embeddable":true,"href":"https:\/\/noticiasveraces.com\/index.php?rest_route=%2Fwp%2Fv2%2Ftags&post=20485"}],"curies":[{"name":"wp","href":"https:\/\/api.w.org\/{rel}","templated":true}]}}